{"id":113304,"date":"2025-10-01T09:00:13","date_gmt":"2025-10-01T15:00:13","guid":{"rendered":"https:\/\/elmetropolitano.com.gt\/es\/?p=113304"},"modified":"2025-10-01T09:00:14","modified_gmt":"2025-10-01T15:00:14","slug":"tribunal-absuelve-a-10-acusados-de-narcotrafico-por-errores-en-la-investigacion-del-mp","status":"publish","type":"post","link":"https:\/\/elmetropolitano.com.gt\/es\/tribunal-absuelve-a-10-acusados-de-narcotrafico-por-errores-en-la-investigacion-del-mp\/","title":{"rendered":"Tribunal absuelve a 10 acusados de narcotr\u00e1fico por errores en la investigaci\u00f3n del MP"},"content":{"rendered":"\n<p><a><\/a>El Tribunal S\u00e9ptimo de Sentencia Penal resolvi\u00f3 absolver a 10 personas se\u00f1aladas de integrar la estructura criminal conocida como Guatesur 1, presuntamente vinculada al narcotr\u00e1fico. La decisi\u00f3n se tom\u00f3 debido a errores en la investigaci\u00f3n y a lo que la juzgadora calific\u00f3 como incapacidad del Ministerio P\u00fablico (MP) para sostener las acusaciones presentadas en el proceso.<\/p>\n\n\n\n<p>Durante la audiencia, la jueza encargada del caso orden\u00f3 que los se\u00f1alados que permanecen en prisi\u00f3n preventiva recuperen su libertad de forma inmediata, con la condici\u00f3n de que no enfrenten otros procesos penales. La resoluci\u00f3n marca un giro en un expediente que hab\u00eda sido considerado relevante por la magnitud de los cargos planteados.<\/p><div class=\"elmet-contenido\" id=\"elmet-637196354\"><div class=\"elmet-adlabel\">Anuncios<\/div><div style=\"margin-top: 20px;margin-right: 20px;margin-bottom: 20px;margin-left: 20px;\" id=\"elmet-2906721881\"><a href=\"https:\/\/www.facebook.com\/arrincuanantigua\/\" aria-label=\"cintillo-arrin-cual\"><img loading=\"lazy\" decoding=\"async\" src=\"https:\/\/elmetropolitano.com.gt\/es\/wp-content\/uploads\/2021\/11\/cintillo-arrin-cual-1.jpg\" alt=\"\"  srcset=\"https:\/\/elmetropolitano.com.gt\/es\/wp-content\/uploads\/2021\/11\/cintillo-arrin-cual-1.jpg 750w, https:\/\/elmetropolitano.com.gt\/es\/wp-content\/uploads\/2021\/11\/cintillo-arrin-cual-1-300x36.jpg 300w, https:\/\/elmetropolitano.com.gt\/es\/wp-content\/uploads\/2021\/11\/cintillo-arrin-cual-1-600x72.jpg 600w\" sizes=\"(max-width: 750px) 100vw, 750px\" width=\"750\" height=\"90\"   \/><\/a><\/div><\/div>\n\n\n\n<p>A las v\u00edctimas que se encuentran en prisi\u00f3n preventiva se procede a ordenar la inmediata libertad, siempre y cuando no est\u00e9n sujetos a otro proceso penal.<\/p>\n\n\n\n<p>Los absueltos<\/p>\n\n\n\n<p>Los hombres que se beneficiaron con esta resoluci\u00f3n son:<\/p>\n\n\n\n<p>Iv\u00e1n Romero V\u00e1squez<\/p>\n\n\n\n<p>Hamilton Mario Laquita Vel\u00e1zquez<\/p>\n\n\n\n<p>Alberto Mazariegos G\u00f3mez<\/p>\n\n\n\n<p>Carlos Alfredo Zamora D\u00edaz<\/p>\n\n\n\n<p>Brian Hern\u00e1ndez Maldonado<\/p>\n\n\n\n<p>Juan Carlos Maldonado Castro<\/p>\n\n\n\n<p>Wilfred Ochoa Rodr\u00edguez<\/p>\n\n\n\n<p>Ever Celestino P\u00e9rez Chanchavac<\/p>\n\n\n\n<p>Wilber Uriel Villar P\u00e9rez<\/p>\n\n\n\n<p>Milton Iv\u00e1n Reyna<\/p>\n\n\n\n<p>Seg\u00fan lo expresado en la sentencia, la investigaci\u00f3n del MP present\u00f3 inconsistencias que impidieron sustentar de manera adecuada los se\u00f1alamientos de narcotr\u00e1fico contra los acusados.<\/p>\n\n\n\n<p>Texto: Lincy Rodr\u00edguez<\/p>\n\n\n\n<p><a href=\"https:\/\/www.facebook.com\/hashtag\/metroredes?__cft__[0]=AZXKUTtf9aC0d59VeBgypTJL8vLY1O5VcXvfiiBARPflQnd-TU8Q6HZ0bC38ZmdsC1NlWtVRu2PDKNBSSiJomuNeKNKSBDfCfHYaCsv78vz7y0n0XnLwg3VFyRmCWylb3AisVsZtYvH-jLBdyb6j8ac6KGuPHxZZY5IGpkDqcNjC0n6wM8n0zeQ-ns7ZL-KVVjI&amp;__tn__=*NK-R\">#Metroredes<\/a><a href=\"https:\/\/www.facebook.com\/hashtag\/mpfuerteyfirme?__cft__[0]=AZXKUTtf9aC0d59VeBgypTJL8vLY1O5VcXvfiiBARPflQnd-TU8Q6HZ0bC38ZmdsC1NlWtVRu2PDKNBSSiJomuNeKNKSBDfCfHYaCsv78vz7y0n0XnLwg3VFyRmCWylb3AisVsZtYvH-jLBdyb6j8ac6KGuPHxZZY5IGpkDqcNjC0n6wM8n0zeQ-ns7ZL-KVVjI&amp;__tn__=*NK-R\">#MPfuerteYfirme<\/a><\/p>\n","protected":false},"excerpt":{"rendered":"<p>El Tribunal S\u00e9ptimo de Sentencia Penal resolvi\u00f3 absolver a 10 personas se\u00f1aladas de integrar la estructura criminal conocida como Guatesur 1, presuntamente vinculada al narcotr\u00e1fico. La decisi\u00f3n se tom\u00f3 debido a errores en la investigaci\u00f3n y a lo que la juzgadora calific\u00f3 como incapacidad del Ministerio P\u00fablico (MP) para sostener las acusaciones presentadas en el <a class=\"read-more\" href=\"https:\/\/elmetropolitano.com.gt\/es\/tribunal-absuelve-a-10-acusados-de-narcotrafico-por-errores-en-la-investigacion-del-mp\/\">Leer m\u00e1s<\/a><\/p>\n","protected":false},"author":1,"featured_media":113305,"comment_status":"open","ping_status":"closed","sticky":false,"template":"","format":"standard","meta":{"footnotes":""},"categories":[2],"tags":[12],"class_list":["post-113304","post","type-post","status-publish","format-standard","has-post-thumbnail","hentry","category-nacionales","tag-nacionales"],"_links":{"self":[{"href":"https:\/\/elmetropolitano.com.gt\/es\/wp-json\/wp\/v2\/posts\/113304","targetHints":{"allow":["GET"]}}],"collection":[{"href":"https:\/\/elmetropolitano.com.gt\/es\/wp-json\/wp\/v2\/posts"}],"about":[{"href":"https:\/\/elmetropolitano.com.gt\/es\/wp-json\/wp\/v2\/types\/post"}],"author":[{"embeddable":true,"href":"https:\/\/elmetropolitano.com.gt\/es\/wp-json\/wp\/v2\/users\/1"}],"replies":[{"embeddable":true,"href":"https:\/\/elmetropolitano.com.gt\/es\/wp-json\/wp\/v2\/comments?post=113304"}],"version-history":[{"count":1,"href":"https:\/\/elmetropolitano.com.gt\/es\/wp-json\/wp\/v2\/posts\/113304\/revisions"}],"predecessor-version":[{"id":113306,"href":"https:\/\/elmetropolitano.com.gt\/es\/wp-json\/wp\/v2\/posts\/113304\/revisions\/113306"}],"wp:featuredmedia":[{"embeddable":true,"href":"https:\/\/elmetropolitano.com.gt\/es\/wp-json\/wp\/v2\/media\/113305"}],"wp:attachment":[{"href":"https:\/\/elmetropolitano.com.gt\/es\/wp-json\/wp\/v2\/media?parent=113304"}],"wp:term":[{"taxonomy":"category","embeddable":true,"href":"https:\/\/elmetropolitano.com.gt\/es\/wp-json\/wp\/v2\/categories?post=113304"},{"taxonomy":"post_tag","embeddable":true,"href":"https:\/\/elmetropolitano.com.gt\/es\/wp-json\/wp\/v2\/tags?post=113304"}],"curies":[{"name":"wp","href":"https:\/\/api.w.org\/{rel}","templated":true}]}}