{"id":113336,"date":"2025-10-01T12:07:56","date_gmt":"2025-10-01T18:07:56","guid":{"rendered":"https:\/\/elmetropolitano.com.gt\/es\/?p=113336"},"modified":"2025-10-01T12:07:57","modified_gmt":"2025-10-01T18:07:57","slug":"ministerio-de-salud-alerta-sobre-brote-del-virus-mano-boca-pie-en-sacatepequez","status":"publish","type":"post","link":"https:\/\/elmetropolitano.com.gt\/es\/ministerio-de-salud-alerta-sobre-brote-del-virus-mano-boca-pie-en-sacatepequez\/","title":{"rendered":"Ministerio de Salud alerta sobre brote del virus mano-boca-pie en Sacatep\u00e9quez"},"content":{"rendered":"\n<p>El Ministerio de Salud P\u00fablica y Asistencia Social (MSPAS) inform\u00f3 a la poblaci\u00f3n tras confirmarse un brote del virus mano-boca-pie en el departamento de Sacatep\u00e9quez, principalmente en los municipios de Santiago y San Lucas. La enfermedad afecta en su mayor\u00eda a ni\u00f1os menores de cinco a\u00f1os, por lo que se recomienda extremar medidas de higiene y acudir de inmediato al m\u00e9dico en caso de presentar s\u00edntomas.<\/p>\n\n\n\n<p>S\u00edntomas iniciales en ni\u00f1os<\/p><div class=\"elmet-contenido\" id=\"elmet-2436763198\"><div class=\"elmet-adlabel\">Anuncios<\/div><div style=\"margin-top: 20px;margin-right: 20px;margin-bottom: 20px;margin-left: 20px;\" id=\"elmet-2782073430\"><a href=\"https:\/\/www.facebook.com\/arrincuanantigua\/\" aria-label=\"cintillo-arrin-cual\"><img loading=\"lazy\" decoding=\"async\" src=\"https:\/\/elmetropolitano.com.gt\/es\/wp-content\/uploads\/2021\/11\/cintillo-arrin-cual-1.jpg\" alt=\"\"  srcset=\"https:\/\/elmetropolitano.com.gt\/es\/wp-content\/uploads\/2021\/11\/cintillo-arrin-cual-1.jpg 750w, https:\/\/elmetropolitano.com.gt\/es\/wp-content\/uploads\/2021\/11\/cintillo-arrin-cual-1-300x36.jpg 300w, https:\/\/elmetropolitano.com.gt\/es\/wp-content\/uploads\/2021\/11\/cintillo-arrin-cual-1-600x72.jpg 600w\" sizes=\"(max-width: 750px) 100vw, 750px\" width=\"750\" height=\"90\"   \/><\/a><\/div><\/div>\n\n\n\n<p>Las autoridades sanitarias explicaron que los primeros signos de la infecci\u00f3n pueden confundirse con un resfriado com\u00fan, pues incluyen fiebre leve, dolor de garganta, p\u00e9rdida de apetito, dolor de cabeza y congesti\u00f3n nasal. No obstante, al cabo de los primeros d\u00edas suelen aparecer ampollas o erupciones en la boca, lengua, paladar, mejillas, as\u00ed como en las manos, pies o zona del pa\u00f1al.<\/p>\n\n\n\n<p>El per\u00edodo de incubaci\u00f3n habitual va de tres a cinco d\u00edas, y los s\u00edntomas pueden prolongarse hasta por 10. En la mayor\u00eda de los casos, el curso de la enfermedad es leve y se resuelve sin complicaciones, aunque el diagn\u00f3stico temprano es clave para evitar riesgos.<\/p>\n\n\n\n<p>El MSPAS enfatiz\u00f3 que no existe un tratamiento espec\u00edfico contra este virus, por lo que el manejo m\u00e9dico se centra en controlar la fiebre o el dolor, garantizar una adecuada hidrataci\u00f3n y promover el reposo. La cartera recalc\u00f3 que la prevenci\u00f3n es fundamental para contener la propagaci\u00f3n, siendo el lavado frecuente de manos y la desinfecci\u00f3n de superficies u objetos medidas esenciales.<\/p>\n\n\n\n<p>La transmisi\u00f3n ocurre a trav\u00e9s de secreciones respiratorias, saliva, l\u00edquido de las ampollas, heces o por contacto con objetos contaminados, como cubiertos y juguetes. Por ello, las autoridades instaron a los padres de familia y cuidadores a reforzar la higiene en el entorno de los menores.<\/p>\n\n\n\n<p>Cifras del brote<\/p>\n\n\n\n<p>De acuerdo con la Direcci\u00f3n Departamental Redes Integradas de Servicios de Salud, hasta ahora se contabilizan 133 casos confirmados en Sacatep\u00e9quez. Del total, 54 corresponden a hombres y 59 a mujeres. La mayor incidencia se concentra en menores de 0 a 9 a\u00f1os, quienes representan 97 de los contagios reportados.<\/p>\n\n\n\n<p>Los municipios m\u00e1s afectados son Santiago Sacatep\u00e9quez, con 27 casos, y San Lucas Sacatep\u00e9quez, con 26. En La Antigua Guatemala se registran 20. Hasta el momento, no se reportan fallecimientos relacionados con esta infecci\u00f3n viral.<\/p>\n\n\n\n<p>Texto Lincy Rodr\u00edguez<\/p>\n\n\n\n<p>#virus #sanlucas #metroredes <a href=\"http:\/\/www.elmetropolitano.com.gt\">www.elmetropolitano.com.gt<\/a> <a href=\"http:\/\/www.metroredes.com\">www.metroredes.com<\/a><\/p>\n\n\n\n<figure class=\"wp-block-gallery has-nested-images columns-default is-cropped wp-block-gallery-1 is-layout-flex wp-block-gallery-is-layout-flex\">\n<figure class=\"wp-block-image size-large\"><img loading=\"lazy\" decoding=\"async\" width=\"750\" height=\"375\" data-id=\"113338\" src=\"https:\/\/elmetropolitano.com.gt\/es\/wp-content\/uploads\/2025\/10\/Captura-de-pantalla-2025-10-01-102503-750x375-2.png\" alt=\"\" class=\"wp-image-113338\" srcset=\"https:\/\/elmetropolitano.com.gt\/es\/wp-content\/uploads\/2025\/10\/Captura-de-pantalla-2025-10-01-102503-750x375-2.png 750w, https:\/\/elmetropolitano.com.gt\/es\/wp-content\/uploads\/2025\/10\/Captura-de-pantalla-2025-10-01-102503-750x375-2-300x150.png 300w\" sizes=\"auto, (max-width: 750px) 100vw, 750px\" \/><\/figure>\n<\/figure>\n","protected":false},"excerpt":{"rendered":"<p>El Ministerio de Salud P\u00fablica y Asistencia Social (MSPAS) inform\u00f3 a la poblaci\u00f3n tras confirmarse un brote del virus mano-boca-pie en el departamento de Sacatep\u00e9quez, principalmente en los municipios de Santiago y San Lucas. La enfermedad afecta en su mayor\u00eda a ni\u00f1os menores de cinco a\u00f1os, por lo que se recomienda extremar medidas de higiene <a class=\"read-more\" href=\"https:\/\/elmetropolitano.com.gt\/es\/ministerio-de-salud-alerta-sobre-brote-del-virus-mano-boca-pie-en-sacatepequez\/\">Leer m\u00e1s<\/a><\/p>\n","protected":false},"author":1,"featured_media":113337,"comment_status":"open","ping_status":"closed","sticky":false,"template":"","format":"standard","meta":{"footnotes":""},"categories":[1],"tags":[],"class_list":["post-113336","post","type-post","status-publish","format-standard","has-post-thumbnail","hentry","category-uncategorized"],"_links":{"self":[{"href":"https:\/\/elmetropolitano.com.gt\/es\/wp-json\/wp\/v2\/posts\/113336","targetHints":{"allow":["GET"]}}],"collection":[{"href":"https:\/\/elmetropolitano.com.gt\/es\/wp-json\/wp\/v2\/posts"}],"about":[{"href":"https:\/\/elmetropolitano.com.gt\/es\/wp-json\/wp\/v2\/types\/post"}],"author":[{"embeddable":true,"href":"https:\/\/elmetropolitano.com.gt\/es\/wp-json\/wp\/v2\/users\/1"}],"replies":[{"embeddable":true,"href":"https:\/\/elmetropolitano.com.gt\/es\/wp-json\/wp\/v2\/comments?post=113336"}],"version-history":[{"count":1,"href":"https:\/\/elmetropolitano.com.gt\/es\/wp-json\/wp\/v2\/posts\/113336\/revisions"}],"predecessor-version":[{"id":113339,"href":"https:\/\/elmetropolitano.com.gt\/es\/wp-json\/wp\/v2\/posts\/113336\/revisions\/113339"}],"wp:featuredmedia":[{"embeddable":true,"href":"https:\/\/elmetropolitano.com.gt\/es\/wp-json\/wp\/v2\/media\/113337"}],"wp:attachment":[{"href":"https:\/\/elmetropolitano.com.gt\/es\/wp-json\/wp\/v2\/media?parent=113336"}],"wp:term":[{"taxonomy":"category","embeddable":true,"href":"https:\/\/elmetropolitano.com.gt\/es\/wp-json\/wp\/v2\/categories?post=113336"},{"taxonomy":"post_tag","embeddable":true,"href":"https:\/\/elmetropolitano.com.gt\/es\/wp-json\/wp\/v2\/tags?post=113336"}],"curies":[{"name":"wp","href":"https:\/\/api.w.org\/{rel}","templated":true}]}}