{"id":113381,"date":"2025-10-02T09:41:14","date_gmt":"2025-10-02T15:41:14","guid":{"rendered":"https:\/\/elmetropolitano.com.gt\/es\/?p=113381"},"modified":"2025-10-02T09:41:15","modified_gmt":"2025-10-02T15:41:15","slug":"gobierno-de-arevalo-atendera-mas-de-mil-kilometros-de-la-red-vial-este-ano","status":"publish","type":"post","link":"https:\/\/elmetropolitano.com.gt\/es\/gobierno-de-arevalo-atendera-mas-de-mil-kilometros-de-la-red-vial-este-ano\/","title":{"rendered":"Gobierno de Ar\u00e9valo atender\u00e1 m\u00e1s de mil kil\u00f3metros de la red vial este a\u00f1o"},"content":{"rendered":"\n<p><a><\/a>Durante La Ronda desarrollada en la isla de Flores, Pet\u00e9n, el presidente Bernardo Ar\u00e9valo, acompa\u00f1ado por el ministro de Comunicaciones, Infraestructura y Vivienda (CIV), Miguel \u00c1ngel D\u00edaz Bobadilla, inform\u00f3 sobre los trabajos en la red vial.<\/p>\n\n\n\n<p>Ar\u00e9valo adelant\u00f3 que este a\u00f1o se prev\u00e9 dar atenci\u00f3n a mil 100 kil\u00f3metros de carretera, de los cuales 550 corresponden a v\u00edas pavimentadas y 650 a rutas de terracer\u00eda. Adem\u00e1s, mencion\u00f3 que 6 tramos est\u00e1n actualmente en construcci\u00f3n a cargo de la Direcci\u00f3n General de Caminos.<\/p><div class=\"elmet-contenido\" id=\"elmet-3877165559\"><div class=\"elmet-adlabel\">Anuncios<\/div><div style=\"margin-top: 20px;margin-right: 20px;margin-bottom: 20px;margin-left: 20px;\" id=\"elmet-3776578170\"><a href=\"https:\/\/www.facebook.com\/arrincuanantigua\/\" aria-label=\"cintillo-arrin-cual\"><img loading=\"lazy\" decoding=\"async\" src=\"https:\/\/elmetropolitano.com.gt\/es\/wp-content\/uploads\/2021\/11\/cintillo-arrin-cual-1.jpg\" alt=\"\"  srcset=\"https:\/\/elmetropolitano.com.gt\/es\/wp-content\/uploads\/2021\/11\/cintillo-arrin-cual-1.jpg 750w, https:\/\/elmetropolitano.com.gt\/es\/wp-content\/uploads\/2021\/11\/cintillo-arrin-cual-1-300x36.jpg 300w, https:\/\/elmetropolitano.com.gt\/es\/wp-content\/uploads\/2021\/11\/cintillo-arrin-cual-1-600x72.jpg 600w\" sizes=\"(max-width: 750px) 100vw, 750px\" width=\"750\" height=\"90\"   \/><\/a><\/div><\/div>\n\n\n\n<p>El gobernante destac\u00f3 los trabajos en la ruta que conecta Flores con Melchor de Mencos, en la frontera con Belice, y el tramo que conduce desde la cabecera municipal de Las Cruces hacia el puerto fronterizo del caser\u00edo Bethel, en el mismo municipio.<\/p>\n\n\n\n<p>Resalt\u00f3 que ambas v\u00edas son estrat\u00e9gicas por su relevancia en el tr\u00e1nsito de turistas y mercanc\u00edas, provenientes principalmente de Belice y M\u00e9xico.<\/p>\n\n\n\n<p>Por su parte, el ministro D\u00edaz Bobadilla ampli\u00f3 los detalles t\u00e9cnicos. Explic\u00f3 que en el tramo de Las Cruces hacia Bethel los trabajos tienen un avance del 70.61 %.<\/p>\n\n\n\n<p>Asimismo, confirm\u00f3 que desde esta semana dieron inicio al mantenimiento de la red vial en todo el departamento. Agreg\u00f3 que sostuvo un di\u00e1logo con alcaldes peteneros, quienes plantearon la urgencia de estas obras.<\/p>\n\n\n\n<p>A partir del d\u00eda de ayer se inici\u00f3 el mantenimiento de toda la red vial del Pet\u00e9n y hoy arranca tambi\u00e9n a nivel nacional.<\/p>\n\n\n\n<p>Seg\u00fan lo planificado, los trabajos de rehabilitaci\u00f3n y mantenimiento se extender\u00e1n por aproximadamente diez meses. El ministro asegur\u00f3 que, con estas acciones, el gobierno del presidente Ar\u00e9valo busca dar respuesta a las demandas hist\u00f3ricas de las comunidades y avanzar hacia una red vial que favorezca el desarrollo y el turismo en todo el pa\u00eds.<\/p>\n\n\n\n<p>Trabajo tras el rescate del CIV<\/p>\n\n\n\n<p>En su intervenci\u00f3n, el presidente Ar\u00e9valo reiter\u00f3 que los retos en la red vial son producto del abandono hist\u00f3rico y de pr\u00e1cticas de corrupci\u00f3n de gobiernos anteriores, pero que su administraci\u00f3n sigue haciendo frente para paliar las condiciones heredadas.<\/p>\n\n\n\n<p>Estamos enfrentando una situaci\u00f3n que es producto del abandono que durante d\u00e9cadas se tuvo de la red carretera del pa\u00eds, la combinaci\u00f3n entre incompetencia y corrupci\u00f3n. Eso ha dejado una brecha que ahora nosotros estamos atendiendo.<\/p>\n\n\n\n<p>El gobernante a\u00f1adi\u00f3 que el Ministerio de Comunicaciones hab\u00eda sido utilizado como caja chica de la corrupci\u00f3n, lo cual retras\u00f3 los avances y atenci\u00f3n de la red vial durante a\u00f1os. Sin embargo, asegur\u00f3 que la instituci\u00f3n ya est\u00e1 en proceso de recuperaci\u00f3n y ejecuci\u00f3n de proyectos.<\/p>\n\n\n\n<p>Texto: Lincy Rodr\u00edguez<\/p>\n\n\n\n<p><a href=\"https:\/\/www.facebook.com\/hashtag\/civ?__cft__[0]=AZU214pZruM0fWzwAt53ZHBJnuWzbglyas4I1VtvLNacMtiCETPla1mpeeqks5Q0W2a7y4Ve0XOJkNy5Fi18WnF5EeAZsC-jlIwDshu9_p0I1CsAYjIrbLxG8SsUvr2Gnp_WAOgygQ_gYsfats-x0_aoMCdtyX44yEqknGJyxLExOMZX0P3o7JzxY84LrkpySC0&amp;__tn__=*NK-R\">#CIV<\/a><a href=\"https:\/\/www.facebook.com\/hashtag\/covial?__cft__[0]=AZU214pZruM0fWzwAt53ZHBJnuWzbglyas4I1VtvLNacMtiCETPla1mpeeqks5Q0W2a7y4Ve0XOJkNy5Fi18WnF5EeAZsC-jlIwDshu9_p0I1CsAYjIrbLxG8SsUvr2Gnp_WAOgygQ_gYsfats-x0_aoMCdtyX44yEqknGJyxLExOMZX0P3o7JzxY84LrkpySC0&amp;__tn__=*NK-R\">#Covial<\/a><a href=\"https:\/\/www.facebook.com\/hashtag\/metroredes?__cft__[0]=AZU214pZruM0fWzwAt53ZHBJnuWzbglyas4I1VtvLNacMtiCETPla1mpeeqks5Q0W2a7y4Ve0XOJkNy5Fi18WnF5EeAZsC-jlIwDshu9_p0I1CsAYjIrbLxG8SsUvr2Gnp_WAOgygQ_gYsfats-x0_aoMCdtyX44yEqknGJyxLExOMZX0P3o7JzxY84LrkpySC0&amp;__tn__=*NK-R\">#metroredes<\/a><\/p>\n","protected":false},"excerpt":{"rendered":"<p>Durante La Ronda desarrollada en la isla de Flores, Pet\u00e9n, el presidente Bernardo Ar\u00e9valo, acompa\u00f1ado por el ministro de Comunicaciones, Infraestructura y Vivienda (CIV), Miguel \u00c1ngel D\u00edaz Bobadilla, inform\u00f3 sobre los trabajos en la red vial. Ar\u00e9valo adelant\u00f3 que este a\u00f1o se prev\u00e9 dar atenci\u00f3n a mil 100 kil\u00f3metros de carretera, de los cuales 550 <a class=\"read-more\" href=\"https:\/\/elmetropolitano.com.gt\/es\/gobierno-de-arevalo-atendera-mas-de-mil-kilometros-de-la-red-vial-este-ano\/\">Leer m\u00e1s<\/a><\/p>\n","protected":false},"author":1,"featured_media":113382,"comment_status":"open","ping_status":"closed","sticky":false,"template":"","format":"standard","meta":{"footnotes":""},"categories":[2],"tags":[12],"class_list":["post-113381","post","type-post","status-publish","format-standard","has-post-thumbnail","hentry","category-nacionales","tag-nacionales"],"_links":{"self":[{"href":"https:\/\/elmetropolitano.com.gt\/es\/wp-json\/wp\/v2\/posts\/113381","targetHints":{"allow":["GET"]}}],"collection":[{"href":"https:\/\/elmetropolitano.com.gt\/es\/wp-json\/wp\/v2\/posts"}],"about":[{"href":"https:\/\/elmetropolitano.com.gt\/es\/wp-json\/wp\/v2\/types\/post"}],"author":[{"embeddable":true,"href":"https:\/\/elmetropolitano.com.gt\/es\/wp-json\/wp\/v2\/users\/1"}],"replies":[{"embeddable":true,"href":"https:\/\/elmetropolitano.com.gt\/es\/wp-json\/wp\/v2\/comments?post=113381"}],"version-history":[{"count":1,"href":"https:\/\/elmetropolitano.com.gt\/es\/wp-json\/wp\/v2\/posts\/113381\/revisions"}],"predecessor-version":[{"id":113383,"href":"https:\/\/elmetropolitano.com.gt\/es\/wp-json\/wp\/v2\/posts\/113381\/revisions\/113383"}],"wp:featuredmedia":[{"embeddable":true,"href":"https:\/\/elmetropolitano.com.gt\/es\/wp-json\/wp\/v2\/media\/113382"}],"wp:attachment":[{"href":"https:\/\/elmetropolitano.com.gt\/es\/wp-json\/wp\/v2\/media?parent=113381"}],"wp:term":[{"taxonomy":"category","embeddable":true,"href":"https:\/\/elmetropolitano.com.gt\/es\/wp-json\/wp\/v2\/categories?post=113381"},{"taxonomy":"post_tag","embeddable":true,"href":"https:\/\/elmetropolitano.com.gt\/es\/wp-json\/wp\/v2\/tags?post=113381"}],"curies":[{"name":"wp","href":"https:\/\/api.w.org\/{rel}","templated":true}]}}