{"id":113384,"date":"2025-10-02T09:43:40","date_gmt":"2025-10-02T15:43:40","guid":{"rendered":"https:\/\/elmetropolitano.com.gt\/es\/?p=113384"},"modified":"2025-10-02T09:43:41","modified_gmt":"2025-10-02T15:43:41","slug":"pnc-captura-a-ocho-deportados","status":"publish","type":"post","link":"https:\/\/elmetropolitano.com.gt\/es\/pnc-captura-a-ocho-deportados\/","title":{"rendered":"PNC captura a ocho deportados"},"content":{"rendered":"\n<p><a><\/a>Ocho hombres fueron capturados la tarde de este mi\u00e9rcoles luego de ser deportados por Estados Unidos, dichas detenciones fueron efectuadas por equipos de DEIC-SAFE (Unidad encargada de localizar a pr\u00f3fugos de la justicia).<\/p>\n\n\n\n<p>Los detenidos:<\/p><div class=\"elmet-contenido\" id=\"elmet-2630830257\"><div class=\"elmet-adlabel\">Anuncios<\/div><div style=\"margin-top: 20px;margin-right: 20px;margin-bottom: 20px;margin-left: 20px;\" id=\"elmet-3734190075\"><a href=\"https:\/\/www.facebook.com\/arrincuanantigua\/\" aria-label=\"cintillo-arrin-cual\"><img loading=\"lazy\" decoding=\"async\" src=\"https:\/\/elmetropolitano.com.gt\/es\/wp-content\/uploads\/2021\/11\/cintillo-arrin-cual-1.jpg\" alt=\"\"  srcset=\"https:\/\/elmetropolitano.com.gt\/es\/wp-content\/uploads\/2021\/11\/cintillo-arrin-cual-1.jpg 750w, https:\/\/elmetropolitano.com.gt\/es\/wp-content\/uploads\/2021\/11\/cintillo-arrin-cual-1-300x36.jpg 300w, https:\/\/elmetropolitano.com.gt\/es\/wp-content\/uploads\/2021\/11\/cintillo-arrin-cual-1-600x72.jpg 600w\" sizes=\"(max-width: 750px) 100vw, 750px\" width=\"750\" height=\"90\"   \/><\/a><\/div><\/div>\n\n\n\n<p>Bonerges El\u00ed Alvisurez Marroqu\u00edn, de 36 a\u00f1os, por violaci\u00f3n a solicitud de un juzgado de Pet\u00e9n desde el 14 de enero de 2020 y cohecho activo el 28 de octubre del mismo a\u00f1o.<\/p>\n\n\n\n<p>Desiderio de Jes\u00fas Orantes Gonz\u00e1lez, de 29 a\u00f1os, por violaci\u00f3n, girada en noviembre de 2018 por un juzgado de Santa Rosa.<\/p>\n\n\n\n<p>Anastacio Ju\u00e1rez L\u00f3pez, de 36 a\u00f1os, por responsabilidad de conductores, a solicitud de un juzgado de Chinautla, diciembre de 2023.<\/p>\n\n\n\n<p>Carmelo Nicol\u00e1s Garc\u00eda L\u00f3pez ,de 41 a\u00f1os, por negaci\u00f3n de asistencia econ\u00f3mica, septiembre 2025 emitida por un juzgado de San Marcos.<\/p>\n\n\n\n<p>Andr\u00e9s Jim\u00e9nez Juan, de 23 a\u00f1os, por violencia contra la mujer en su manifestaci\u00f3n f\u00edsica en el \u00e1mbito privado girada en febrero de 2024 por un juzgado de Quetzaltenango.<\/p>\n\n\n\n<p>Reyes Bautista Cruz, de 39 a\u00f1os, dos \u00f3rdenes de captura por violencia contra la mujer en su manifestaci\u00f3n f\u00edsica, emitidas por un juzgado de San Marcos en septiembre de 2017 y mayo de 2023.<\/p>\n\n\n\n<p>Edson Yulandi Rodas Castillo, de 34 a\u00f1os, por lesiones leves, agosto de 2012 por un juzgado de Huehuetenango<\/p>\n\n\n\n<p>Carlos Rub\u00e9n Hern\u00e1ndez S\u00e1nchez, de 50 a\u00f1os, por disparos con arma de fuego y lesiones leves en concurso ideal, en marzo de 2012, por un juzgado de Guatemala.<\/p>\n\n\n\n<p><a href=\"https:\/\/www.facebook.com\/hashtag\/pncdeguatemala?__cft__[0]=AZXVg097naSc4R8Cul-NeqskM4pUVLgK8Cvc9RM4dAKlGzJyA-3TotQRCL63cS_pKqtYg-_bUf2NKvUBex12TS9JCUdGIE9kb9ToPeAwIlIwQsgzz3FMau4lgiaBrivsgbYN75gETz0P4LA8DFX6yInQ&amp;__tn__=*NK-R\">#PNCdeGuatemala<\/a><a href=\"https:\/\/www.facebook.com\/hashtag\/metroredes?__cft__[0]=AZXVg097naSc4R8Cul-NeqskM4pUVLgK8Cvc9RM4dAKlGzJyA-3TotQRCL63cS_pKqtYg-_bUf2NKvUBex12TS9JCUdGIE9kb9ToPeAwIlIwQsgzz3FMau4lgiaBrivsgbYN75gETz0P4LA8DFX6yInQ&amp;__tn__=*NK-R\">#metroredes<\/a><\/p>\n","protected":false},"excerpt":{"rendered":"<p>Ocho hombres fueron capturados la tarde de este mi\u00e9rcoles luego de ser deportados por Estados Unidos, dichas detenciones fueron efectuadas por equipos de DEIC-SAFE (Unidad encargada de localizar a pr\u00f3fugos de la justicia). Los detenidos: Bonerges El\u00ed Alvisurez Marroqu\u00edn, de 36 a\u00f1os, por violaci\u00f3n a solicitud de un juzgado de Pet\u00e9n desde el 14 de <a class=\"read-more\" href=\"https:\/\/elmetropolitano.com.gt\/es\/pnc-captura-a-ocho-deportados\/\">Leer m\u00e1s<\/a><\/p>\n","protected":false},"author":1,"featured_media":113385,"comment_status":"open","ping_status":"closed","sticky":false,"template":"","format":"standard","meta":{"footnotes":""},"categories":[2],"tags":[12],"class_list":["post-113384","post","type-post","status-publish","format-standard","has-post-thumbnail","hentry","category-nacionales","tag-nacionales"],"_links":{"self":[{"href":"https:\/\/elmetropolitano.com.gt\/es\/wp-json\/wp\/v2\/posts\/113384","targetHints":{"allow":["GET"]}}],"collection":[{"href":"https:\/\/elmetropolitano.com.gt\/es\/wp-json\/wp\/v2\/posts"}],"about":[{"href":"https:\/\/elmetropolitano.com.gt\/es\/wp-json\/wp\/v2\/types\/post"}],"author":[{"embeddable":true,"href":"https:\/\/elmetropolitano.com.gt\/es\/wp-json\/wp\/v2\/users\/1"}],"replies":[{"embeddable":true,"href":"https:\/\/elmetropolitano.com.gt\/es\/wp-json\/wp\/v2\/comments?post=113384"}],"version-history":[{"count":1,"href":"https:\/\/elmetropolitano.com.gt\/es\/wp-json\/wp\/v2\/posts\/113384\/revisions"}],"predecessor-version":[{"id":113386,"href":"https:\/\/elmetropolitano.com.gt\/es\/wp-json\/wp\/v2\/posts\/113384\/revisions\/113386"}],"wp:featuredmedia":[{"embeddable":true,"href":"https:\/\/elmetropolitano.com.gt\/es\/wp-json\/wp\/v2\/media\/113385"}],"wp:attachment":[{"href":"https:\/\/elmetropolitano.com.gt\/es\/wp-json\/wp\/v2\/media?parent=113384"}],"wp:term":[{"taxonomy":"category","embeddable":true,"href":"https:\/\/elmetropolitano.com.gt\/es\/wp-json\/wp\/v2\/categories?post=113384"},{"taxonomy":"post_tag","embeddable":true,"href":"https:\/\/elmetropolitano.com.gt\/es\/wp-json\/wp\/v2\/tags?post=113384"}],"curies":[{"name":"wp","href":"https:\/\/api.w.org\/{rel}","templated":true}]}}