{"id":113401,"date":"2025-10-02T12:09:27","date_gmt":"2025-10-02T18:09:27","guid":{"rendered":"https:\/\/elmetropolitano.com.gt\/es\/?p=113401"},"modified":"2025-10-02T12:09:28","modified_gmt":"2025-10-02T18:09:28","slug":"presidente-arevalo-llama-en-peten-a-profundizar-proteccion-del-medio-ambiente-y-patrimonio-natural","status":"publish","type":"post","link":"https:\/\/elmetropolitano.com.gt\/es\/presidente-arevalo-llama-en-peten-a-profundizar-proteccion-del-medio-ambiente-y-patrimonio-natural\/","title":{"rendered":"Presidente Ar\u00e9valo llama en Pet\u00e9n a profundizar protecci\u00f3n del medio ambiente y patrimonio natural"},"content":{"rendered":"\n<p>El presidente Bernardo Ar\u00e9valo, en gira de trabajo por el departamento de Pet\u00e9n, ratific\u00f3 este mi\u00e9rcoles la protecci\u00f3n del medio ambiente y los recursos naturales como un asunto prioritario del Gobierno y rechaz\u00f3 que este objetivo se cumpla con una ley reci\u00e9n aprobada en el Congreso.<\/p>\n\n\n\n<p>El Gobierno atiende con prioridad y dedica tiempo a uno de los temas centrales del pa\u00eds, y que es de importancia singular para el departamento de Pet\u00e9n, como es la preservaci\u00f3n del medio ambiente, indic\u00f3.<\/p><div class=\"elmet-contenido\" id=\"elmet-3843570543\"><div class=\"elmet-adlabel\">Anuncios<\/div><div style=\"margin-top: 20px;margin-right: 20px;margin-bottom: 20px;margin-left: 20px;\" id=\"elmet-482313576\"><a href=\"https:\/\/www.facebook.com\/arrincuanantigua\/\" aria-label=\"cintillo-arrin-cual\"><img loading=\"lazy\" decoding=\"async\" src=\"https:\/\/elmetropolitano.com.gt\/es\/wp-content\/uploads\/2021\/11\/cintillo-arrin-cual-1.jpg\" alt=\"\"  srcset=\"https:\/\/elmetropolitano.com.gt\/es\/wp-content\/uploads\/2021\/11\/cintillo-arrin-cual-1.jpg 750w, https:\/\/elmetropolitano.com.gt\/es\/wp-content\/uploads\/2021\/11\/cintillo-arrin-cual-1-300x36.jpg 300w, https:\/\/elmetropolitano.com.gt\/es\/wp-content\/uploads\/2021\/11\/cintillo-arrin-cual-1-600x72.jpg 600w\" sizes=\"(max-width: 750px) 100vw, 750px\" width=\"750\" height=\"90\"   \/><\/a><\/div><\/div>\n\n\n\n<p>Destac\u00f3 que el martes, en el primero de los dos d\u00edas de la gira de trabajo, se firmaron cuatro acuerdos con comunidades de Pet\u00e9n, con lo que ya suman nueve los convenios de protecci\u00f3n de los recursos naturales de la regi\u00f3n.<\/p>\n\n\n\n<p>Los nueve acuerdos de cooperaci\u00f3n se han establecido entre el Consejo Nacional de \u00c1reas Protegidas (Conap) y las comunidades del sur de Pet\u00e9n, con el fin de fortalecer las acciones de protecci\u00f3n de la riqueza natural de nuestro pa\u00eds.<\/p>\n\n\n\n<p>Precis\u00f3 que 557 familias que forman parte del acuerdo podr\u00e1n habitar y usar de manera sostenible los recursos de una regi\u00f3n de ocho mil 400 hect\u00e1reas de \u00e1reas protegidas.<\/p>\n\n\n\n<p>Las familias se encargar\u00e1n de vigilar y proteger los recursos, amenazadas por incendios, saqueo del patrimonio. Es decir, deber\u00e1n mantener la zona libre de todo tipo de actividad que da\u00f1e a la biodiversidad del pa\u00eds.<\/p>\n\n\n\n<p>Nuevo convenio para prevenir la conflictividad<\/p>\n\n\n\n<p>Inform\u00f3 que este mi\u00e9rcoles se tiene prevista la firma de un convenio de trabajo entre la Comisi\u00f3n Presidencial para la Prevenci\u00f3n de la Conflictividad y la Mesa Interinstitucional de Tierras y Ambiente.<\/p>\n\n\n\n<p>El convenio entre las autoridades y la instancia que re\u00fane a organizaciones de la sociedad civil, acad\u00e9micas e instituciones p\u00fablicas, tiene el fin de impulsar acciones para evitar y corregir posibles conflictos por tierras y actividades en \u00e1reas bajo protecci\u00f3n ecol\u00f3gica.<\/p>\n\n\n\n<p>El Gobierno promueve la mayor protecci\u00f3n de ese gran patrimonio natural de nuestro pa\u00eds, recalc\u00f3 el presidente Ar\u00e9valo, quien se refiri\u00f3 a prop\u00f3sito a la iniciativa de la Declaraci\u00f3n de la Gran Selva Maya, que acordaron el mes pasado los gobiernos de Guatemala, Belice y M\u00e9xico para la preservaci\u00f3n de un bien que comparten los tres pa\u00edses.<\/p>\n\n\n\n<p>La Gran Selva Maya y sus entornos aleda\u00f1os constituyen un pulm\u00f3n imprescindible para el sostenimiento de la vida en la tierra, asever\u00f3 el presidente Ar\u00e9valo.<\/p>\n\n\n\n<p>Reiter\u00f3 que la presencia regulada y el manejo sostenible de los bienes naturales de Pet\u00e9n por parte de las comunidades beneficiadas, contribuye a protegernos de las consecuencias m\u00e1s graves del cambio clim\u00e1tico y, adem\u00e1s, previene la presencia del crimen organizado en la zona.<\/p>\n\n\n\n<p>Aprueban ley que va contra mejoramiento del medio ambiente<\/p>\n\n\n\n<p>El presidente Ar\u00e9valo lament\u00f3 que, mientras tanto, el martes, 83 diputados aprobaran una mal llamada Ley de Protecci\u00f3n y Mejoramiento del Medio Ambiente.<\/p>\n\n\n\n<p>Mal llamada porque poco protege y nada mejora, sostuvo, en referencia a la ley aprobada por el Congreso de la Rep\u00fablica, la cual rebaja todos los est\u00e1ndares ambientales al eliminar la obligaci\u00f3n de realizar estudios de impacto ambiental para proyectos municipales, estatales, religiosos y de organizaciones sin fines de lucro.<\/p>\n\n\n\n<p>El pa\u00eds nos pide avanzar e innovar en las formas como podemos involucrarnos todos en la protecci\u00f3n del medio ambiente, y la respuesta no es sacar una legislaci\u00f3n\u201d, cuya intenci\u00f3n pareciera la de \u201cpoder operar sin ning\u00fan tipo de controles, recalc\u00f3.<\/p>\n\n\n\n<p>El presidente habl\u00f3 en la conferencia de prensa La Ronda al concluir este mi\u00e9rcoles la gira de trabajo de dos d\u00edas al departamento de Pet\u00e9n de la iniciativa \u201cA Tu Tierra y Trabajando Junto al Pueblo\u201d.<\/p>\n\n\n\n<p>Texto Pablo Reyna<\/p>\n\n\n\n<p>#peten #medioambiente #metroredes <a href=\"http:\/\/www.elmetropolitano.com.gt\">www.elmetropolitano.com.gt<\/a>&nbsp; <a href=\"http:\/\/www.metroredes.com\">www.metroredes.com<\/a> <a href=\"http:\/\/www.elescuintleco.com\">www.elescuintleco.com<\/a><\/p>\n","protected":false},"excerpt":{"rendered":"<p>El presidente Bernardo Ar\u00e9valo, en gira de trabajo por el departamento de Pet\u00e9n, ratific\u00f3 este mi\u00e9rcoles la protecci\u00f3n del medio ambiente y los recursos naturales como un asunto prioritario del Gobierno y rechaz\u00f3 que este objetivo se cumpla con una ley reci\u00e9n aprobada en el Congreso. El Gobierno atiende con prioridad y dedica tiempo a <a class=\"read-more\" href=\"https:\/\/elmetropolitano.com.gt\/es\/presidente-arevalo-llama-en-peten-a-profundizar-proteccion-del-medio-ambiente-y-patrimonio-natural\/\">Leer m\u00e1s<\/a><\/p>\n","protected":false},"author":1,"featured_media":113402,"comment_status":"open","ping_status":"closed","sticky":false,"template":"","format":"standard","meta":{"footnotes":""},"categories":[4],"tags":[13],"class_list":["post-113401","post","type-post","status-publish","format-standard","has-post-thumbnail","hentry","category-departamentales","tag-departamentales"],"_links":{"self":[{"href":"https:\/\/elmetropolitano.com.gt\/es\/wp-json\/wp\/v2\/posts\/113401","targetHints":{"allow":["GET"]}}],"collection":[{"href":"https:\/\/elmetropolitano.com.gt\/es\/wp-json\/wp\/v2\/posts"}],"about":[{"href":"https:\/\/elmetropolitano.com.gt\/es\/wp-json\/wp\/v2\/types\/post"}],"author":[{"embeddable":true,"href":"https:\/\/elmetropolitano.com.gt\/es\/wp-json\/wp\/v2\/users\/1"}],"replies":[{"embeddable":true,"href":"https:\/\/elmetropolitano.com.gt\/es\/wp-json\/wp\/v2\/comments?post=113401"}],"version-history":[{"count":1,"href":"https:\/\/elmetropolitano.com.gt\/es\/wp-json\/wp\/v2\/posts\/113401\/revisions"}],"predecessor-version":[{"id":113403,"href":"https:\/\/elmetropolitano.com.gt\/es\/wp-json\/wp\/v2\/posts\/113401\/revisions\/113403"}],"wp:featuredmedia":[{"embeddable":true,"href":"https:\/\/elmetropolitano.com.gt\/es\/wp-json\/wp\/v2\/media\/113402"}],"wp:attachment":[{"href":"https:\/\/elmetropolitano.com.gt\/es\/wp-json\/wp\/v2\/media?parent=113401"}],"wp:term":[{"taxonomy":"category","embeddable":true,"href":"https:\/\/elmetropolitano.com.gt\/es\/wp-json\/wp\/v2\/categories?post=113401"},{"taxonomy":"post_tag","embeddable":true,"href":"https:\/\/elmetropolitano.com.gt\/es\/wp-json\/wp\/v2\/tags?post=113401"}],"curies":[{"name":"wp","href":"https:\/\/api.w.org\/{rel}","templated":true}]}}