{"id":113422,"date":"2025-10-02T14:49:43","date_gmt":"2025-10-02T20:49:43","guid":{"rendered":"https:\/\/elmetropolitano.com.gt\/es\/?p=113422"},"modified":"2025-10-02T14:49:44","modified_gmt":"2025-10-02T20:49:44","slug":"mineduc-entrega-249-contratos-021-a-docentes-en-escuintla","status":"publish","type":"post","link":"https:\/\/elmetropolitano.com.gt\/es\/mineduc-entrega-249-contratos-021-a-docentes-en-escuintla\/","title":{"rendered":"Mineduc entrega 249 contratos 021 a docentes en Escuintla"},"content":{"rendered":"\n<p>El Ministerio de Educaci\u00f3n (Mineduc), por medio de la Direcci\u00f3n Departamental de Educaci\u00f3n (Dideduc) de Escuintla, oficializ\u00f3 este d\u00eda la entrega de 249 contratos bajo el rengl\u00f3n 021 a maestras y maestros que participaron en la convocatoria No. 01-2025.<\/p>\n\n\n\n<p>Los docentes contratados se integrar\u00e1n a partir de hoy a distintos centros educativos distribuidos en los 14 municipios del departamento, cubriendo niveles de ense\u00f1anza desde preprimaria hasta diversificado, en \u00e1reas con mayor necesidad de cobertura educativa.<\/p><div class=\"elmet-contenido\" id=\"elmet-280489255\"><div class=\"elmet-adlabel\">Anuncios<\/div><div style=\"margin-top: 20px;margin-right: 20px;margin-bottom: 20px;margin-left: 20px;\" id=\"elmet-2734617365\"><a href=\"https:\/\/www.facebook.com\/arrincuanantigua\/\" aria-label=\"cintillo-arrin-cual\"><img loading=\"lazy\" decoding=\"async\" src=\"https:\/\/elmetropolitano.com.gt\/es\/wp-content\/uploads\/2021\/11\/cintillo-arrin-cual-1.jpg\" alt=\"\"  srcset=\"https:\/\/elmetropolitano.com.gt\/es\/wp-content\/uploads\/2021\/11\/cintillo-arrin-cual-1.jpg 750w, https:\/\/elmetropolitano.com.gt\/es\/wp-content\/uploads\/2021\/11\/cintillo-arrin-cual-1-300x36.jpg 300w, https:\/\/elmetropolitano.com.gt\/es\/wp-content\/uploads\/2021\/11\/cintillo-arrin-cual-1-600x72.jpg 600w\" sizes=\"(max-width: 750px) 100vw, 750px\" width=\"750\" height=\"90\"   \/><\/a><\/div><\/div>\n\n\n\n<p>Esta contrataci\u00f3n representa un avance importante en los esfuerzos por garantizar el derecho a la educaci\u00f3n de ni\u00f1as, ni\u00f1os y adolescentes en el departamento. Las autoridades educativas destacaron que esta acci\u00f3n busca fortalecer la calidad del proceso de ense\u00f1anza-aprendizaje, asegurando la presencia de educadores calificados en las aulas donde m\u00e1s se necesitan.<\/p>\n\n\n\n<p>El compromiso<\/p>\n\n\n\n<p>Con la incorporaci\u00f3n de estos 249 docentes, estamos respondiendo a una necesidad sentida de las comunidades y reafirmamos nuestro compromiso con una educaci\u00f3n inclusiva y de calidad, se\u00f1al\u00f3 un representante de la Dideduc durante el acto de entrega de contratos.<\/p>\n\n\n\n<p>Adem\u00e1s de atender la demanda educativa, esta iniciativa permite reducir brechas en cobertura y apoyar la permanencia escolar en zonas vulnerables, donde hist\u00f3ricamente se han registrado limitaciones en el acceso a servicios educativos.<\/p>\n\n\n\n<p>El Mineduc contin\u00faa trabajando para ampliar oportunidades educativas en todo el pa\u00eds, con \u00e9nfasis en la equidad, la calidad y la cobertura, pilares fundamentales para el desarrollo integral de la ni\u00f1ez y juventud guatemaltecas.<\/p>\n\n\n\n<p>#maestros #metroredes www.elmetropolitano.com.gt www.metroredes.com www.elescuintleco.com<\/p>\n\n\n\n<figure class=\"wp-block-gallery has-nested-images columns-default is-cropped wp-block-gallery-1 is-layout-flex wp-block-gallery-is-layout-flex\">\n<figure class=\"wp-block-image size-large\"><img loading=\"lazy\" decoding=\"async\" width=\"1024\" height=\"683\" data-id=\"113425\" src=\"https:\/\/elmetropolitano.com.gt\/es\/wp-content\/uploads\/2025\/10\/556073376_4033453030318396_5111322451739177470_n-1-1024x683.jpg\" alt=\"\" class=\"wp-image-113425\" srcset=\"https:\/\/elmetropolitano.com.gt\/es\/wp-content\/uploads\/2025\/10\/556073376_4033453030318396_5111322451739177470_n-1-1024x683.jpg 1024w, https:\/\/elmetropolitano.com.gt\/es\/wp-content\/uploads\/2025\/10\/556073376_4033453030318396_5111322451739177470_n-1-300x200.jpg 300w, https:\/\/elmetropolitano.com.gt\/es\/wp-content\/uploads\/2025\/10\/556073376_4033453030318396_5111322451739177470_n-1-768x512.jpg 768w, https:\/\/elmetropolitano.com.gt\/es\/wp-content\/uploads\/2025\/10\/556073376_4033453030318396_5111322451739177470_n-1-1536x1024.jpg 1536w, https:\/\/elmetropolitano.com.gt\/es\/wp-content\/uploads\/2025\/10\/556073376_4033453030318396_5111322451739177470_n-1.jpg 2048w\" sizes=\"auto, (max-width: 1024px) 100vw, 1024px\" \/><\/figure>\n\n\n\n<figure class=\"wp-block-image size-large\"><img loading=\"lazy\" decoding=\"async\" width=\"1024\" height=\"683\" data-id=\"113424\" src=\"https:\/\/elmetropolitano.com.gt\/es\/wp-content\/uploads\/2025\/10\/557619613_4033453523651680_7091068303409389783_n-1024x683.jpg\" alt=\"\" class=\"wp-image-113424\" srcset=\"https:\/\/elmetropolitano.com.gt\/es\/wp-content\/uploads\/2025\/10\/557619613_4033453523651680_7091068303409389783_n-1024x683.jpg 1024w, https:\/\/elmetropolitano.com.gt\/es\/wp-content\/uploads\/2025\/10\/557619613_4033453523651680_7091068303409389783_n-300x200.jpg 300w, https:\/\/elmetropolitano.com.gt\/es\/wp-content\/uploads\/2025\/10\/557619613_4033453523651680_7091068303409389783_n-768x512.jpg 768w, https:\/\/elmetropolitano.com.gt\/es\/wp-content\/uploads\/2025\/10\/557619613_4033453523651680_7091068303409389783_n-1536x1024.jpg 1536w, https:\/\/elmetropolitano.com.gt\/es\/wp-content\/uploads\/2025\/10\/557619613_4033453523651680_7091068303409389783_n.jpg 2048w\" sizes=\"auto, (max-width: 1024px) 100vw, 1024px\" \/><\/figure>\n\n\n\n<figure class=\"wp-block-image size-large\"><img loading=\"lazy\" decoding=\"async\" width=\"1024\" height=\"683\" data-id=\"113426\" src=\"https:\/\/elmetropolitano.com.gt\/es\/wp-content\/uploads\/2025\/10\/557626298_4033451200318579_8680769947172615031_n-1024x683.jpg\" alt=\"\" class=\"wp-image-113426\" srcset=\"https:\/\/elmetropolitano.com.gt\/es\/wp-content\/uploads\/2025\/10\/557626298_4033451200318579_8680769947172615031_n-1024x683.jpg 1024w, https:\/\/elmetropolitano.com.gt\/es\/wp-content\/uploads\/2025\/10\/557626298_4033451200318579_8680769947172615031_n-300x200.jpg 300w, https:\/\/elmetropolitano.com.gt\/es\/wp-content\/uploads\/2025\/10\/557626298_4033451200318579_8680769947172615031_n-768x512.jpg 768w, https:\/\/elmetropolitano.com.gt\/es\/wp-content\/uploads\/2025\/10\/557626298_4033451200318579_8680769947172615031_n-1536x1024.jpg 1536w, https:\/\/elmetropolitano.com.gt\/es\/wp-content\/uploads\/2025\/10\/557626298_4033451200318579_8680769947172615031_n.jpg 2048w\" sizes=\"auto, (max-width: 1024px) 100vw, 1024px\" \/><\/figure>\n<\/figure>\n","protected":false},"excerpt":{"rendered":"<p>El Ministerio de Educaci\u00f3n (Mineduc), por medio de la Direcci\u00f3n Departamental de Educaci\u00f3n (Dideduc) de Escuintla, oficializ\u00f3 este d\u00eda la entrega de 249 contratos bajo el rengl\u00f3n 021 a maestras y maestros que participaron en la convocatoria No. 01-2025. Los docentes contratados se integrar\u00e1n a partir de hoy a distintos centros educativos distribuidos en los <a class=\"read-more\" href=\"https:\/\/elmetropolitano.com.gt\/es\/mineduc-entrega-249-contratos-021-a-docentes-en-escuintla\/\">Leer m\u00e1s<\/a><\/p>\n","protected":false},"author":1,"featured_media":113423,"comment_status":"open","ping_status":"closed","sticky":false,"template":"","format":"standard","meta":{"footnotes":""},"categories":[4],"tags":[13],"class_list":["post-113422","post","type-post","status-publish","format-standard","has-post-thumbnail","hentry","category-departamentales","tag-departamentales"],"_links":{"self":[{"href":"https:\/\/elmetropolitano.com.gt\/es\/wp-json\/wp\/v2\/posts\/113422","targetHints":{"allow":["GET"]}}],"collection":[{"href":"https:\/\/elmetropolitano.com.gt\/es\/wp-json\/wp\/v2\/posts"}],"about":[{"href":"https:\/\/elmetropolitano.com.gt\/es\/wp-json\/wp\/v2\/types\/post"}],"author":[{"embeddable":true,"href":"https:\/\/elmetropolitano.com.gt\/es\/wp-json\/wp\/v2\/users\/1"}],"replies":[{"embeddable":true,"href":"https:\/\/elmetropolitano.com.gt\/es\/wp-json\/wp\/v2\/comments?post=113422"}],"version-history":[{"count":1,"href":"https:\/\/elmetropolitano.com.gt\/es\/wp-json\/wp\/v2\/posts\/113422\/revisions"}],"predecessor-version":[{"id":113427,"href":"https:\/\/elmetropolitano.com.gt\/es\/wp-json\/wp\/v2\/posts\/113422\/revisions\/113427"}],"wp:featuredmedia":[{"embeddable":true,"href":"https:\/\/elmetropolitano.com.gt\/es\/wp-json\/wp\/v2\/media\/113423"}],"wp:attachment":[{"href":"https:\/\/elmetropolitano.com.gt\/es\/wp-json\/wp\/v2\/media?parent=113422"}],"wp:term":[{"taxonomy":"category","embeddable":true,"href":"https:\/\/elmetropolitano.com.gt\/es\/wp-json\/wp\/v2\/categories?post=113422"},{"taxonomy":"post_tag","embeddable":true,"href":"https:\/\/elmetropolitano.com.gt\/es\/wp-json\/wp\/v2\/tags?post=113422"}],"curies":[{"name":"wp","href":"https:\/\/api.w.org\/{rel}","templated":true}]}}