{"id":113433,"date":"2025-10-03T13:17:40","date_gmt":"2025-10-03T19:17:40","guid":{"rendered":"https:\/\/elmetropolitano.com.gt\/es\/?p=113433"},"modified":"2025-10-03T13:17:40","modified_gmt":"2025-10-03T19:17:40","slug":"dos-presuntos-asaltantes-son-capturados","status":"publish","type":"post","link":"https:\/\/elmetropolitano.com.gt\/es\/dos-presuntos-asaltantes-son-capturados\/","title":{"rendered":"Dos presuntos asaltantes son capturados"},"content":{"rendered":"\n<p><a><\/a>En la colonia El Esfuerzo 1, zona 5 de Escuintla, fueron detenidos Jos\u00e9 Manuel Valenzuela Woltkede 20 a\u00f1os y Cristofer Alexander L\u00f3pez L\u00f3pez de 22, denunciados y sindicados por dos hombres que momentos antes los hab\u00edan asaltado; los detenidos se conduc\u00edan en un veh\u00edculo con placa P043FYC, adem\u00e1s se les incaut\u00f3 una pistola de gas comprimido con la amenazaban a las v\u00edctimas para despojar de sus pertenencias y tel\u00e9fonos que hab\u00edan robado.<\/p>\n\n\n\n<p><a href=\"https:\/\/www.facebook.com\/hashtag\/pncdeguatemala?__cft__[0]=AZVToU0MKpZGOUnHBoLWo8650wNvCJcr0jerUI2BG6HdgWEwMSYQH_1XnFfrmh884aHXCc0h6vlBk4lx2CKrZ3QIhwvM0doZRey20q-Q2ShegXhVBnjcJQFKdOKaAASyHx7Xp1wEaCB4e9R0zFYpPr-NeGvwrMvNR-W5JHa9DeBOoPmmBwH3g4rPWqFYlfNl2rg&amp;__tn__=*NK-R\">#PNCdeGuatemala<\/a><a href=\"https:\/\/www.facebook.com\/hashtag\/metroredes?__cft__[0]=AZVToU0MKpZGOUnHBoLWo8650wNvCJcr0jerUI2BG6HdgWEwMSYQH_1XnFfrmh884aHXCc0h6vlBk4lx2CKrZ3QIhwvM0doZRey20q-Q2ShegXhVBnjcJQFKdOKaAASyHx7Xp1wEaCB4e9R0zFYpPr-NeGvwrMvNR-W5JHa9DeBOoPmmBwH3g4rPWqFYlfNl2rg&amp;__tn__=*NK-R\">#metroredes<\/a> #Escuintla <a href=\"https:\/\/www.facebook.com\/hashtag\/pncenacci%C3%B3n?__cft__[0]=AZVToU0MKpZGOUnHBoLWo8650wNvCJcr0jerUI2BG6HdgWEwMSYQH_1XnFfrmh884aHXCc0h6vlBk4lx2CKrZ3QIhwvM0doZRey20q-Q2ShegXhVBnjcJQFKdOKaAASyHx7Xp1wEaCB4e9R0zFYpPr-NeGvwrMvNR-W5JHa9DeBOoPmmBwH3g4rPWqFYlfNl2rg&amp;__tn__=*NK-R\">#PNCenAcci\u00f3n<\/a><\/p><div class=\"elmet-contenido\" id=\"elmet-4048785746\"><div class=\"elmet-adlabel\">Anuncios<\/div><div style=\"margin-top: 20px;margin-right: 20px;margin-bottom: 20px;margin-left: 20px;\" id=\"elmet-1480105608\"><a href=\"https:\/\/www.facebook.com\/arrincuanantigua\/\" aria-label=\"cintillo-arrin-cual\"><img loading=\"lazy\" decoding=\"async\" src=\"https:\/\/elmetropolitano.com.gt\/es\/wp-content\/uploads\/2021\/11\/cintillo-arrin-cual-1.jpg\" alt=\"\"  srcset=\"https:\/\/elmetropolitano.com.gt\/es\/wp-content\/uploads\/2021\/11\/cintillo-arrin-cual-1.jpg 750w, https:\/\/elmetropolitano.com.gt\/es\/wp-content\/uploads\/2021\/11\/cintillo-arrin-cual-1-300x36.jpg 300w, https:\/\/elmetropolitano.com.gt\/es\/wp-content\/uploads\/2021\/11\/cintillo-arrin-cual-1-600x72.jpg 600w\" sizes=\"(max-width: 750px) 100vw, 750px\" width=\"750\" height=\"90\"   \/><\/a><\/div><\/div>\n\n\n\n<figure class=\"wp-block-gallery has-nested-images columns-default is-cropped wp-block-gallery-1 is-layout-flex wp-block-gallery-is-layout-flex\">\n<figure class=\"wp-block-image size-large\"><img loading=\"lazy\" decoding=\"async\" width=\"657\" height=\"861\" data-id=\"113436\" src=\"https:\/\/elmetropolitano.com.gt\/es\/wp-content\/uploads\/2025\/10\/557256703_1344089354383811_5177700947898284649_n.jpg\" alt=\"\" class=\"wp-image-113436\" srcset=\"https:\/\/elmetropolitano.com.gt\/es\/wp-content\/uploads\/2025\/10\/557256703_1344089354383811_5177700947898284649_n.jpg 657w, https:\/\/elmetropolitano.com.gt\/es\/wp-content\/uploads\/2025\/10\/557256703_1344089354383811_5177700947898284649_n-229x300.jpg 229w\" sizes=\"auto, (max-width: 657px) 100vw, 657px\" \/><\/figure>\n\n\n\n<figure class=\"wp-block-image size-large\"><img loading=\"lazy\" decoding=\"async\" width=\"750\" height=\"720\" data-id=\"113438\" src=\"https:\/\/elmetropolitano.com.gt\/es\/wp-content\/uploads\/2025\/10\/557595319_1344089364383810_7791810152321327987_n-1.jpg\" alt=\"\" class=\"wp-image-113438\" srcset=\"https:\/\/elmetropolitano.com.gt\/es\/wp-content\/uploads\/2025\/10\/557595319_1344089364383810_7791810152321327987_n-1.jpg 750w, https:\/\/elmetropolitano.com.gt\/es\/wp-content\/uploads\/2025\/10\/557595319_1344089364383810_7791810152321327987_n-1-300x288.jpg 300w\" sizes=\"auto, (max-width: 750px) 100vw, 750px\" \/><\/figure>\n\n\n\n<figure class=\"wp-block-image size-large\"><img loading=\"lazy\" decoding=\"async\" width=\"662\" height=\"626\" data-id=\"113435\" src=\"https:\/\/elmetropolitano.com.gt\/es\/wp-content\/uploads\/2025\/10\/558434584_1344089401050473_4296861807208822959_n.jpg\" alt=\"\" class=\"wp-image-113435\" srcset=\"https:\/\/elmetropolitano.com.gt\/es\/wp-content\/uploads\/2025\/10\/558434584_1344089401050473_4296861807208822959_n.jpg 662w, https:\/\/elmetropolitano.com.gt\/es\/wp-content\/uploads\/2025\/10\/558434584_1344089401050473_4296861807208822959_n-300x284.jpg 300w\" sizes=\"auto, (max-width: 662px) 100vw, 662px\" \/><\/figure>\n\n\n\n<figure class=\"wp-block-image size-large\"><img loading=\"lazy\" decoding=\"async\" width=\"1024\" height=\"576\" data-id=\"113437\" src=\"https:\/\/elmetropolitano.com.gt\/es\/wp-content\/uploads\/2025\/10\/558541255_1344089561050457_6008456277346524152_n-1024x576.jpg\" alt=\"\" class=\"wp-image-113437\" srcset=\"https:\/\/elmetropolitano.com.gt\/es\/wp-content\/uploads\/2025\/10\/558541255_1344089561050457_6008456277346524152_n-1024x576.jpg 1024w, https:\/\/elmetropolitano.com.gt\/es\/wp-content\/uploads\/2025\/10\/558541255_1344089561050457_6008456277346524152_n-300x169.jpg 300w, https:\/\/elmetropolitano.com.gt\/es\/wp-content\/uploads\/2025\/10\/558541255_1344089561050457_6008456277346524152_n-768x432.jpg 768w, https:\/\/elmetropolitano.com.gt\/es\/wp-content\/uploads\/2025\/10\/558541255_1344089561050457_6008456277346524152_n.jpg 1280w\" sizes=\"auto, (max-width: 1024px) 100vw, 1024px\" \/><\/figure>\n<\/figure>\n","protected":false},"excerpt":{"rendered":"<p>En la colonia El Esfuerzo 1, zona 5 de Escuintla, fueron detenidos Jos\u00e9 Manuel Valenzuela Woltkede 20 a\u00f1os y Cristofer Alexander L\u00f3pez L\u00f3pez de 22, denunciados y sindicados por dos hombres que momentos antes los hab\u00edan asaltado; los detenidos se conduc\u00edan en un veh\u00edculo con placa P043FYC, adem\u00e1s se les incaut\u00f3 una pistola de gas <a class=\"read-more\" href=\"https:\/\/elmetropolitano.com.gt\/es\/dos-presuntos-asaltantes-son-capturados\/\">Leer m\u00e1s<\/a><\/p>\n","protected":false},"author":1,"featured_media":113434,"comment_status":"open","ping_status":"closed","sticky":false,"template":"","format":"standard","meta":{"footnotes":""},"categories":[4],"tags":[13],"class_list":["post-113433","post","type-post","status-publish","format-standard","has-post-thumbnail","hentry","category-departamentales","tag-departamentales"],"_links":{"self":[{"href":"https:\/\/elmetropolitano.com.gt\/es\/wp-json\/wp\/v2\/posts\/113433","targetHints":{"allow":["GET"]}}],"collection":[{"href":"https:\/\/elmetropolitano.com.gt\/es\/wp-json\/wp\/v2\/posts"}],"about":[{"href":"https:\/\/elmetropolitano.com.gt\/es\/wp-json\/wp\/v2\/types\/post"}],"author":[{"embeddable":true,"href":"https:\/\/elmetropolitano.com.gt\/es\/wp-json\/wp\/v2\/users\/1"}],"replies":[{"embeddable":true,"href":"https:\/\/elmetropolitano.com.gt\/es\/wp-json\/wp\/v2\/comments?post=113433"}],"version-history":[{"count":1,"href":"https:\/\/elmetropolitano.com.gt\/es\/wp-json\/wp\/v2\/posts\/113433\/revisions"}],"predecessor-version":[{"id":113439,"href":"https:\/\/elmetropolitano.com.gt\/es\/wp-json\/wp\/v2\/posts\/113433\/revisions\/113439"}],"wp:featuredmedia":[{"embeddable":true,"href":"https:\/\/elmetropolitano.com.gt\/es\/wp-json\/wp\/v2\/media\/113434"}],"wp:attachment":[{"href":"https:\/\/elmetropolitano.com.gt\/es\/wp-json\/wp\/v2\/media?parent=113433"}],"wp:term":[{"taxonomy":"category","embeddable":true,"href":"https:\/\/elmetropolitano.com.gt\/es\/wp-json\/wp\/v2\/categories?post=113433"},{"taxonomy":"post_tag","embeddable":true,"href":"https:\/\/elmetropolitano.com.gt\/es\/wp-json\/wp\/v2\/tags?post=113433"}],"curies":[{"name":"wp","href":"https:\/\/api.w.org\/{rel}","templated":true}]}}