{"id":113460,"date":"2025-10-03T13:34:12","date_gmt":"2025-10-03T19:34:12","guid":{"rendered":"https:\/\/elmetropolitano.com.gt\/es\/?p=113460"},"modified":"2025-10-03T13:34:12","modified_gmt":"2025-10-03T19:34:12","slug":"provial-presenta-el-proyecto-servidores-por-la-educacion-vial-2026-con-jovenes-de-el-progreso","status":"publish","type":"post","link":"https:\/\/elmetropolitano.com.gt\/es\/provial-presenta-el-proyecto-servidores-por-la-educacion-vial-2026-con-jovenes-de-el-progreso\/","title":{"rendered":"Provial presenta el proyecto \u201cServidores por la Educaci\u00f3n Vial 2026\u201d con j\u00f3venes de El Progreso"},"content":{"rendered":"\n<p><a><\/a>El Ministerio de Comunicaciones, Infraestructura y Vivienda -CIV-, por medio del director de la Direcci\u00f3n General de Protecci\u00f3n y Seguridad Vial -Provial-, Wilner Gald\u00e1mez, present\u00f3 en la IV Sesi\u00f3n Ordinaria de la Junta Nacional del Servicio C\u00edvico 2025 el proyecto \u201cServidores por la Educaci\u00f3n Vial 2026\u201d.<\/p>\n\n\n\n<p>Este programa contempla que, a partir del 2026, 50 j\u00f3venes -servidores c\u00edvicos- de los municipios de San Crist\u00f3bal Acasaguastl\u00e1n y El J\u00edcaro, ambos en el departamento de El Progreso, participen en un proceso de formaci\u00f3n integral en educaci\u00f3n y seguridad vial.<\/p><div class=\"elmet-contenido\" id=\"elmet-2252840431\"><div class=\"elmet-adlabel\">Anuncios<\/div><div style=\"margin-top: 20px;margin-right: 20px;margin-bottom: 20px;margin-left: 20px;\" id=\"elmet-1547880080\"><a href=\"https:\/\/www.facebook.com\/arrincuanantigua\/\" aria-label=\"cintillo-arrin-cual\"><img loading=\"lazy\" decoding=\"async\" src=\"https:\/\/elmetropolitano.com.gt\/es\/wp-content\/uploads\/2021\/11\/cintillo-arrin-cual-1.jpg\" alt=\"\"  srcset=\"https:\/\/elmetropolitano.com.gt\/es\/wp-content\/uploads\/2021\/11\/cintillo-arrin-cual-1.jpg 750w, https:\/\/elmetropolitano.com.gt\/es\/wp-content\/uploads\/2021\/11\/cintillo-arrin-cual-1-300x36.jpg 300w, https:\/\/elmetropolitano.com.gt\/es\/wp-content\/uploads\/2021\/11\/cintillo-arrin-cual-1-600x72.jpg 600w\" sizes=\"(max-width: 750px) 100vw, 750px\" width=\"750\" height=\"90\"   \/><\/a><\/div><\/div>\n\n\n\n<p>Durante cinco meses, los j\u00f3venes recibir\u00e1n capacitaciones te\u00f3ricas y pr\u00e1cticas, con el prop\u00f3sito de fortalecer una cultura de prevenci\u00f3n y responsabilidad en las carreteras.<\/p>\n\n\n\n<p>Posteriormente, cada servidor c\u00edvico replicar\u00e1 lo aprendido en sus comunidades, compartiendo conocimientos con ni\u00f1os, j\u00f3venes y adultos mediante charlas, redes sociales, materiales gr\u00e1ficos y actividades municipales.<\/p>\n\n\n\n<p>El objetivo central del proyecto es sensibilizar a la poblaci\u00f3n y reducir los accidentes de tr\u00e1nsito, logrando que la educaci\u00f3n vial se convierta en un tema prioritario en estos municipios.<\/p>\n\n\n\n<p>La ejecuci\u00f3n del programa ser\u00e1 en una \u00fanica fase, del 6 de abril al 12 de agosto de 2026, con un total de 728 horas de formaci\u00f3n por servidor, lo cual refleja el alto compromiso de Provial en prevenir incidentes viales y salvar vidas.<\/p>\n\n\n\n<p>En Provial creemos que el esfuerzo, liderazgo y compromiso de nuestros servidores c\u00edvicos generar\u00e1 un impacto duradero en la seguridad vial de San Crist\u00f3bal Acasaguastl\u00e1n y El J\u00edcaro.<\/p>\n\n\n\n<p><a href=\"https:\/\/www.facebook.com\/hashtag\/provial?__cft__[0]=AZXFfuh863ehlwyxCIRVwr3rGw7enEFafpVoH3DhxQEq-4l7SABqyL81mZLwaAQcGORvIDGliPVAHI_SGZCA4vL5Yg5b2GoDgL7shZgEpVGQZ9J1odtb3I26V2Fou2zVAoozmLI32jQS03vClhCB2FJ9n21fZIJ00UhHaNBNf8eT4gN1pE_EGXH4xpYRwiCK9jlKQ-5fgtwNV1wiAVGuDjQEdRD8VOxrajz2F5N9RgwrDw&amp;__tn__=*NK-y-R\">#ProVial<\/a><a href=\"https:\/\/www.facebook.com\/hashtag\/civ?__cft__[0]=AZXFfuh863ehlwyxCIRVwr3rGw7enEFafpVoH3DhxQEq-4l7SABqyL81mZLwaAQcGORvIDGliPVAHI_SGZCA4vL5Yg5b2GoDgL7shZgEpVGQZ9J1odtb3I26V2Fou2zVAoozmLI32jQS03vClhCB2FJ9n21fZIJ00UhHaNBNf8eT4gN1pE_EGXH4xpYRwiCK9jlKQ-5fgtwNV1wiAVGuDjQEdRD8VOxrajz2F5N9RgwrDw&amp;__tn__=*NK-y-R\">#CIV<\/a><a href=\"https:\/\/www.facebook.com\/hashtag\/metroredes?__cft__[0]=AZXFfuh863ehlwyxCIRVwr3rGw7enEFafpVoH3DhxQEq-4l7SABqyL81mZLwaAQcGORvIDGliPVAHI_SGZCA4vL5Yg5b2GoDgL7shZgEpVGQZ9J1odtb3I26V2Fou2zVAoozmLI32jQS03vClhCB2FJ9n21fZIJ00UhHaNBNf8eT4gN1pE_EGXH4xpYRwiCK9jlKQ-5fgtwNV1wiAVGuDjQEdRD8VOxrajz2F5N9RgwrDw&amp;__tn__=*NK-y-R\">#metroredes<\/a><\/p>\n\n\n\n<figure class=\"wp-block-gallery has-nested-images columns-default is-cropped wp-block-gallery-1 is-layout-flex wp-block-gallery-is-layout-flex\">\n<figure class=\"wp-block-image size-large\"><img loading=\"lazy\" decoding=\"async\" width=\"1024\" height=\"683\" data-id=\"113463\" src=\"https:\/\/elmetropolitano.com.gt\/es\/wp-content\/uploads\/2025\/10\/556844829_1745416759728048_6963892076763305375_n-1024x683.jpg\" alt=\"\" class=\"wp-image-113463\" srcset=\"https:\/\/elmetropolitano.com.gt\/es\/wp-content\/uploads\/2025\/10\/556844829_1745416759728048_6963892076763305375_n-1024x683.jpg 1024w, https:\/\/elmetropolitano.com.gt\/es\/wp-content\/uploads\/2025\/10\/556844829_1745416759728048_6963892076763305375_n-300x200.jpg 300w, https:\/\/elmetropolitano.com.gt\/es\/wp-content\/uploads\/2025\/10\/556844829_1745416759728048_6963892076763305375_n-768x512.jpg 768w, https:\/\/elmetropolitano.com.gt\/es\/wp-content\/uploads\/2025\/10\/556844829_1745416759728048_6963892076763305375_n.jpg 1500w\" sizes=\"auto, (max-width: 1024px) 100vw, 1024px\" \/><\/figure>\n\n\n\n<figure class=\"wp-block-image size-large\"><img loading=\"lazy\" decoding=\"async\" width=\"1024\" height=\"647\" data-id=\"113466\" src=\"https:\/\/elmetropolitano.com.gt\/es\/wp-content\/uploads\/2025\/10\/556969594_1745416769728047_5786200532580225705_n-1024x647.jpg\" alt=\"\" class=\"wp-image-113466\" srcset=\"https:\/\/elmetropolitano.com.gt\/es\/wp-content\/uploads\/2025\/10\/556969594_1745416769728047_5786200532580225705_n-1024x647.jpg 1024w, https:\/\/elmetropolitano.com.gt\/es\/wp-content\/uploads\/2025\/10\/556969594_1745416769728047_5786200532580225705_n-300x190.jpg 300w, https:\/\/elmetropolitano.com.gt\/es\/wp-content\/uploads\/2025\/10\/556969594_1745416769728047_5786200532580225705_n-768x485.jpg 768w, https:\/\/elmetropolitano.com.gt\/es\/wp-content\/uploads\/2025\/10\/556969594_1745416769728047_5786200532580225705_n-1536x971.jpg 1536w, https:\/\/elmetropolitano.com.gt\/es\/wp-content\/uploads\/2025\/10\/556969594_1745416769728047_5786200532580225705_n.jpg 2048w\" sizes=\"auto, (max-width: 1024px) 100vw, 1024px\" \/><\/figure>\n\n\n\n<figure class=\"wp-block-image size-large\"><img loading=\"lazy\" decoding=\"async\" width=\"190\" height=\"127\" data-id=\"113462\" src=\"https:\/\/elmetropolitano.com.gt\/es\/wp-content\/uploads\/2025\/10\/557009036_1745415303061527_2645354597967923224_n.jpg\" alt=\"\" class=\"wp-image-113462\"\/><\/figure>\n\n\n\n<figure class=\"wp-block-image size-large\"><img loading=\"lazy\" decoding=\"async\" width=\"1024\" height=\"683\" data-id=\"113465\" src=\"https:\/\/elmetropolitano.com.gt\/es\/wp-content\/uploads\/2025\/10\/557357910_1745416713061386_1062306626339593502_n-1-1024x683.jpg\" alt=\"\" class=\"wp-image-113465\" srcset=\"https:\/\/elmetropolitano.com.gt\/es\/wp-content\/uploads\/2025\/10\/557357910_1745416713061386_1062306626339593502_n-1-1024x683.jpg 1024w, https:\/\/elmetropolitano.com.gt\/es\/wp-content\/uploads\/2025\/10\/557357910_1745416713061386_1062306626339593502_n-1-300x200.jpg 300w, https:\/\/elmetropolitano.com.gt\/es\/wp-content\/uploads\/2025\/10\/557357910_1745416713061386_1062306626339593502_n-1-768x512.jpg 768w, https:\/\/elmetropolitano.com.gt\/es\/wp-content\/uploads\/2025\/10\/557357910_1745416713061386_1062306626339593502_n-1.jpg 1500w\" sizes=\"auto, (max-width: 1024px) 100vw, 1024px\" \/><\/figure>\n\n\n\n<figure class=\"wp-block-image size-large\"><img loading=\"lazy\" decoding=\"async\" width=\"1024\" height=\"569\" data-id=\"113464\" src=\"https:\/\/elmetropolitano.com.gt\/es\/wp-content\/uploads\/2025\/10\/557710541_1745416709728053_160181602401059822_n-1024x569.jpg\" alt=\"\" class=\"wp-image-113464\" srcset=\"https:\/\/elmetropolitano.com.gt\/es\/wp-content\/uploads\/2025\/10\/557710541_1745416709728053_160181602401059822_n-1024x569.jpg 1024w, https:\/\/elmetropolitano.com.gt\/es\/wp-content\/uploads\/2025\/10\/557710541_1745416709728053_160181602401059822_n-300x167.jpg 300w, https:\/\/elmetropolitano.com.gt\/es\/wp-content\/uploads\/2025\/10\/557710541_1745416709728053_160181602401059822_n-768x426.jpg 768w, https:\/\/elmetropolitano.com.gt\/es\/wp-content\/uploads\/2025\/10\/557710541_1745416709728053_160181602401059822_n.jpg 1500w\" sizes=\"auto, (max-width: 1024px) 100vw, 1024px\" \/><\/figure>\n<\/figure>\n","protected":false},"excerpt":{"rendered":"<p>El Ministerio de Comunicaciones, Infraestructura y Vivienda -CIV-, por medio del director de la Direcci\u00f3n General de Protecci\u00f3n y Seguridad Vial -Provial-, Wilner Gald\u00e1mez, present\u00f3 en la IV Sesi\u00f3n Ordinaria de la Junta Nacional del Servicio C\u00edvico 2025 el proyecto \u201cServidores por la Educaci\u00f3n Vial 2026\u201d. Este programa contempla que, a partir del 2026, 50 <a class=\"read-more\" href=\"https:\/\/elmetropolitano.com.gt\/es\/provial-presenta-el-proyecto-servidores-por-la-educacion-vial-2026-con-jovenes-de-el-progreso\/\">Leer m\u00e1s<\/a><\/p>\n","protected":false},"author":1,"featured_media":113461,"comment_status":"open","ping_status":"closed","sticky":false,"template":"","format":"standard","meta":{"footnotes":""},"categories":[2],"tags":[12],"class_list":["post-113460","post","type-post","status-publish","format-standard","has-post-thumbnail","hentry","category-nacionales","tag-nacionales"],"_links":{"self":[{"href":"https:\/\/elmetropolitano.com.gt\/es\/wp-json\/wp\/v2\/posts\/113460","targetHints":{"allow":["GET"]}}],"collection":[{"href":"https:\/\/elmetropolitano.com.gt\/es\/wp-json\/wp\/v2\/posts"}],"about":[{"href":"https:\/\/elmetropolitano.com.gt\/es\/wp-json\/wp\/v2\/types\/post"}],"author":[{"embeddable":true,"href":"https:\/\/elmetropolitano.com.gt\/es\/wp-json\/wp\/v2\/users\/1"}],"replies":[{"embeddable":true,"href":"https:\/\/elmetropolitano.com.gt\/es\/wp-json\/wp\/v2\/comments?post=113460"}],"version-history":[{"count":1,"href":"https:\/\/elmetropolitano.com.gt\/es\/wp-json\/wp\/v2\/posts\/113460\/revisions"}],"predecessor-version":[{"id":113467,"href":"https:\/\/elmetropolitano.com.gt\/es\/wp-json\/wp\/v2\/posts\/113460\/revisions\/113467"}],"wp:featuredmedia":[{"embeddable":true,"href":"https:\/\/elmetropolitano.com.gt\/es\/wp-json\/wp\/v2\/media\/113461"}],"wp:attachment":[{"href":"https:\/\/elmetropolitano.com.gt\/es\/wp-json\/wp\/v2\/media?parent=113460"}],"wp:term":[{"taxonomy":"category","embeddable":true,"href":"https:\/\/elmetropolitano.com.gt\/es\/wp-json\/wp\/v2\/categories?post=113460"},{"taxonomy":"post_tag","embeddable":true,"href":"https:\/\/elmetropolitano.com.gt\/es\/wp-json\/wp\/v2\/tags?post=113460"}],"curies":[{"name":"wp","href":"https:\/\/api.w.org\/{rel}","templated":true}]}}