{"id":113468,"date":"2025-10-03T13:38:34","date_gmt":"2025-10-03T19:38:34","guid":{"rendered":"https:\/\/elmetropolitano.com.gt\/es\/?p=113468"},"modified":"2025-10-03T13:38:35","modified_gmt":"2025-10-03T19:38:35","slug":"concluye-montaje-del-puente-modular-en-cito-zarco-y-se-preparan-trabajos-finales","status":"publish","type":"post","link":"https:\/\/elmetropolitano.com.gt\/es\/concluye-montaje-del-puente-modular-en-cito-zarco-y-se-preparan-trabajos-finales\/","title":{"rendered":"Concluye montaje del puente modular en Cito Zarco y se preparan trabajos finales"},"content":{"rendered":"\n<p><a><\/a>Como respuesta a la emergencia vial provocada por los da\u00f1os en la Ruta CITO-180, la Direcci\u00f3n General de Caminos (DGC), informa que el montaje del puente modular en el kil\u00f3metro 189 ha culminado exitosamente.<\/p>\n\n\n\n<p>El puente modular posee una longitud de 21.35 metros, lo que le permite cubrir el tramo da\u00f1ado y restablecer la conexi\u00f3n entre Quetzaltenango y Retalhuleu.<\/p><div class=\"elmet-contenido\" id=\"elmet-3483500678\"><div class=\"elmet-adlabel\">Anuncios<\/div><div style=\"margin-top: 20px;margin-right: 20px;margin-bottom: 20px;margin-left: 20px;\" id=\"elmet-1781045645\"><a href=\"https:\/\/www.facebook.com\/arrincuanantigua\/\" aria-label=\"cintillo-arrin-cual\"><img loading=\"lazy\" decoding=\"async\" src=\"https:\/\/elmetropolitano.com.gt\/es\/wp-content\/uploads\/2021\/11\/cintillo-arrin-cual-1.jpg\" alt=\"\"  srcset=\"https:\/\/elmetropolitano.com.gt\/es\/wp-content\/uploads\/2021\/11\/cintillo-arrin-cual-1.jpg 750w, https:\/\/elmetropolitano.com.gt\/es\/wp-content\/uploads\/2021\/11\/cintillo-arrin-cual-1-300x36.jpg 300w, https:\/\/elmetropolitano.com.gt\/es\/wp-content\/uploads\/2021\/11\/cintillo-arrin-cual-1-600x72.jpg 600w\" sizes=\"(max-width: 750px) 100vw, 750px\" width=\"750\" height=\"90\"   \/><\/a><\/div><\/div>\n\n\n\n<p>Aunque el montaje estructural de los 7 tramos del puente ha finalizado, a\u00fan quedan varias tareas por realizar antes de que sea habilitado al tr\u00e1nsito:<\/p>\n\n\n\n<p>1. Ajustes de corte en la salida del puente: se requiere dar una configuraci\u00f3n final del acceso para que coincida la rampa de salida del puente con la v\u00eda existente.<\/p>\n\n\n\n<p>2. Mantenimiento de la ruta provisional: mientras las conexiones definitivas se completan, la v\u00eda provisional debe mantenerse en condiciones \u00f3ptimas para el desv\u00edo del tr\u00e1nsito.<\/p>\n\n\n\n<p>4. Desv\u00edo del tr\u00e1fico y se\u00f1alizaci\u00f3n: instalar se\u00f1alizaci\u00f3n adecuada y monitorear el flujo vehicular para garantizar que el tr\u00e1nsito pueda restablecerse sin riesgos.<\/p>\n\n\n\n<p>Con la finalizaci\u00f3n del montaje, se da un paso decisivo hacia la puesta en funcionamiento del paso temporal mediante el puente modular como soluci\u00f3n mientras se ejecutan obras definitivas en la carretera principal.<\/p>\n\n\n\n<p>Esta infraestructura emergente permitir\u00e1 restablecer la conectividad entre departamentos, mitigar el impacto en transporte de carga, comercio y movilizaci\u00f3n regional.<\/p>\n\n\n\n<p><a href=\"https:\/\/www.facebook.com\/hashtag\/civ?__cft__[0]=AZUl52TUdmfhorUhqQu9UhKGBrgdKtimFQvpCVQiuVitoPwijZFJTZVZnZU88XNDNsNDXCdNLU7Q0KHkdV-apKLMWyt-DT782lTqmh1WPLxVL1OkTrMPAIg7a2cg7VmUR1kgfp5LkicOD6e_eZbFrgxomeg5E-aFJ_ynYw3PqZ6mqlceeycf2U19ZVpWzaQWAV0&amp;__tn__=*NK-R\">#Civ<\/a><a href=\"https:\/\/www.facebook.com\/hashtag\/retalhuleu?__cft__[0]=AZUl52TUdmfhorUhqQu9UhKGBrgdKtimFQvpCVQiuVitoPwijZFJTZVZnZU88XNDNsNDXCdNLU7Q0KHkdV-apKLMWyt-DT782lTqmh1WPLxVL1OkTrMPAIg7a2cg7VmUR1kgfp5LkicOD6e_eZbFrgxomeg5E-aFJ_ynYw3PqZ6mqlceeycf2U19ZVpWzaQWAV0&amp;__tn__=*NK-R\">#Retalhuleu<\/a><a href=\"https:\/\/www.facebook.com\/hashtag\/quetzaltenango?__cft__[0]=AZUl52TUdmfhorUhqQu9UhKGBrgdKtimFQvpCVQiuVitoPwijZFJTZVZnZU88XNDNsNDXCdNLU7Q0KHkdV-apKLMWyt-DT782lTqmh1WPLxVL1OkTrMPAIg7a2cg7VmUR1kgfp5LkicOD6e_eZbFrgxomeg5E-aFJ_ynYw3PqZ6mqlceeycf2U19ZVpWzaQWAV0&amp;__tn__=*NK-R\">#Quetzaltenango<\/a><\/p>\n\n\n\n<figure class=\"wp-block-gallery has-nested-images columns-default is-cropped wp-block-gallery-1 is-layout-flex wp-block-gallery-is-layout-flex\">\n<figure class=\"wp-block-image size-large\"><img loading=\"lazy\" decoding=\"async\" width=\"800\" height=\"500\" data-id=\"113471\" src=\"https:\/\/elmetropolitano.com.gt\/es\/wp-content\/uploads\/2025\/10\/557019591_1344167694375977_591822184894295375_n.jpg\" alt=\"\" class=\"wp-image-113471\" srcset=\"https:\/\/elmetropolitano.com.gt\/es\/wp-content\/uploads\/2025\/10\/557019591_1344167694375977_591822184894295375_n.jpg 800w, https:\/\/elmetropolitano.com.gt\/es\/wp-content\/uploads\/2025\/10\/557019591_1344167694375977_591822184894295375_n-300x188.jpg 300w, https:\/\/elmetropolitano.com.gt\/es\/wp-content\/uploads\/2025\/10\/557019591_1344167694375977_591822184894295375_n-768x480.jpg 768w\" sizes=\"auto, (max-width: 800px) 100vw, 800px\" \/><\/figure>\n\n\n\n<figure class=\"wp-block-image size-large\"><img loading=\"lazy\" decoding=\"async\" width=\"757\" height=\"835\" data-id=\"113470\" src=\"https:\/\/elmetropolitano.com.gt\/es\/wp-content\/uploads\/2025\/10\/557600421_1344167647709315_8233980323573345434_n-1.jpg\" alt=\"\" class=\"wp-image-113470\" srcset=\"https:\/\/elmetropolitano.com.gt\/es\/wp-content\/uploads\/2025\/10\/557600421_1344167647709315_8233980323573345434_n-1.jpg 757w, https:\/\/elmetropolitano.com.gt\/es\/wp-content\/uploads\/2025\/10\/557600421_1344167647709315_8233980323573345434_n-1-272x300.jpg 272w\" sizes=\"auto, (max-width: 757px) 100vw, 757px\" \/><\/figure>\n\n\n\n<figure class=\"wp-block-image size-large\"><img loading=\"lazy\" decoding=\"async\" width=\"1024\" height=\"609\" data-id=\"113472\" src=\"https:\/\/elmetropolitano.com.gt\/es\/wp-content\/uploads\/2025\/10\/557924467_1344167914375955_2289354584014286576_n-1024x609.jpg\" alt=\"\" class=\"wp-image-113472\" srcset=\"https:\/\/elmetropolitano.com.gt\/es\/wp-content\/uploads\/2025\/10\/557924467_1344167914375955_2289354584014286576_n-1024x609.jpg 1024w, https:\/\/elmetropolitano.com.gt\/es\/wp-content\/uploads\/2025\/10\/557924467_1344167914375955_2289354584014286576_n-300x178.jpg 300w, https:\/\/elmetropolitano.com.gt\/es\/wp-content\/uploads\/2025\/10\/557924467_1344167914375955_2289354584014286576_n-768x457.jpg 768w, https:\/\/elmetropolitano.com.gt\/es\/wp-content\/uploads\/2025\/10\/557924467_1344167914375955_2289354584014286576_n.jpg 1095w\" sizes=\"auto, (max-width: 1024px) 100vw, 1024px\" \/><\/figure>\n\n\n\n<figure class=\"wp-block-image size-large\"><img loading=\"lazy\" decoding=\"async\" width=\"799\" height=\"1024\" data-id=\"113473\" src=\"https:\/\/elmetropolitano.com.gt\/es\/wp-content\/uploads\/2025\/10\/558880193_1344167904375956_1690570741890737918_n-799x1024.jpg\" alt=\"\" class=\"wp-image-113473\" srcset=\"https:\/\/elmetropolitano.com.gt\/es\/wp-content\/uploads\/2025\/10\/558880193_1344167904375956_1690570741890737918_n-799x1024.jpg 799w, https:\/\/elmetropolitano.com.gt\/es\/wp-content\/uploads\/2025\/10\/558880193_1344167904375956_1690570741890737918_n-234x300.jpg 234w, https:\/\/elmetropolitano.com.gt\/es\/wp-content\/uploads\/2025\/10\/558880193_1344167904375956_1690570741890737918_n-768x985.jpg 768w, https:\/\/elmetropolitano.com.gt\/es\/wp-content\/uploads\/2025\/10\/558880193_1344167904375956_1690570741890737918_n.jpg 900w\" sizes=\"auto, (max-width: 799px) 100vw, 799px\" \/><\/figure>\n<\/figure>\n","protected":false},"excerpt":{"rendered":"<p>Como respuesta a la emergencia vial provocada por los da\u00f1os en la Ruta CITO-180, la Direcci\u00f3n General de Caminos (DGC), informa que el montaje del puente modular en el kil\u00f3metro 189 ha culminado exitosamente. El puente modular posee una longitud de 21.35 metros, lo que le permite cubrir el tramo da\u00f1ado y restablecer la conexi\u00f3n <a class=\"read-more\" href=\"https:\/\/elmetropolitano.com.gt\/es\/concluye-montaje-del-puente-modular-en-cito-zarco-y-se-preparan-trabajos-finales\/\">Leer m\u00e1s<\/a><\/p>\n","protected":false},"author":1,"featured_media":113469,"comment_status":"open","ping_status":"closed","sticky":false,"template":"","format":"standard","meta":{"footnotes":""},"categories":[4],"tags":[13],"class_list":["post-113468","post","type-post","status-publish","format-standard","has-post-thumbnail","hentry","category-departamentales","tag-departamentales"],"_links":{"self":[{"href":"https:\/\/elmetropolitano.com.gt\/es\/wp-json\/wp\/v2\/posts\/113468","targetHints":{"allow":["GET"]}}],"collection":[{"href":"https:\/\/elmetropolitano.com.gt\/es\/wp-json\/wp\/v2\/posts"}],"about":[{"href":"https:\/\/elmetropolitano.com.gt\/es\/wp-json\/wp\/v2\/types\/post"}],"author":[{"embeddable":true,"href":"https:\/\/elmetropolitano.com.gt\/es\/wp-json\/wp\/v2\/users\/1"}],"replies":[{"embeddable":true,"href":"https:\/\/elmetropolitano.com.gt\/es\/wp-json\/wp\/v2\/comments?post=113468"}],"version-history":[{"count":1,"href":"https:\/\/elmetropolitano.com.gt\/es\/wp-json\/wp\/v2\/posts\/113468\/revisions"}],"predecessor-version":[{"id":113474,"href":"https:\/\/elmetropolitano.com.gt\/es\/wp-json\/wp\/v2\/posts\/113468\/revisions\/113474"}],"wp:featuredmedia":[{"embeddable":true,"href":"https:\/\/elmetropolitano.com.gt\/es\/wp-json\/wp\/v2\/media\/113469"}],"wp:attachment":[{"href":"https:\/\/elmetropolitano.com.gt\/es\/wp-json\/wp\/v2\/media?parent=113468"}],"wp:term":[{"taxonomy":"category","embeddable":true,"href":"https:\/\/elmetropolitano.com.gt\/es\/wp-json\/wp\/v2\/categories?post=113468"},{"taxonomy":"post_tag","embeddable":true,"href":"https:\/\/elmetropolitano.com.gt\/es\/wp-json\/wp\/v2\/tags?post=113468"}],"curies":[{"name":"wp","href":"https:\/\/api.w.org\/{rel}","templated":true}]}}