{"id":113502,"date":"2025-10-04T09:38:20","date_gmt":"2025-10-04T15:38:20","guid":{"rendered":"https:\/\/elmetropolitano.com.gt\/es\/?p=113502"},"modified":"2025-10-04T09:38:21","modified_gmt":"2025-10-04T15:38:21","slug":"presidente-bernardo-arevalo-veta-la-polemica-ley-codedes","status":"publish","type":"post","link":"https:\/\/elmetropolitano.com.gt\/es\/presidente-bernardo-arevalo-veta-la-polemica-ley-codedes\/","title":{"rendered":"Presidente Bernardo Ar\u00e9valo veta la pol\u00e9mica Ley Codedes"},"content":{"rendered":"\n<p><a><\/a>El Presidente Bernardo Ar\u00e9valo decidi\u00f3 vetar el decreto 7-2025, Ley de Codedes, por considerar que tiene \u00abvicios de inconstitucionalidad\u00bb seg\u00fan lo anunci\u00f3 en un comunicado de Prensa<\/p>\n\n\n\n<p>\u201cDespu\u00e9s de analizar el Decreto N\u00famero 7-2025 aprobado por el Congreso de la Rep\u00fablica, el Presidente de la Rep\u00fablica, en Consejo de Ministros, decidi\u00f3 vetar el citado decreto al advertir vicios de inconstitucionalidad que violan los art\u00edculos 2, 119, 154, 171b) y 238 de la Constituci\u00f3n Pol\u00edtica de la Rep\u00fablica de Guatemala\u201d expresa el gobierno en un comunicado de prensa<\/p><div class=\"elmet-contenido\" id=\"elmet-2616241706\"><div class=\"elmet-adlabel\">Anuncios<\/div><div style=\"margin-top: 20px;margin-right: 20px;margin-bottom: 20px;margin-left: 20px;\" id=\"elmet-843311011\"><a href=\"https:\/\/www.facebook.com\/arrincuanantigua\/\" aria-label=\"cintillo-arrin-cual\"><img loading=\"lazy\" decoding=\"async\" src=\"https:\/\/elmetropolitano.com.gt\/es\/wp-content\/uploads\/2021\/11\/cintillo-arrin-cual-1.jpg\" alt=\"\"  srcset=\"https:\/\/elmetropolitano.com.gt\/es\/wp-content\/uploads\/2021\/11\/cintillo-arrin-cual-1.jpg 750w, https:\/\/elmetropolitano.com.gt\/es\/wp-content\/uploads\/2021\/11\/cintillo-arrin-cual-1-300x36.jpg 300w, https:\/\/elmetropolitano.com.gt\/es\/wp-content\/uploads\/2021\/11\/cintillo-arrin-cual-1-600x72.jpg 600w\" sizes=\"(max-width: 750px) 100vw, 750px\" width=\"750\" height=\"90\"   \/><\/a><\/div><\/div>\n\n\n\n<p>Agrega que el \u201cGobierno de Guatemala reconoce la necesidad de garantizar la ejecuci\u00f3n de obra p\u00fablica para dar respuesta a las necesidades municipales, por lo que explora alternativas al Decreto<\/p>\n\n\n\n<p>N\u00famero 7-2025 y trabajar\u00e1 con el Congreso de la Rep\u00fablica para poder alcanzar acuerdos que persigan el desarrollo local, sin sacrificar los esfuerzos por la transparencia y calidad del gasto p\u00fablico\u201d<\/p>\n\n\n\n<p>En el Pa\u00eds exist\u00eda un clamor en diversos sectores por que Ar\u00e9valo vetara la ley CODEDES que se presta a actos de corrupcion y ahora la pr\u00f3xima semana la atenci\u00f3n estar\u00e1 centrada en el Congreso cuando se establezca si el congreso acepta o rechaza el veto y la manda a publicar<\/p>\n\n\n\n<p><a href=\"https:\/\/www.facebook.com\/hashtag\/leycodedes?__cft__[0]=AZWJUcRNAngiIIdXXuhGSF4edjdM9I55NC66K59LtezT6xMPP8T4N1qcjY-gwD8uqBjmcziu2clM0q5Px_hXDPYSKUoNMgY3MYhYlPO5NznamyHDnhKC8uvp_FJnj9xFB8g4_LHGvZb2DNSBkmJNJYap75hA9HFDTtPSQZugqqGa_eswCfDm4sOIKJxxrVgRNXI&amp;__tn__=*NK-R\">#LeyCodedes<\/a><a href=\"https:\/\/www.facebook.com\/hashtag\/congresodelarepublica?__cft__[0]=AZWJUcRNAngiIIdXXuhGSF4edjdM9I55NC66K59LtezT6xMPP8T4N1qcjY-gwD8uqBjmcziu2clM0q5Px_hXDPYSKUoNMgY3MYhYlPO5NznamyHDnhKC8uvp_FJnj9xFB8g4_LHGvZb2DNSBkmJNJYap75hA9HFDTtPSQZugqqGa_eswCfDm4sOIKJxxrVgRNXI&amp;__tn__=*NK-R\">#CongresoDeLaRepublica<\/a><a href=\"https:\/\/www.facebook.com\/hashtag\/metroredes?__cft__[0]=AZWJUcRNAngiIIdXXuhGSF4edjdM9I55NC66K59LtezT6xMPP8T4N1qcjY-gwD8uqBjmcziu2clM0q5Px_hXDPYSKUoNMgY3MYhYlPO5NznamyHDnhKC8uvp_FJnj9xFB8g4_LHGvZb2DNSBkmJNJYap75hA9HFDTtPSQZugqqGa_eswCfDm4sOIKJxxrVgRNXI&amp;__tn__=*NK-R\">#metroredes<\/a><a href=\"https:\/\/www.facebook.com\/hashtag\/elfinancierogt?__cft__[0]=AZWJUcRNAngiIIdXXuhGSF4edjdM9I55NC66K59LtezT6xMPP8T4N1qcjY-gwD8uqBjmcziu2clM0q5Px_hXDPYSKUoNMgY3MYhYlPO5NznamyHDnhKC8uvp_FJnj9xFB8g4_LHGvZb2DNSBkmJNJYap75hA9HFDTtPSQZugqqGa_eswCfDm4sOIKJxxrVgRNXI&amp;__tn__=*NK-R\">#elfinancierogt<\/a><\/p>\n\n\n\n<figure class=\"wp-block-gallery has-nested-images columns-default is-cropped wp-block-gallery-1 is-layout-flex wp-block-gallery-is-layout-flex\">\n<figure class=\"wp-block-image size-large\"><img loading=\"lazy\" decoding=\"async\" width=\"792\" height=\"1024\" data-id=\"113506\" src=\"https:\/\/elmetropolitano.com.gt\/es\/wp-content\/uploads\/2025\/10\/556476475_1344917387634341_2819796414960146038_n-792x1024.jpg\" alt=\"\" class=\"wp-image-113506\" srcset=\"https:\/\/elmetropolitano.com.gt\/es\/wp-content\/uploads\/2025\/10\/556476475_1344917387634341_2819796414960146038_n-792x1024.jpg 792w, https:\/\/elmetropolitano.com.gt\/es\/wp-content\/uploads\/2025\/10\/556476475_1344917387634341_2819796414960146038_n-232x300.jpg 232w, https:\/\/elmetropolitano.com.gt\/es\/wp-content\/uploads\/2025\/10\/556476475_1344917387634341_2819796414960146038_n-768x994.jpg 768w, https:\/\/elmetropolitano.com.gt\/es\/wp-content\/uploads\/2025\/10\/556476475_1344917387634341_2819796414960146038_n-1187x1536.jpg 1187w, https:\/\/elmetropolitano.com.gt\/es\/wp-content\/uploads\/2025\/10\/556476475_1344917387634341_2819796414960146038_n.jpg 1583w\" sizes=\"auto, (max-width: 792px) 100vw, 792px\" \/><\/figure>\n\n\n\n<figure class=\"wp-block-image size-large\"><img loading=\"lazy\" decoding=\"async\" width=\"1024\" height=\"1024\" data-id=\"113504\" src=\"https:\/\/elmetropolitano.com.gt\/es\/wp-content\/uploads\/2025\/10\/557363367_1344917414301005_3909414384003866909_n-1-1024x1024.jpg\" alt=\"\" class=\"wp-image-113504\" srcset=\"https:\/\/elmetropolitano.com.gt\/es\/wp-content\/uploads\/2025\/10\/557363367_1344917414301005_3909414384003866909_n-1-1024x1024.jpg 1024w, https:\/\/elmetropolitano.com.gt\/es\/wp-content\/uploads\/2025\/10\/557363367_1344917414301005_3909414384003866909_n-1-300x300.jpg 300w, https:\/\/elmetropolitano.com.gt\/es\/wp-content\/uploads\/2025\/10\/557363367_1344917414301005_3909414384003866909_n-1-150x150.jpg 150w, https:\/\/elmetropolitano.com.gt\/es\/wp-content\/uploads\/2025\/10\/557363367_1344917414301005_3909414384003866909_n-1-768x768.jpg 768w, https:\/\/elmetropolitano.com.gt\/es\/wp-content\/uploads\/2025\/10\/557363367_1344917414301005_3909414384003866909_n-1.jpg 1449w\" sizes=\"auto, (max-width: 1024px) 100vw, 1024px\" \/><\/figure>\n\n\n\n<figure class=\"wp-block-image size-large\"><img loading=\"lazy\" decoding=\"async\" width=\"1024\" height=\"683\" data-id=\"113505\" src=\"https:\/\/elmetropolitano.com.gt\/es\/wp-content\/uploads\/2025\/10\/557836526_1344917380967675_7425838985160071580_n-1024x683.jpg\" alt=\"\" class=\"wp-image-113505\" srcset=\"https:\/\/elmetropolitano.com.gt\/es\/wp-content\/uploads\/2025\/10\/557836526_1344917380967675_7425838985160071580_n-1024x683.jpg 1024w, https:\/\/elmetropolitano.com.gt\/es\/wp-content\/uploads\/2025\/10\/557836526_1344917380967675_7425838985160071580_n-300x200.jpg 300w, https:\/\/elmetropolitano.com.gt\/es\/wp-content\/uploads\/2025\/10\/557836526_1344917380967675_7425838985160071580_n-768x512.jpg 768w, https:\/\/elmetropolitano.com.gt\/es\/wp-content\/uploads\/2025\/10\/557836526_1344917380967675_7425838985160071580_n.jpg 1280w\" sizes=\"auto, (max-width: 1024px) 100vw, 1024px\" \/><\/figure>\n<\/figure>\n","protected":false},"excerpt":{"rendered":"<p>El Presidente Bernardo Ar\u00e9valo decidi\u00f3 vetar el decreto 7-2025, Ley de Codedes, por considerar que tiene \u00abvicios de inconstitucionalidad\u00bb seg\u00fan lo anunci\u00f3 en un comunicado de Prensa \u201cDespu\u00e9s de analizar el Decreto N\u00famero 7-2025 aprobado por el Congreso de la Rep\u00fablica, el Presidente de la Rep\u00fablica, en Consejo de Ministros, decidi\u00f3 vetar el citado decreto <a class=\"read-more\" href=\"https:\/\/elmetropolitano.com.gt\/es\/presidente-bernardo-arevalo-veta-la-polemica-ley-codedes\/\">Leer m\u00e1s<\/a><\/p>\n","protected":false},"author":1,"featured_media":113503,"comment_status":"open","ping_status":"closed","sticky":false,"template":"","format":"standard","meta":{"footnotes":""},"categories":[2],"tags":[12],"class_list":["post-113502","post","type-post","status-publish","format-standard","has-post-thumbnail","hentry","category-nacionales","tag-nacionales"],"_links":{"self":[{"href":"https:\/\/elmetropolitano.com.gt\/es\/wp-json\/wp\/v2\/posts\/113502","targetHints":{"allow":["GET"]}}],"collection":[{"href":"https:\/\/elmetropolitano.com.gt\/es\/wp-json\/wp\/v2\/posts"}],"about":[{"href":"https:\/\/elmetropolitano.com.gt\/es\/wp-json\/wp\/v2\/types\/post"}],"author":[{"embeddable":true,"href":"https:\/\/elmetropolitano.com.gt\/es\/wp-json\/wp\/v2\/users\/1"}],"replies":[{"embeddable":true,"href":"https:\/\/elmetropolitano.com.gt\/es\/wp-json\/wp\/v2\/comments?post=113502"}],"version-history":[{"count":1,"href":"https:\/\/elmetropolitano.com.gt\/es\/wp-json\/wp\/v2\/posts\/113502\/revisions"}],"predecessor-version":[{"id":113507,"href":"https:\/\/elmetropolitano.com.gt\/es\/wp-json\/wp\/v2\/posts\/113502\/revisions\/113507"}],"wp:featuredmedia":[{"embeddable":true,"href":"https:\/\/elmetropolitano.com.gt\/es\/wp-json\/wp\/v2\/media\/113503"}],"wp:attachment":[{"href":"https:\/\/elmetropolitano.com.gt\/es\/wp-json\/wp\/v2\/media?parent=113502"}],"wp:term":[{"taxonomy":"category","embeddable":true,"href":"https:\/\/elmetropolitano.com.gt\/es\/wp-json\/wp\/v2\/categories?post=113502"},{"taxonomy":"post_tag","embeddable":true,"href":"https:\/\/elmetropolitano.com.gt\/es\/wp-json\/wp\/v2\/tags?post=113502"}],"curies":[{"name":"wp","href":"https:\/\/api.w.org\/{rel}","templated":true}]}}