{"id":113514,"date":"2025-10-04T09:44:12","date_gmt":"2025-10-04T15:44:12","guid":{"rendered":"https:\/\/elmetropolitano.com.gt\/es\/?p=113514"},"modified":"2025-10-04T09:44:13","modified_gmt":"2025-10-04T15:44:13","slug":"victor-zuleta-toma-el-control-municipal-del-partido-cabal-en-chinautla","status":"publish","type":"post","link":"https:\/\/elmetropolitano.com.gt\/es\/victor-zuleta-toma-el-control-municipal-del-partido-cabal-en-chinautla\/","title":{"rendered":"V\u00edctor Zuleta toma el control municipal del partido Cabal en Chinautla"},"content":{"rendered":"\n<p><a><\/a>Est\u00e1 noche el Secretario Departamental del Partido Cabal Diputado Manuel Archila le dio la bienvenida a V\u00edctor Zuleta quien ocupar\u00e1 el segundo lugar en las elecciones pasadas en Chinautla con el partido Humanista.<\/p>\n\n\n\n<p>Ahora Zuleta se incorporar\u00e1 al equipo de Cabal y toma el control del municipio como coordinar de Chinautla con miras a las elecciones generales del 2027<\/p><div class=\"elmet-contenido\" id=\"elmet-1533005219\"><div class=\"elmet-adlabel\">Anuncios<\/div><div style=\"margin-top: 20px;margin-right: 20px;margin-bottom: 20px;margin-left: 20px;\" id=\"elmet-1660577616\"><a href=\"https:\/\/www.facebook.com\/arrincuanantigua\/\" aria-label=\"cintillo-arrin-cual\"><img loading=\"lazy\" decoding=\"async\" src=\"https:\/\/elmetropolitano.com.gt\/es\/wp-content\/uploads\/2021\/11\/cintillo-arrin-cual-1.jpg\" alt=\"\"  srcset=\"https:\/\/elmetropolitano.com.gt\/es\/wp-content\/uploads\/2021\/11\/cintillo-arrin-cual-1.jpg 750w, https:\/\/elmetropolitano.com.gt\/es\/wp-content\/uploads\/2021\/11\/cintillo-arrin-cual-1-300x36.jpg 300w, https:\/\/elmetropolitano.com.gt\/es\/wp-content\/uploads\/2021\/11\/cintillo-arrin-cual-1-600x72.jpg 600w\" sizes=\"(max-width: 750px) 100vw, 750px\" width=\"750\" height=\"90\"   \/><\/a><\/div><\/div>\n\n\n\n<p><a href=\"https:\/\/www.facebook.com\/hashtag\/chinautla?__cft__[0]=AZViisgLa-TD4CIzlKen4aP5DvzA0rG6BuRDcIhlSSk7DFk8QjW3u419PZGzxygBN5nrPfHilYS_Mu4ANBP_ZJkTqPjr1mSttgm0rjS9NT8ZmMrHUZjNNQSp3F2qXxe3Ea7OseQv2dNCUH67L7aYaRZ5Oo1mqZbUkWHiQcftCCll-IC5VDoCOdb_ujzLiFWIkrI&amp;__tn__=*NK-R\">#Chinautla<\/a><a href=\"https:\/\/www.facebook.com\/hashtag\/partidocabal?__cft__[0]=AZViisgLa-TD4CIzlKen4aP5DvzA0rG6BuRDcIhlSSk7DFk8QjW3u419PZGzxygBN5nrPfHilYS_Mu4ANBP_ZJkTqPjr1mSttgm0rjS9NT8ZmMrHUZjNNQSp3F2qXxe3Ea7OseQv2dNCUH67L7aYaRZ5Oo1mqZbUkWHiQcftCCll-IC5VDoCOdb_ujzLiFWIkrI&amp;__tn__=*NK-R\">#PartidoCabal<\/a><a href=\"https:\/\/www.facebook.com\/hashtag\/metroredes?__cft__[0]=AZViisgLa-TD4CIzlKen4aP5DvzA0rG6BuRDcIhlSSk7DFk8QjW3u419PZGzxygBN5nrPfHilYS_Mu4ANBP_ZJkTqPjr1mSttgm0rjS9NT8ZmMrHUZjNNQSp3F2qXxe3Ea7OseQv2dNCUH67L7aYaRZ5Oo1mqZbUkWHiQcftCCll-IC5VDoCOdb_ujzLiFWIkrI&amp;__tn__=*NK-R\">#metroredes<\/a><a href=\"https:\/\/www.facebook.com\/hashtag\/elecciones2027?__cft__[0]=AZViisgLa-TD4CIzlKen4aP5DvzA0rG6BuRDcIhlSSk7DFk8QjW3u419PZGzxygBN5nrPfHilYS_Mu4ANBP_ZJkTqPjr1mSttgm0rjS9NT8ZmMrHUZjNNQSp3F2qXxe3Ea7OseQv2dNCUH67L7aYaRZ5Oo1mqZbUkWHiQcftCCll-IC5VDoCOdb_ujzLiFWIkrI&amp;__tn__=*NK-R\">#Elecciones2027<\/a><a href=\"https:\/\/www.facebook.com\/hashtag\/tseguatemala?__cft__[0]=AZViisgLa-TD4CIzlKen4aP5DvzA0rG6BuRDcIhlSSk7DFk8QjW3u419PZGzxygBN5nrPfHilYS_Mu4ANBP_ZJkTqPjr1mSttgm0rjS9NT8ZmMrHUZjNNQSp3F2qXxe3Ea7OseQv2dNCUH67L7aYaRZ5Oo1mqZbUkWHiQcftCCll-IC5VDoCOdb_ujzLiFWIkrI&amp;__tn__=*NK-R\">#TSEGuatemala<\/a><\/p>\n","protected":false},"excerpt":{"rendered":"<p>Est\u00e1 noche el Secretario Departamental del Partido Cabal Diputado Manuel Archila le dio la bienvenida a V\u00edctor Zuleta quien ocupar\u00e1 el segundo lugar en las elecciones pasadas en Chinautla con el partido Humanista. Ahora Zuleta se incorporar\u00e1 al equipo de Cabal y toma el control del municipio como coordinar de Chinautla con miras a las <a class=\"read-more\" href=\"https:\/\/elmetropolitano.com.gt\/es\/victor-zuleta-toma-el-control-municipal-del-partido-cabal-en-chinautla\/\">Leer m\u00e1s<\/a><\/p>\n","protected":false},"author":1,"featured_media":113515,"comment_status":"open","ping_status":"closed","sticky":false,"template":"","format":"standard","meta":{"footnotes":""},"categories":[2],"tags":[12],"class_list":["post-113514","post","type-post","status-publish","format-standard","has-post-thumbnail","hentry","category-nacionales","tag-nacionales"],"_links":{"self":[{"href":"https:\/\/elmetropolitano.com.gt\/es\/wp-json\/wp\/v2\/posts\/113514","targetHints":{"allow":["GET"]}}],"collection":[{"href":"https:\/\/elmetropolitano.com.gt\/es\/wp-json\/wp\/v2\/posts"}],"about":[{"href":"https:\/\/elmetropolitano.com.gt\/es\/wp-json\/wp\/v2\/types\/post"}],"author":[{"embeddable":true,"href":"https:\/\/elmetropolitano.com.gt\/es\/wp-json\/wp\/v2\/users\/1"}],"replies":[{"embeddable":true,"href":"https:\/\/elmetropolitano.com.gt\/es\/wp-json\/wp\/v2\/comments?post=113514"}],"version-history":[{"count":1,"href":"https:\/\/elmetropolitano.com.gt\/es\/wp-json\/wp\/v2\/posts\/113514\/revisions"}],"predecessor-version":[{"id":113516,"href":"https:\/\/elmetropolitano.com.gt\/es\/wp-json\/wp\/v2\/posts\/113514\/revisions\/113516"}],"wp:featuredmedia":[{"embeddable":true,"href":"https:\/\/elmetropolitano.com.gt\/es\/wp-json\/wp\/v2\/media\/113515"}],"wp:attachment":[{"href":"https:\/\/elmetropolitano.com.gt\/es\/wp-json\/wp\/v2\/media?parent=113514"}],"wp:term":[{"taxonomy":"category","embeddable":true,"href":"https:\/\/elmetropolitano.com.gt\/es\/wp-json\/wp\/v2\/categories?post=113514"},{"taxonomy":"post_tag","embeddable":true,"href":"https:\/\/elmetropolitano.com.gt\/es\/wp-json\/wp\/v2\/tags?post=113514"}],"curies":[{"name":"wp","href":"https:\/\/api.w.org\/{rel}","templated":true}]}}