{"id":113517,"date":"2025-10-04T09:46:12","date_gmt":"2025-10-04T15:46:12","guid":{"rendered":"https:\/\/elmetropolitano.com.gt\/es\/?p=113517"},"modified":"2025-10-04T09:46:13","modified_gmt":"2025-10-04T15:46:13","slug":"primer-factura-electronica-summit-2025-reune-a-mas-de-300-lideres-y-consolida-el-liderazgo-de-guatemala-en-transformacion-digital","status":"publish","type":"post","link":"https:\/\/elmetropolitano.com.gt\/es\/primer-factura-electronica-summit-2025-reune-a-mas-de-300-lideres-y-consolida-el-liderazgo-de-guatemala-en-transformacion-digital\/","title":{"rendered":"Primer Factura Electr\u00f3nica Summit 2025 re\u00fane a m\u00e1s de 300 l\u00edderes y consolida el liderazgo de Guatemala en transformaci\u00f3n digital"},"content":{"rendered":"\n<p><a><\/a>Lideres de Am\u00e9rica Latina y el Caribe analizaron en Guatemala el futuro de la fiscalidad digital en su regi\u00f3n durante el Factura Electr\u00f3nica Summit 2025, un evento que reuni\u00f3 a autoridades tributarias, organismos multilaterales, expertos internacionales, empresas certificadoras y l\u00edderes del sector privado en un espacio de di\u00e1logo e intercambio de experiencias.<\/p>\n\n\n\n<p>El Summit fue inaugurado por el Magister Werner Ovalle, Superintendente de Administraci\u00f3n Tributaria (SAT) y Magister Abel Cruz, Presidente del Comit\u00e9 Organizador del SUMMIT FEL, quienes destacaron el trabajo que se hace entre el sector p\u00fablico en alianza con las certificadoras como Infile y Ainnova, logrando sistemas m\u00e1s modernos para el control tributario y la agilizaci\u00f3n del sistema tributario.<\/p><div class=\"elmet-contenido\" id=\"elmet-3890389842\"><div class=\"elmet-adlabel\">Anuncios<\/div><div style=\"margin-top: 20px;margin-right: 20px;margin-bottom: 20px;margin-left: 20px;\" id=\"elmet-2271443313\"><a href=\"https:\/\/www.facebook.com\/arrincuanantigua\/\" aria-label=\"cintillo-arrin-cual\"><img loading=\"lazy\" decoding=\"async\" src=\"https:\/\/elmetropolitano.com.gt\/es\/wp-content\/uploads\/2021\/11\/cintillo-arrin-cual-1.jpg\" alt=\"\"  srcset=\"https:\/\/elmetropolitano.com.gt\/es\/wp-content\/uploads\/2021\/11\/cintillo-arrin-cual-1.jpg 750w, https:\/\/elmetropolitano.com.gt\/es\/wp-content\/uploads\/2021\/11\/cintillo-arrin-cual-1-300x36.jpg 300w, https:\/\/elmetropolitano.com.gt\/es\/wp-content\/uploads\/2021\/11\/cintillo-arrin-cual-1-600x72.jpg 600w\" sizes=\"(max-width: 750px) 100vw, 750px\" width=\"750\" height=\"90\"   \/><\/a><\/div><\/div>\n\n\n\n<p>\u201cA la fecha contamos con m\u00e1s de 7,500 millones de documentos tributarios electr\u00f3nicos emitidos, m\u00e1s de 1 mill\u00f3n 300 mil emisores de factura electr\u00f3nica contribuyendo con el desarrollo de nuestro pa\u00eds\u201d, inform\u00f3 el Licenciado Erick Estuardo Echeverria Mazariegos, Intendente de Recaudaci\u00f3n de la SAT Guatemala.<\/p>\n\n\n\n<p>Durante el evento se abordaron cuatro ejes prioritarios para el futuro fiscal regional:<\/p>\n\n\n\n<p>\u2022 Interoperabilidad e integraci\u00f3n regional: representantes de Guatemala, Colombia, Panam\u00e1, El Salvador y Costa Rica discutieron los avances y desaf\u00edos hacia un marco com\u00fan de digitalizaci\u00f3n tributaria, destacando la necesidad de unificar criterios t\u00e9cnicos y legales para fortalecer la cooperaci\u00f3n transfronteriza.<\/p>\n\n\n\n<p>\u2022 Inclusi\u00f3n financiera a trav\u00e9s del factoraje electr\u00f3nico: se analiz\u00f3 c\u00f3mo la factura electr\u00f3nica puede convertirse en un instrumento de liquidez para las PyMEs, generando confianza en el sistema financiero y fomentando la reducci\u00f3n del riesgo crediticio.<\/p>\n\n\n\n<p>\u2022 Innovaci\u00f3n tecnol\u00f3gica y seguridad: expertos internacionales compartieron experiencias sobre el uso de inteligencia artificial, blockchain, big data y ciberseguridad en la escalabilidad de los sistemas tributarios.<\/p>\n\n\n\n<p>\u2022 Convergencia con medios de pago digitales: se exploraron modelos para integrar la facturaci\u00f3n electr\u00f3nica con el ecosistema de pagos digitales, mejorando la eficiencia y la competitividad regional.<\/p>\n\n\n\n<p>El Summit reuni\u00f3 m\u00e1s de 15 conferencias magistrales y paneles tem\u00e1ticos que ofrecieron una visi\u00f3n integral sobre la transformaci\u00f3n fiscal digital. Las intervenciones incluyeron un an\u00e1lisis del panorama regional de la factura electr\u00f3nica, los avances hacia la contabilidad electr\u00f3nica, estrategias de ciberseguridad en los sistemas tributarios digitales, y el papel de la factura como instrumento de financiamiento.<\/p>\n\n\n\n<p>Adem\u00e1s, se discutieron las tendencias globales en inteligencia artificial, blockchain y escalabilidad de la nube, que permitir\u00e1n fortalecer la infraestructura tecnol\u00f3gica y garantizar un crecimiento sostenible de los sistemas fiscales.<\/p>\n\n\n\n<p>Uno de los momentos m\u00e1s destacados fue el Panel Regional de Autoridades Tributarias, con representantes de Guatemala, Colombia, Panam\u00e1, El Salvador y Costa Rica, quienes coincidieron en que el futuro de la facturaci\u00f3n electr\u00f3nica depende de la armonizaci\u00f3n normativa y la interoperabilidad regional.<\/p>\n\n\n\n<p>Asimismo, el Panel de Certificadores reuni\u00f3 a las principales entidades responsables de la validaci\u00f3n de factura electr\u00f3nica en Guatemala, quienes destacaron su rol como pieza fundamental del ecosistema digital tributario.<\/p>\n\n\n\n<p>\u201cEl Summit demostr\u00f3 que somo lideres en la regi\u00f3n y que con la factura electr\u00f3nica tenemos un catalizador de desarrollo econ\u00f3mico que permitir\u00e1 reducir costos operativos hasta en un 40% y generar ahorros regionales de m\u00e1s de $2,300 millones anuales, con la nueva ley de factoraje podemos incidir en las operaciones en l\u00ednea de este tipo, por lo que hoy estamos poniendo en relieve la importancia que tiene la FEL como herramienta de desarrollo tanto para pymes, emprendedores y empresarios en general.\u201d, expres\u00f3 Abel Cruz, presidente del Comit\u00e9 Organizador.<\/p>\n\n\n\n<p>Los representantes coincidieron en que el futuro de la facturaci\u00f3n electr\u00f3nica depende de la implementaci\u00f3n del Factoraje electr\u00f3nico, la armonizaci\u00f3n normativa y la interoperabilidad regional, elementos clave para combatir la evasi\u00f3n fiscal y mejorar la recaudaci\u00f3n.<\/p>\n\n\n\n<p>Este encuentro marco un antes y un despu\u00e9s en la modernizaci\u00f3n fiscal de Am\u00e9rica Latina y el Caribe, la factura electr\u00f3nica es hoy el puente entre la eficiencia tributaria y el desarrollo econ\u00f3mico inclusivo que beneficiar\u00e1 a m\u00e1s de 12 millones de empresas en la regi\u00f3n con la cooperaci\u00f3n entre gobiernos, organismos multilaterales y el sector privado<\/p>\n\n\n\n<p><a href=\"https:\/\/www.facebook.com\/hashtag\/sat?__cft__[0]=AZVosD35cJ_nLQrYAZJ20CWp1andp-kG0q8wgXfez2zA3m4Wt_Aba1_l1AaVL3A6zq3cDUkkiiuOSvhlbaDIiejHxhCei0aQPdIbE4XwvxXLgt7KSTa9mUaTA7hFX-y63julI4CeW2j7F7vHQDN0NXekcXDisERoPvYGWPZMQVH8T1q572Dl8dhgGCaj0WFiKzc&amp;__tn__=*NK-R\">#Sat<\/a><a href=\"https:\/\/www.facebook.com\/hashtag\/facturaelectronica?__cft__[0]=AZVosD35cJ_nLQrYAZJ20CWp1andp-kG0q8wgXfez2zA3m4Wt_Aba1_l1AaVL3A6zq3cDUkkiiuOSvhlbaDIiejHxhCei0aQPdIbE4XwvxXLgt7KSTa9mUaTA7hFX-y63julI4CeW2j7F7vHQDN0NXekcXDisERoPvYGWPZMQVH8T1q572Dl8dhgGCaj0WFiKzc&amp;__tn__=*NK-R\">#FacturaElectronica<\/a><a href=\"https:\/\/www.facebook.com\/hashtag\/metroredes?__cft__[0]=AZVosD35cJ_nLQrYAZJ20CWp1andp-kG0q8wgXfez2zA3m4Wt_Aba1_l1AaVL3A6zq3cDUkkiiuOSvhlbaDIiejHxhCei0aQPdIbE4XwvxXLgt7KSTa9mUaTA7hFX-y63julI4CeW2j7F7vHQDN0NXekcXDisERoPvYGWPZMQVH8T1q572Dl8dhgGCaj0WFiKzc&amp;__tn__=*NK-R\">#metroredes<\/a><a href=\"https:\/\/www.facebook.com\/hashtag\/elfinancierogt?__cft__[0]=AZVosD35cJ_nLQrYAZJ20CWp1andp-kG0q8wgXfez2zA3m4Wt_Aba1_l1AaVL3A6zq3cDUkkiiuOSvhlbaDIiejHxhCei0aQPdIbE4XwvxXLgt7KSTa9mUaTA7hFX-y63julI4CeW2j7F7vHQDN0NXekcXDisERoPvYGWPZMQVH8T1q572Dl8dhgGCaj0WFiKzc&amp;__tn__=*NK-R\">#elfinancierogt<\/a><\/p>\n\n\n\n<figure class=\"wp-block-gallery has-nested-images columns-default is-cropped wp-block-gallery-1 is-layout-flex wp-block-gallery-is-layout-flex\">\n<figure class=\"wp-block-image size-large\"><img loading=\"lazy\" decoding=\"async\" width=\"1024\" height=\"767\" data-id=\"113522\" src=\"https:\/\/elmetropolitano.com.gt\/es\/wp-content\/uploads\/2025\/10\/556838059_1345096647616415_2564049426076263593_n-1-1024x767.jpg\" alt=\"\" class=\"wp-image-113522\" srcset=\"https:\/\/elmetropolitano.com.gt\/es\/wp-content\/uploads\/2025\/10\/556838059_1345096647616415_2564049426076263593_n-1-1024x767.jpg 1024w, https:\/\/elmetropolitano.com.gt\/es\/wp-content\/uploads\/2025\/10\/556838059_1345096647616415_2564049426076263593_n-1-300x225.jpg 300w, https:\/\/elmetropolitano.com.gt\/es\/wp-content\/uploads\/2025\/10\/556838059_1345096647616415_2564049426076263593_n-1-768x575.jpg 768w, https:\/\/elmetropolitano.com.gt\/es\/wp-content\/uploads\/2025\/10\/556838059_1345096647616415_2564049426076263593_n-1-1536x1150.jpg 1536w, https:\/\/elmetropolitano.com.gt\/es\/wp-content\/uploads\/2025\/10\/556838059_1345096647616415_2564049426076263593_n-1.jpg 1600w\" sizes=\"auto, (max-width: 1024px) 100vw, 1024px\" \/><\/figure>\n\n\n\n<figure class=\"wp-block-image size-large\"><img loading=\"lazy\" decoding=\"async\" width=\"575\" height=\"1024\" data-id=\"113521\" src=\"https:\/\/elmetropolitano.com.gt\/es\/wp-content\/uploads\/2025\/10\/556838265_1345096687616411_5046488612556277566_n-575x1024.jpg\" alt=\"\" class=\"wp-image-113521\" srcset=\"https:\/\/elmetropolitano.com.gt\/es\/wp-content\/uploads\/2025\/10\/556838265_1345096687616411_5046488612556277566_n-575x1024.jpg 575w, https:\/\/elmetropolitano.com.gt\/es\/wp-content\/uploads\/2025\/10\/556838265_1345096687616411_5046488612556277566_n-168x300.jpg 168w, https:\/\/elmetropolitano.com.gt\/es\/wp-content\/uploads\/2025\/10\/556838265_1345096687616411_5046488612556277566_n-768x1368.jpg 768w, https:\/\/elmetropolitano.com.gt\/es\/wp-content\/uploads\/2025\/10\/556838265_1345096687616411_5046488612556277566_n-863x1536.jpg 863w, https:\/\/elmetropolitano.com.gt\/es\/wp-content\/uploads\/2025\/10\/556838265_1345096687616411_5046488612556277566_n.jpg 1150w\" sizes=\"auto, (max-width: 575px) 100vw, 575px\" \/><\/figure>\n\n\n\n<figure class=\"wp-block-image size-large\"><img loading=\"lazy\" decoding=\"async\" width=\"1024\" height=\"767\" data-id=\"113520\" src=\"https:\/\/elmetropolitano.com.gt\/es\/wp-content\/uploads\/2025\/10\/557562386_1345096624283084_1830904494730834594_n-1024x767.jpg\" alt=\"\" class=\"wp-image-113520\" srcset=\"https:\/\/elmetropolitano.com.gt\/es\/wp-content\/uploads\/2025\/10\/557562386_1345096624283084_1830904494730834594_n-1024x767.jpg 1024w, https:\/\/elmetropolitano.com.gt\/es\/wp-content\/uploads\/2025\/10\/557562386_1345096624283084_1830904494730834594_n-300x225.jpg 300w, https:\/\/elmetropolitano.com.gt\/es\/wp-content\/uploads\/2025\/10\/557562386_1345096624283084_1830904494730834594_n-768x575.jpg 768w, https:\/\/elmetropolitano.com.gt\/es\/wp-content\/uploads\/2025\/10\/557562386_1345096624283084_1830904494730834594_n-1536x1150.jpg 1536w, https:\/\/elmetropolitano.com.gt\/es\/wp-content\/uploads\/2025\/10\/557562386_1345096624283084_1830904494730834594_n.jpg 1600w\" sizes=\"auto, (max-width: 1024px) 100vw, 1024px\" \/><\/figure>\n\n\n\n<figure class=\"wp-block-image size-large\"><img loading=\"lazy\" decoding=\"async\" width=\"575\" height=\"1024\" data-id=\"113524\" src=\"https:\/\/elmetropolitano.com.gt\/es\/wp-content\/uploads\/2025\/10\/558171575_1345096707616409_1400976192229731302_n-575x1024.jpg\" alt=\"\" class=\"wp-image-113524\" srcset=\"https:\/\/elmetropolitano.com.gt\/es\/wp-content\/uploads\/2025\/10\/558171575_1345096707616409_1400976192229731302_n-575x1024.jpg 575w, https:\/\/elmetropolitano.com.gt\/es\/wp-content\/uploads\/2025\/10\/558171575_1345096707616409_1400976192229731302_n-168x300.jpg 168w, https:\/\/elmetropolitano.com.gt\/es\/wp-content\/uploads\/2025\/10\/558171575_1345096707616409_1400976192229731302_n-768x1368.jpg 768w, https:\/\/elmetropolitano.com.gt\/es\/wp-content\/uploads\/2025\/10\/558171575_1345096707616409_1400976192229731302_n-863x1536.jpg 863w, https:\/\/elmetropolitano.com.gt\/es\/wp-content\/uploads\/2025\/10\/558171575_1345096707616409_1400976192229731302_n.jpg 1150w\" sizes=\"auto, (max-width: 575px) 100vw, 575px\" \/><\/figure>\n\n\n\n<figure class=\"wp-block-image size-large\"><img loading=\"lazy\" decoding=\"async\" width=\"1024\" height=\"767\" data-id=\"113523\" src=\"https:\/\/elmetropolitano.com.gt\/es\/wp-content\/uploads\/2025\/10\/558998120_1345096680949745_3448835106914377667_n-1024x767.jpg\" alt=\"\" class=\"wp-image-113523\" srcset=\"https:\/\/elmetropolitano.com.gt\/es\/wp-content\/uploads\/2025\/10\/558998120_1345096680949745_3448835106914377667_n-1024x767.jpg 1024w, https:\/\/elmetropolitano.com.gt\/es\/wp-content\/uploads\/2025\/10\/558998120_1345096680949745_3448835106914377667_n-300x225.jpg 300w, https:\/\/elmetropolitano.com.gt\/es\/wp-content\/uploads\/2025\/10\/558998120_1345096680949745_3448835106914377667_n-768x575.jpg 768w, https:\/\/elmetropolitano.com.gt\/es\/wp-content\/uploads\/2025\/10\/558998120_1345096680949745_3448835106914377667_n-1536x1150.jpg 1536w, https:\/\/elmetropolitano.com.gt\/es\/wp-content\/uploads\/2025\/10\/558998120_1345096680949745_3448835106914377667_n.jpg 1600w\" sizes=\"auto, (max-width: 1024px) 100vw, 1024px\" \/><\/figure>\n\n\n\n<figure class=\"wp-block-image size-large\"><img loading=\"lazy\" decoding=\"async\" width=\"1024\" height=\"575\" data-id=\"113519\" src=\"https:\/\/elmetropolitano.com.gt\/es\/wp-content\/uploads\/2025\/10\/560549912_1345096717616408_37421008019537323_n-1024x575.jpg\" alt=\"\" class=\"wp-image-113519\" srcset=\"https:\/\/elmetropolitano.com.gt\/es\/wp-content\/uploads\/2025\/10\/560549912_1345096717616408_37421008019537323_n-1024x575.jpg 1024w, https:\/\/elmetropolitano.com.gt\/es\/wp-content\/uploads\/2025\/10\/560549912_1345096717616408_37421008019537323_n-300x168.jpg 300w, https:\/\/elmetropolitano.com.gt\/es\/wp-content\/uploads\/2025\/10\/560549912_1345096717616408_37421008019537323_n-768x431.jpg 768w, https:\/\/elmetropolitano.com.gt\/es\/wp-content\/uploads\/2025\/10\/560549912_1345096717616408_37421008019537323_n-1536x863.jpg 1536w, https:\/\/elmetropolitano.com.gt\/es\/wp-content\/uploads\/2025\/10\/560549912_1345096717616408_37421008019537323_n.jpg 2048w\" sizes=\"auto, (max-width: 1024px) 100vw, 1024px\" \/><\/figure>\n<\/figure>\n","protected":false},"excerpt":{"rendered":"<p>Lideres de Am\u00e9rica Latina y el Caribe analizaron en Guatemala el futuro de la fiscalidad digital en su regi\u00f3n durante el Factura Electr\u00f3nica Summit 2025, un evento que reuni\u00f3 a autoridades tributarias, organismos multilaterales, expertos internacionales, empresas certificadoras y l\u00edderes del sector privado en un espacio de di\u00e1logo e intercambio de experiencias. El Summit fue <a class=\"read-more\" href=\"https:\/\/elmetropolitano.com.gt\/es\/primer-factura-electronica-summit-2025-reune-a-mas-de-300-lideres-y-consolida-el-liderazgo-de-guatemala-en-transformacion-digital\/\">Leer m\u00e1s<\/a><\/p>\n","protected":false},"author":1,"featured_media":113518,"comment_status":"open","ping_status":"closed","sticky":false,"template":"","format":"standard","meta":{"footnotes":""},"categories":[21],"tags":[20],"class_list":["post-113517","post","type-post","status-publish","format-standard","has-post-thumbnail","hentry","category-economia","tag-economia"],"_links":{"self":[{"href":"https:\/\/elmetropolitano.com.gt\/es\/wp-json\/wp\/v2\/posts\/113517","targetHints":{"allow":["GET"]}}],"collection":[{"href":"https:\/\/elmetropolitano.com.gt\/es\/wp-json\/wp\/v2\/posts"}],"about":[{"href":"https:\/\/elmetropolitano.com.gt\/es\/wp-json\/wp\/v2\/types\/post"}],"author":[{"embeddable":true,"href":"https:\/\/elmetropolitano.com.gt\/es\/wp-json\/wp\/v2\/users\/1"}],"replies":[{"embeddable":true,"href":"https:\/\/elmetropolitano.com.gt\/es\/wp-json\/wp\/v2\/comments?post=113517"}],"version-history":[{"count":1,"href":"https:\/\/elmetropolitano.com.gt\/es\/wp-json\/wp\/v2\/posts\/113517\/revisions"}],"predecessor-version":[{"id":113525,"href":"https:\/\/elmetropolitano.com.gt\/es\/wp-json\/wp\/v2\/posts\/113517\/revisions\/113525"}],"wp:featuredmedia":[{"embeddable":true,"href":"https:\/\/elmetropolitano.com.gt\/es\/wp-json\/wp\/v2\/media\/113518"}],"wp:attachment":[{"href":"https:\/\/elmetropolitano.com.gt\/es\/wp-json\/wp\/v2\/media?parent=113517"}],"wp:term":[{"taxonomy":"category","embeddable":true,"href":"https:\/\/elmetropolitano.com.gt\/es\/wp-json\/wp\/v2\/categories?post=113517"},{"taxonomy":"post_tag","embeddable":true,"href":"https:\/\/elmetropolitano.com.gt\/es\/wp-json\/wp\/v2\/tags?post=113517"}],"curies":[{"name":"wp","href":"https:\/\/api.w.org\/{rel}","templated":true}]}}