{"id":113526,"date":"2025-10-04T09:48:14","date_gmt":"2025-10-04T15:48:14","guid":{"rendered":"https:\/\/elmetropolitano.com.gt\/es\/?p=113526"},"modified":"2025-10-04T09:48:15","modified_gmt":"2025-10-04T15:48:15","slug":"siero-considera-que-presidente-arevalo-le-dio-la-espalda-a-los-municipios-al-vetar-ley-codedes","status":"publish","type":"post","link":"https:\/\/elmetropolitano.com.gt\/es\/siero-considera-que-presidente-arevalo-le-dio-la-espalda-a-los-municipios-al-vetar-ley-codedes\/","title":{"rendered":"Siero considera que presidente Ar\u00e9valo le dio la espalda a los municipios al vetar Ley CODEDES"},"content":{"rendered":"\n<p><a><\/a>El presidente de la Asociaci\u00f3n Nacional de Municipalidades ANAM el alcalde de Santa Catarina Pinula, Sebasti\u00e1n Siero, expres\u00f3 su rechazo al veto del Decreto 07-2025, Ley de Fortalecimiento Financiero y Continuidad de Proyectos de Consejos Departamentales de Desarrollo (Ley Codedes), emitido por el presidente Bernardo Ar\u00e9valo, quien considera que con esta decisi\u00f3n le dio la espalda a los municipios.<\/p>\n\n\n\n<p>En un mensaje en su cuenta social en X, el alcalde Siero se\u00f1al\u00f3 que respeta la decisi\u00f3n presidencial, pero rechaza las razones por las que fue vetado, ya que, seg\u00fan \u00e9l, \u201ccontradicen iniciativas de su propio partido y del Ministro de Finanzas\u201d.<\/p><div class=\"elmet-contenido\" id=\"elmet-2671965311\"><div class=\"elmet-adlabel\">Anuncios<\/div><div style=\"margin-top: 20px;margin-right: 20px;margin-bottom: 20px;margin-left: 20px;\" id=\"elmet-389572870\"><a href=\"https:\/\/www.facebook.com\/arrincuanantigua\/\" aria-label=\"cintillo-arrin-cual\"><img loading=\"lazy\" decoding=\"async\" src=\"https:\/\/elmetropolitano.com.gt\/es\/wp-content\/uploads\/2021\/11\/cintillo-arrin-cual-1.jpg\" alt=\"\"  srcset=\"https:\/\/elmetropolitano.com.gt\/es\/wp-content\/uploads\/2021\/11\/cintillo-arrin-cual-1.jpg 750w, https:\/\/elmetropolitano.com.gt\/es\/wp-content\/uploads\/2021\/11\/cintillo-arrin-cual-1-300x36.jpg 300w, https:\/\/elmetropolitano.com.gt\/es\/wp-content\/uploads\/2021\/11\/cintillo-arrin-cual-1-600x72.jpg 600w\" sizes=\"(max-width: 750px) 100vw, 750px\" width=\"750\" height=\"90\"   \/><\/a><\/div><\/div>\n\n\n\n<p>En su mensaje Siero expresa que m\u00e1s de 300 alcaldes respaldan a los diputados que aprobaron la ley con 108 votos en el Congreso de la Rep\u00fablica, por lo que \u201clos animan a revertir el veto conforme al art\u00edculo 179 de la Constituci\u00f3n\u201d<\/p>\n\n\n\n<p>A criterio de Sebasti\u00e1n Siero el Presidente Bernardo Ar\u00e9valo \u201cle dio la espalda a los municipios\u201d, y que sancionar el decreto era su oportunidad \u201cpara demostrar que combate la corrupci\u00f3n y eliminar el chantaje pol\u00edtico, para condicionar apoyos y votos en el Congreso, con las obras de los Consejos de Desarrollo\u201d enfatizando que \u201cse convirti\u00f3 en lo que ofreci\u00f3 combatir\u201d, manifest\u00f3 el alcalde.<\/p>\n\n\n\n<p>La Ley CODEDES a sido duramente criticada por diversos sectores de la Poblaci\u00f3n por favorecer \u00fanicamente la Corrupcion, por lo que la pr\u00f3xima semana se evidenciar\u00e1 quienes son los diputados que est\u00e1n a favor de la transparencia y rechazan el veto o a favor de la corrupcion y revierten el mismo y lo mandan a publicar al Diario oficial de Centro Am\u00e9rica.<\/p>\n\n\n\n<p><a href=\"https:\/\/www.facebook.com\/hashtag\/veto?__cft__[0]=AZWoIfSRgOGAF4UXqKOB6nuUj2QwfCKKZu66QSCyGSMvuFcP-2mt4mYF6gBZEjM4I6bnd3uMeYlr-eMKq1Nhykw9Kxq8NA8xQqKxZuJMMDRTI7BRpKHaarKdxZY2FwnJeCa0C7aBK6znMpEQ7CaUv3DuRNlF_3H12hr4yrb1YZ9EOUV2UIZZe_oGN8oTK8O4cL4&amp;__tn__=*NK-R\">#veto<\/a><a href=\"https:\/\/www.facebook.com\/hashtag\/codedes?__cft__[0]=AZWoIfSRgOGAF4UXqKOB6nuUj2QwfCKKZu66QSCyGSMvuFcP-2mt4mYF6gBZEjM4I6bnd3uMeYlr-eMKq1Nhykw9Kxq8NA8xQqKxZuJMMDRTI7BRpKHaarKdxZY2FwnJeCa0C7aBK6znMpEQ7CaUv3DuRNlF_3H12hr4yrb1YZ9EOUV2UIZZe_oGN8oTK8O4cL4&amp;__tn__=*NK-R\">#Codedes<\/a><a href=\"https:\/\/www.facebook.com\/hashtag\/congresodelarepublica?__cft__[0]=AZWoIfSRgOGAF4UXqKOB6nuUj2QwfCKKZu66QSCyGSMvuFcP-2mt4mYF6gBZEjM4I6bnd3uMeYlr-eMKq1Nhykw9Kxq8NA8xQqKxZuJMMDRTI7BRpKHaarKdxZY2FwnJeCa0C7aBK6znMpEQ7CaUv3DuRNlF_3H12hr4yrb1YZ9EOUV2UIZZe_oGN8oTK8O4cL4&amp;__tn__=*NK-R\">#CongresoDeLaRepublica<\/a>  <a href=\"https:\/\/www.facebook.com\/hashtag\/metroredes?__cft__[0]=AZWoIfSRgOGAF4UXqKOB6nuUj2QwfCKKZu66QSCyGSMvuFcP-2mt4mYF6gBZEjM4I6bnd3uMeYlr-eMKq1Nhykw9Kxq8NA8xQqKxZuJMMDRTI7BRpKHaarKdxZY2FwnJeCa0C7aBK6znMpEQ7CaUv3DuRNlF_3H12hr4yrb1YZ9EOUV2UIZZe_oGN8oTK8O4cL4&amp;__tn__=*NK-R\">#metroredes<\/a><a href=\"https:\/\/www.facebook.com\/hashtag\/corrupcion?__cft__[0]=AZWoIfSRgOGAF4UXqKOB6nuUj2QwfCKKZu66QSCyGSMvuFcP-2mt4mYF6gBZEjM4I6bnd3uMeYlr-eMKq1Nhykw9Kxq8NA8xQqKxZuJMMDRTI7BRpKHaarKdxZY2FwnJeCa0C7aBK6znMpEQ7CaUv3DuRNlF_3H12hr4yrb1YZ9EOUV2UIZZe_oGN8oTK8O4cL4&amp;__tn__=*NK-R\">#Corrupcion<\/a><\/p>\n\n\n\n<figure class=\"wp-block-gallery has-nested-images columns-default is-cropped wp-block-gallery-1 is-layout-flex wp-block-gallery-is-layout-flex\">\n<figure class=\"wp-block-image size-large\"><img loading=\"lazy\" decoding=\"async\" width=\"1024\" height=\"768\" data-id=\"113529\" src=\"https:\/\/elmetropolitano.com.gt\/es\/wp-content\/uploads\/2025\/10\/557599551_1345145517611528_1857540667503938984_n-1-1024x768.jpg\" alt=\"\" class=\"wp-image-113529\" srcset=\"https:\/\/elmetropolitano.com.gt\/es\/wp-content\/uploads\/2025\/10\/557599551_1345145517611528_1857540667503938984_n-1-1024x768.jpg 1024w, https:\/\/elmetropolitano.com.gt\/es\/wp-content\/uploads\/2025\/10\/557599551_1345145517611528_1857540667503938984_n-1-300x225.jpg 300w, https:\/\/elmetropolitano.com.gt\/es\/wp-content\/uploads\/2025\/10\/557599551_1345145517611528_1857540667503938984_n-1-768x576.jpg 768w, https:\/\/elmetropolitano.com.gt\/es\/wp-content\/uploads\/2025\/10\/557599551_1345145517611528_1857540667503938984_n-1.jpg 1080w\" sizes=\"auto, (max-width: 1024px) 100vw, 1024px\" \/><\/figure>\n\n\n\n<figure class=\"wp-block-image size-large\"><img loading=\"lazy\" decoding=\"async\" width=\"630\" height=\"1024\" data-id=\"113528\" src=\"https:\/\/elmetropolitano.com.gt\/es\/wp-content\/uploads\/2025\/10\/557780105_1345144897611590_5687888926059463586_n-630x1024.jpg\" alt=\"\" class=\"wp-image-113528\" srcset=\"https:\/\/elmetropolitano.com.gt\/es\/wp-content\/uploads\/2025\/10\/557780105_1345144897611590_5687888926059463586_n-630x1024.jpg 630w, https:\/\/elmetropolitano.com.gt\/es\/wp-content\/uploads\/2025\/10\/557780105_1345144897611590_5687888926059463586_n-185x300.jpg 185w, https:\/\/elmetropolitano.com.gt\/es\/wp-content\/uploads\/2025\/10\/557780105_1345144897611590_5687888926059463586_n.jpg 720w\" sizes=\"auto, (max-width: 630px) 100vw, 630px\" \/><\/figure>\n<\/figure>\n","protected":false},"excerpt":{"rendered":"<p>El presidente de la Asociaci\u00f3n Nacional de Municipalidades ANAM el alcalde de Santa Catarina Pinula, Sebasti\u00e1n Siero, expres\u00f3 su rechazo al veto del Decreto 07-2025, Ley de Fortalecimiento Financiero y Continuidad de Proyectos de Consejos Departamentales de Desarrollo (Ley Codedes), emitido por el presidente Bernardo Ar\u00e9valo, quien considera que con esta decisi\u00f3n le dio la <a class=\"read-more\" href=\"https:\/\/elmetropolitano.com.gt\/es\/siero-considera-que-presidente-arevalo-le-dio-la-espalda-a-los-municipios-al-vetar-ley-codedes\/\">Leer m\u00e1s<\/a><\/p>\n","protected":false},"author":1,"featured_media":113527,"comment_status":"open","ping_status":"closed","sticky":false,"template":"","format":"standard","meta":{"footnotes":""},"categories":[2],"tags":[12],"class_list":["post-113526","post","type-post","status-publish","format-standard","has-post-thumbnail","hentry","category-nacionales","tag-nacionales"],"_links":{"self":[{"href":"https:\/\/elmetropolitano.com.gt\/es\/wp-json\/wp\/v2\/posts\/113526","targetHints":{"allow":["GET"]}}],"collection":[{"href":"https:\/\/elmetropolitano.com.gt\/es\/wp-json\/wp\/v2\/posts"}],"about":[{"href":"https:\/\/elmetropolitano.com.gt\/es\/wp-json\/wp\/v2\/types\/post"}],"author":[{"embeddable":true,"href":"https:\/\/elmetropolitano.com.gt\/es\/wp-json\/wp\/v2\/users\/1"}],"replies":[{"embeddable":true,"href":"https:\/\/elmetropolitano.com.gt\/es\/wp-json\/wp\/v2\/comments?post=113526"}],"version-history":[{"count":1,"href":"https:\/\/elmetropolitano.com.gt\/es\/wp-json\/wp\/v2\/posts\/113526\/revisions"}],"predecessor-version":[{"id":113530,"href":"https:\/\/elmetropolitano.com.gt\/es\/wp-json\/wp\/v2\/posts\/113526\/revisions\/113530"}],"wp:featuredmedia":[{"embeddable":true,"href":"https:\/\/elmetropolitano.com.gt\/es\/wp-json\/wp\/v2\/media\/113527"}],"wp:attachment":[{"href":"https:\/\/elmetropolitano.com.gt\/es\/wp-json\/wp\/v2\/media?parent=113526"}],"wp:term":[{"taxonomy":"category","embeddable":true,"href":"https:\/\/elmetropolitano.com.gt\/es\/wp-json\/wp\/v2\/categories?post=113526"},{"taxonomy":"post_tag","embeddable":true,"href":"https:\/\/elmetropolitano.com.gt\/es\/wp-json\/wp\/v2\/tags?post=113526"}],"curies":[{"name":"wp","href":"https:\/\/api.w.org\/{rel}","templated":true}]}}