{"id":113531,"date":"2025-10-04T09:59:35","date_gmt":"2025-10-04T15:59:35","guid":{"rendered":"https:\/\/elmetropolitano.com.gt\/es\/?p=113531"},"modified":"2025-10-04T09:59:36","modified_gmt":"2025-10-04T15:59:36","slug":"la-bancada-de-diputados-del-partido-cabal-lamenta-veto-presidencial-a-ley-codedes","status":"publish","type":"post","link":"https:\/\/elmetropolitano.com.gt\/es\/la-bancada-de-diputados-del-partido-cabal-lamenta-veto-presidencial-a-ley-codedes\/","title":{"rendered":"La Bancada de diputados del Partido Cabal lamenta veto Presidencial a Ley Codedes"},"content":{"rendered":"\n<p><a><\/a>La Bancada de diputados del Partido Cabal lamenta el veto del Presidente Bernardo Ar\u00e9valo al Decreto 7-2025, expresando que es una medida que retrasa la continuidad de proyectos locales esenciales para miles de familias guatemaltecas.<\/p>\n\n\n\n<p>\u201cEste decreto garantiza que los recursos lleguen directamente a las comunidades, a trav\u00e9s de los Consejos de Desarrollo Urbano y Rural, cumpliendo con el compromiso de atender la deuda hist\u00f3rica en infraestructura y desarrollo que afecta especialmente al interior del pa\u00eds\u201d indica Cabal en un comunicado de Prensa<\/p><div class=\"elmet-contenido\" id=\"elmet-1183401672\"><div class=\"elmet-adlabel\">Anuncios<\/div><div style=\"margin-top: 20px;margin-right: 20px;margin-bottom: 20px;margin-left: 20px;\" id=\"elmet-92047439\"><a href=\"https:\/\/www.facebook.com\/arrincuanantigua\/\" aria-label=\"cintillo-arrin-cual\"><img loading=\"lazy\" decoding=\"async\" src=\"https:\/\/elmetropolitano.com.gt\/es\/wp-content\/uploads\/2021\/11\/cintillo-arrin-cual-1.jpg\" alt=\"\"  srcset=\"https:\/\/elmetropolitano.com.gt\/es\/wp-content\/uploads\/2021\/11\/cintillo-arrin-cual-1.jpg 750w, https:\/\/elmetropolitano.com.gt\/es\/wp-content\/uploads\/2021\/11\/cintillo-arrin-cual-1-300x36.jpg 300w, https:\/\/elmetropolitano.com.gt\/es\/wp-content\/uploads\/2021\/11\/cintillo-arrin-cual-1-600x72.jpg 600w\" sizes=\"(max-width: 750px) 100vw, 750px\" width=\"750\" height=\"90\"   \/><\/a><\/div><\/div>\n\n\n\n<p>Agrega que \u201cEste compromiso fue adem\u00e1s una promesa p\u00fablica reciente del presidente Arevalo a los alcaldes, en un contexto de necesidades urgentes y con la mayor\u00eda de proyectos detenidos o con atrasos en tres cuartas partes de los mismos\u201d<\/p>\n\n\n\n<p>Analizar\u00e1n el veto<\/p>\n\n\n\n<p>\u201cEntendemos que el Ejecutivo ha se\u00f1alado posibles vicios de inconstitucionalidad y estamos a la espera de conocer con detalle los fundamentos legales del veto. No obstante, como fuerza pol\u00edtica reafirmamos nuestra prioridad: que los fondos p\u00fablicos lleguen a donde m\u00e1s se necesitan y que las obras no sigan detenidas\u201d<\/p>\n\n\n\n<p>Expresa finalmente que la \u201cBancada Cabal buscar\u00e1 consensos con otras fuerzas pol\u00edticas y con actores locales para alcanzar el objetivo que nos hemos planteado: invertir con transparencia en la gente y ofrecer resultados reales a las comunidades\u201d<\/p>\n\n\n\n<p><a href=\"https:\/\/www.facebook.com\/hashtag\/leycodedes?__cft__[0]=AZWRsSn026A4_gHTUOcdyQozWozTukh6WQshaX2i7dkNwd0_4yn-d-PYAd37hOjNO8eNhLEbhcNXGefJEmPeTYQWySqfAaRlNbhjv8gH_F_AW5szgeUjHlfSGFH20HclPeVHbAVMwQW_FwiqJmHAlSYY89tE_1kXBldQRpC60IzUZtvUPjz3XjE3B6YRYck6RQw&amp;__tn__=*NK-R\">#leycodedes<\/a><a href=\"https:\/\/www.facebook.com\/hashtag\/partidocabal?__cft__[0]=AZWRsSn026A4_gHTUOcdyQozWozTukh6WQshaX2i7dkNwd0_4yn-d-PYAd37hOjNO8eNhLEbhcNXGefJEmPeTYQWySqfAaRlNbhjv8gH_F_AW5szgeUjHlfSGFH20HclPeVHbAVMwQW_FwiqJmHAlSYY89tE_1kXBldQRpC60IzUZtvUPjz3XjE3B6YRYck6RQw&amp;__tn__=*NK-R\">#PartidoCabal<\/a><a href=\"https:\/\/www.facebook.com\/hashtag\/metroredes?__cft__[0]=AZWRsSn026A4_gHTUOcdyQozWozTukh6WQshaX2i7dkNwd0_4yn-d-PYAd37hOjNO8eNhLEbhcNXGefJEmPeTYQWySqfAaRlNbhjv8gH_F_AW5szgeUjHlfSGFH20HclPeVHbAVMwQW_FwiqJmHAlSYY89tE_1kXBldQRpC60IzUZtvUPjz3XjE3B6YRYck6RQw&amp;__tn__=*NK-R\">#metroredes<\/a><a href=\"https:\/\/www.facebook.com\/hashtag\/elfinancierogt?__cft__[0]=AZWRsSn026A4_gHTUOcdyQozWozTukh6WQshaX2i7dkNwd0_4yn-d-PYAd37hOjNO8eNhLEbhcNXGefJEmPeTYQWySqfAaRlNbhjv8gH_F_AW5szgeUjHlfSGFH20HclPeVHbAVMwQW_FwiqJmHAlSYY89tE_1kXBldQRpC60IzUZtvUPjz3XjE3B6YRYck6RQw&amp;__tn__=*NK-R\">#elfinancierogt<\/a><a href=\"https:\/\/www.facebook.com\/hashtag\/congresodelarepublica?__cft__[0]=AZWRsSn026A4_gHTUOcdyQozWozTukh6WQshaX2i7dkNwd0_4yn-d-PYAd37hOjNO8eNhLEbhcNXGefJEmPeTYQWySqfAaRlNbhjv8gH_F_AW5szgeUjHlfSGFH20HclPeVHbAVMwQW_FwiqJmHAlSYY89tE_1kXBldQRpC60IzUZtvUPjz3XjE3B6YRYck6RQw&amp;__tn__=*NK-R\">#CongresoDeLaRepublica<\/a><\/p>\n\n\n\n<figure class=\"wp-block-gallery has-nested-images columns-default is-cropped wp-block-gallery-1 is-layout-flex wp-block-gallery-is-layout-flex\">\n<figure class=\"wp-block-image size-large\"><img loading=\"lazy\" decoding=\"async\" width=\"960\" height=\"640\" data-id=\"113533\" src=\"https:\/\/elmetropolitano.com.gt\/es\/wp-content\/uploads\/2025\/10\/557462893_1345462764246470_178493766035167010_n-1.jpg\" alt=\"\" class=\"wp-image-113533\" srcset=\"https:\/\/elmetropolitano.com.gt\/es\/wp-content\/uploads\/2025\/10\/557462893_1345462764246470_178493766035167010_n-1.jpg 960w, https:\/\/elmetropolitano.com.gt\/es\/wp-content\/uploads\/2025\/10\/557462893_1345462764246470_178493766035167010_n-1-300x200.jpg 300w, https:\/\/elmetropolitano.com.gt\/es\/wp-content\/uploads\/2025\/10\/557462893_1345462764246470_178493766035167010_n-1-768x512.jpg 768w\" sizes=\"auto, (max-width: 960px) 100vw, 960px\" \/><\/figure>\n\n\n\n<figure class=\"wp-block-image size-large\"><img loading=\"lazy\" decoding=\"async\" width=\"804\" height=\"1024\" data-id=\"113534\" src=\"https:\/\/elmetropolitano.com.gt\/es\/wp-content\/uploads\/2025\/10\/557559618_1345462874246459_886294055643331069_n-804x1024.jpg\" alt=\"\" class=\"wp-image-113534\" srcset=\"https:\/\/elmetropolitano.com.gt\/es\/wp-content\/uploads\/2025\/10\/557559618_1345462874246459_886294055643331069_n-804x1024.jpg 804w, https:\/\/elmetropolitano.com.gt\/es\/wp-content\/uploads\/2025\/10\/557559618_1345462874246459_886294055643331069_n-236x300.jpg 236w, https:\/\/elmetropolitano.com.gt\/es\/wp-content\/uploads\/2025\/10\/557559618_1345462874246459_886294055643331069_n-768x978.jpg 768w, https:\/\/elmetropolitano.com.gt\/es\/wp-content\/uploads\/2025\/10\/557559618_1345462874246459_886294055643331069_n.jpg 1005w\" sizes=\"auto, (max-width: 804px) 100vw, 804px\" \/><\/figure>\n<\/figure>\n","protected":false},"excerpt":{"rendered":"<p>La Bancada de diputados del Partido Cabal lamenta el veto del Presidente Bernardo Ar\u00e9valo al Decreto 7-2025, expresando que es una medida que retrasa la continuidad de proyectos locales esenciales para miles de familias guatemaltecas. \u201cEste decreto garantiza que los recursos lleguen directamente a las comunidades, a trav\u00e9s de los Consejos de Desarrollo Urbano y <a class=\"read-more\" href=\"https:\/\/elmetropolitano.com.gt\/es\/la-bancada-de-diputados-del-partido-cabal-lamenta-veto-presidencial-a-ley-codedes\/\">Leer m\u00e1s<\/a><\/p>\n","protected":false},"author":1,"featured_media":113532,"comment_status":"open","ping_status":"closed","sticky":false,"template":"","format":"standard","meta":{"footnotes":""},"categories":[2],"tags":[12],"class_list":["post-113531","post","type-post","status-publish","format-standard","has-post-thumbnail","hentry","category-nacionales","tag-nacionales"],"_links":{"self":[{"href":"https:\/\/elmetropolitano.com.gt\/es\/wp-json\/wp\/v2\/posts\/113531","targetHints":{"allow":["GET"]}}],"collection":[{"href":"https:\/\/elmetropolitano.com.gt\/es\/wp-json\/wp\/v2\/posts"}],"about":[{"href":"https:\/\/elmetropolitano.com.gt\/es\/wp-json\/wp\/v2\/types\/post"}],"author":[{"embeddable":true,"href":"https:\/\/elmetropolitano.com.gt\/es\/wp-json\/wp\/v2\/users\/1"}],"replies":[{"embeddable":true,"href":"https:\/\/elmetropolitano.com.gt\/es\/wp-json\/wp\/v2\/comments?post=113531"}],"version-history":[{"count":1,"href":"https:\/\/elmetropolitano.com.gt\/es\/wp-json\/wp\/v2\/posts\/113531\/revisions"}],"predecessor-version":[{"id":113535,"href":"https:\/\/elmetropolitano.com.gt\/es\/wp-json\/wp\/v2\/posts\/113531\/revisions\/113535"}],"wp:featuredmedia":[{"embeddable":true,"href":"https:\/\/elmetropolitano.com.gt\/es\/wp-json\/wp\/v2\/media\/113532"}],"wp:attachment":[{"href":"https:\/\/elmetropolitano.com.gt\/es\/wp-json\/wp\/v2\/media?parent=113531"}],"wp:term":[{"taxonomy":"category","embeddable":true,"href":"https:\/\/elmetropolitano.com.gt\/es\/wp-json\/wp\/v2\/categories?post=113531"},{"taxonomy":"post_tag","embeddable":true,"href":"https:\/\/elmetropolitano.com.gt\/es\/wp-json\/wp\/v2\/tags?post=113531"}],"curies":[{"name":"wp","href":"https:\/\/api.w.org\/{rel}","templated":true}]}}