{"id":113587,"date":"2025-10-05T20:29:35","date_gmt":"2025-10-06T02:29:35","guid":{"rendered":"https:\/\/elmetropolitano.com.gt\/es\/?p=113587"},"modified":"2025-10-05T20:29:36","modified_gmt":"2025-10-06T02:29:36","slug":"la-noche-de-leyendas-revive-la-historia-guatemalteca-en-el-palacio-nacional-de-la-cultura","status":"publish","type":"post","link":"https:\/\/elmetropolitano.com.gt\/es\/la-noche-de-leyendas-revive-la-historia-guatemalteca-en-el-palacio-nacional-de-la-cultura\/","title":{"rendered":"La Noche de Leyendas revive la historia guatemalteca en el Palacio Nacional de la Cultura"},"content":{"rendered":"\n<p><a><\/a>El Palacio Nacional de la Cultura se llen\u00f3 de oscuridad, misterio e historia con la \u201cNoche de Leyendas\u201d, un evento abierto al p\u00fablico que combin\u00f3 arte, teatro y tradici\u00f3n para acercar a los guatemaltecos las ra\u00edces culturales del pa\u00eds.<\/p>\n\n\n\n<p>De esta manera, los asistentes recorrieron los emblem\u00e1ticos pasillos de este edificio hist\u00f3rico, donde personajes c\u00e9lebres y relatos populares que forman parte de la cultura guatemalteca cobraron vida.<\/p><div class=\"elmet-contenido\" id=\"elmet-815837047\"><div class=\"elmet-adlabel\">Anuncios<\/div><div style=\"margin-top: 20px;margin-right: 20px;margin-bottom: 20px;margin-left: 20px;\" id=\"elmet-1620415563\"><a href=\"https:\/\/www.facebook.com\/arrincuanantigua\/\" aria-label=\"cintillo-arrin-cual\"><img loading=\"lazy\" decoding=\"async\" src=\"https:\/\/elmetropolitano.com.gt\/es\/wp-content\/uploads\/2021\/11\/cintillo-arrin-cual-1.jpg\" alt=\"\"  srcset=\"https:\/\/elmetropolitano.com.gt\/es\/wp-content\/uploads\/2021\/11\/cintillo-arrin-cual-1.jpg 750w, https:\/\/elmetropolitano.com.gt\/es\/wp-content\/uploads\/2021\/11\/cintillo-arrin-cual-1-300x36.jpg 300w, https:\/\/elmetropolitano.com.gt\/es\/wp-content\/uploads\/2021\/11\/cintillo-arrin-cual-1-600x72.jpg 600w\" sizes=\"(max-width: 750px) 100vw, 750px\" width=\"750\" height=\"90\"   \/><\/a><\/div><\/div>\n\n\n\n<p>Personajes hist\u00f3ricos que regresan con el tiempo<\/p>\n\n\n\n<p>Entre luces tenues y melod\u00edas antiguas, actores caracterizados de figuras como Jos\u00e9 Milla y Vidaurre y Jorge Ubico ofrecieron una experiencia teatral \u00fanica.<\/p>\n\n\n\n<p>El primer personaje del recorrido fue Jorge Ubico, quien se present\u00f3 en el ic\u00f3nico Sal\u00f3n Banderas, contando su versi\u00f3n de su periodo presidencial.<\/p>\n\n\n\n<p>A trav\u00e9s de sus representaciones, los visitantes pudieron conocer fragmentos de la historia pol\u00edtica y literaria del pa\u00eds, recreados en los mismos espacios donde se tomaron decisiones que marcaron la historia y el presente de Guatemala. Adem\u00e1s, la interpretaci\u00f3n de los artistas permiti\u00f3 conectar el pasado con el presente, despertando el inter\u00e9s por la memoria hist\u00f3rica y la identidad guatemalteca.<\/p>\n\n\n\n<p>Igualmente, el recorrido tambi\u00e9n destac\u00f3 el valor arquitect\u00f3nico del Palacio Nacional, s\u00edmbolo del patrimonio nacional y c\u00f3mplice de miles de decisiones a lo largo de las d\u00e9cadas. As\u00ed, cada pasillo se convirti\u00f3 en escenario, invitando al p\u00fablico a apreciar la majestuosidad del edificio desde una perspectiva distinta, donde el arte esc\u00e9nico se fusion\u00f3 con la historia viva del pa\u00eds.<\/p>\n\n\n\n<p>Leyendas que caminan entre los visitantes<\/p>\n\n\n\n<p>Asimismo, el suspenso y la tradici\u00f3n tambi\u00e9n estuvieron presentes con personajes emblem\u00e1ticos como La Llorona, El Sombrer\u00f3n, Vanushka, la patrona de los corazones rotos y Pie de Lana que acompa\u00f1aron a los asistentes en una experiencia inmersiva que despert\u00f3 emociones entre el miedo y la fascinaci\u00f3n.<\/p>\n\n\n\n<p>Las actuaciones transportaron a los visitantes a un universo donde lo real y lo legendario se entrelazan, manteniendo viva la herencia oral que se transmite desde cientos de generaciones atr\u00e1s.<\/p>\n\n\n\n<p>Esta actividad forma parte de las iniciativas del Ministerio de Cultura y Deportes (MCD) para promover el arte y la cultura nacional, fortaleciendo el v\u00ednculo de la poblaci\u00f3n con sus ra\u00edces mientras se fomenta el turismo cultural.<\/p>\n\n\n\n<p>La Noche de Leyendas no solo llen\u00f3 de vida el Palacio Nacional, sino tambi\u00e9n reafirm\u00f3 el poder del arte como veh\u00edculo para conservar la memoria y las tradiciones del pa\u00eds.<\/p>\n\n\n\n<p>Texto: Mariana L\u00f3pez<\/p>\n\n\n\n<p><a href=\"https:\/\/www.facebook.com\/hashtag\/nochedeleyendas?__cft__[0]=AZUNujn1e6L_sHSNmKTwvZr1wMAnwGEdrMt6vSK4by_e006zKwQ5_LqC7mR1bBA_I4dgQ3WuqxWdW63_8X3tXNLGyhA3kD4xCl-pk_20vyaCTpds6IFo5PZssOOSNNh7U7d8eS_KgY44SAdKiJzkHuffHmT-I3vMH94cGHvduDyj-7l6S2qReiwj7VRWkEy1aMA&amp;__tn__=*NK-R\">#NocheDeLeyendas<\/a><a href=\"https:\/\/www.facebook.com\/hashtag\/metroredes?__cft__[0]=AZUNujn1e6L_sHSNmKTwvZr1wMAnwGEdrMt6vSK4by_e006zKwQ5_LqC7mR1bBA_I4dgQ3WuqxWdW63_8X3tXNLGyhA3kD4xCl-pk_20vyaCTpds6IFo5PZssOOSNNh7U7d8eS_KgY44SAdKiJzkHuffHmT-I3vMH94cGHvduDyj-7l6S2qReiwj7VRWkEy1aMA&amp;__tn__=*NK-R\">#metroredes<\/a><a href=\"https:\/\/www.facebook.com\/hashtag\/mcd?__cft__[0]=AZUNujn1e6L_sHSNmKTwvZr1wMAnwGEdrMt6vSK4by_e006zKwQ5_LqC7mR1bBA_I4dgQ3WuqxWdW63_8X3tXNLGyhA3kD4xCl-pk_20vyaCTpds6IFo5PZssOOSNNh7U7d8eS_KgY44SAdKiJzkHuffHmT-I3vMH94cGHvduDyj-7l6S2qReiwj7VRWkEy1aMA&amp;__tn__=*NK-R\">#MCD<\/a>  <a href=\"https:\/\/www.facebook.com\/hashtag\/palacionacionaldelacultura?__cft__[0]=AZUNujn1e6L_sHSNmKTwvZr1wMAnwGEdrMt6vSK4by_e006zKwQ5_LqC7mR1bBA_I4dgQ3WuqxWdW63_8X3tXNLGyhA3kD4xCl-pk_20vyaCTpds6IFo5PZssOOSNNh7U7d8eS_KgY44SAdKiJzkHuffHmT-I3vMH94cGHvduDyj-7l6S2qReiwj7VRWkEy1aMA&amp;__tn__=*NK-R\">#palacionacionaldelacultura<\/a><\/p>\n\n\n\n<figure class=\"wp-block-gallery has-nested-images columns-default is-cropped wp-block-gallery-1 is-layout-flex wp-block-gallery-is-layout-flex\">\n<figure class=\"wp-block-image size-large\"><img loading=\"lazy\" decoding=\"async\" width=\"1024\" height=\"533\" data-id=\"113590\" src=\"https:\/\/elmetropolitano.com.gt\/es\/wp-content\/uploads\/2025\/10\/556673028_1346085197517560_5666631653570562446_n-1-1024x533.jpg\" alt=\"\" class=\"wp-image-113590\" srcset=\"https:\/\/elmetropolitano.com.gt\/es\/wp-content\/uploads\/2025\/10\/556673028_1346085197517560_5666631653570562446_n-1-1024x533.jpg 1024w, https:\/\/elmetropolitano.com.gt\/es\/wp-content\/uploads\/2025\/10\/556673028_1346085197517560_5666631653570562446_n-1-300x156.jpg 300w, https:\/\/elmetropolitano.com.gt\/es\/wp-content\/uploads\/2025\/10\/556673028_1346085197517560_5666631653570562446_n-1-768x400.jpg 768w, https:\/\/elmetropolitano.com.gt\/es\/wp-content\/uploads\/2025\/10\/556673028_1346085197517560_5666631653570562446_n-1.jpg 1095w\" sizes=\"auto, (max-width: 1024px) 100vw, 1024px\" \/><\/figure>\n\n\n\n<figure class=\"wp-block-image size-large\"><img loading=\"lazy\" decoding=\"async\" width=\"1024\" height=\"657\" data-id=\"113589\" src=\"https:\/\/elmetropolitano.com.gt\/es\/wp-content\/uploads\/2025\/10\/557082101_1346085177517562_514066694306671938_n-1024x657.jpg\" alt=\"\" class=\"wp-image-113589\" srcset=\"https:\/\/elmetropolitano.com.gt\/es\/wp-content\/uploads\/2025\/10\/557082101_1346085177517562_514066694306671938_n-1024x657.jpg 1024w, https:\/\/elmetropolitano.com.gt\/es\/wp-content\/uploads\/2025\/10\/557082101_1346085177517562_514066694306671938_n-300x192.jpg 300w, https:\/\/elmetropolitano.com.gt\/es\/wp-content\/uploads\/2025\/10\/557082101_1346085177517562_514066694306671938_n-768x493.jpg 768w, https:\/\/elmetropolitano.com.gt\/es\/wp-content\/uploads\/2025\/10\/557082101_1346085177517562_514066694306671938_n.jpg 1102w\" sizes=\"auto, (max-width: 1024px) 100vw, 1024px\" \/><\/figure>\n\n\n\n<figure class=\"wp-block-image size-large\"><img loading=\"lazy\" decoding=\"async\" width=\"1024\" height=\"667\" data-id=\"113596\" src=\"https:\/\/elmetropolitano.com.gt\/es\/wp-content\/uploads\/2025\/10\/557326617_1346085227517557_8752667298706413546_n-1024x667.jpg\" alt=\"\" class=\"wp-image-113596\" srcset=\"https:\/\/elmetropolitano.com.gt\/es\/wp-content\/uploads\/2025\/10\/557326617_1346085227517557_8752667298706413546_n-1024x667.jpg 1024w, https:\/\/elmetropolitano.com.gt\/es\/wp-content\/uploads\/2025\/10\/557326617_1346085227517557_8752667298706413546_n-300x195.jpg 300w, https:\/\/elmetropolitano.com.gt\/es\/wp-content\/uploads\/2025\/10\/557326617_1346085227517557_8752667298706413546_n-768x500.jpg 768w, https:\/\/elmetropolitano.com.gt\/es\/wp-content\/uploads\/2025\/10\/557326617_1346085227517557_8752667298706413546_n.jpg 1102w\" sizes=\"auto, (max-width: 1024px) 100vw, 1024px\" \/><\/figure>\n\n\n\n<figure class=\"wp-block-image size-large\"><img loading=\"lazy\" decoding=\"async\" width=\"1024\" height=\"659\" data-id=\"113593\" src=\"https:\/\/elmetropolitano.com.gt\/es\/wp-content\/uploads\/2025\/10\/557363071_1346085157517564_4567668926043125460_n-1024x659.jpg\" alt=\"\" class=\"wp-image-113593\" srcset=\"https:\/\/elmetropolitano.com.gt\/es\/wp-content\/uploads\/2025\/10\/557363071_1346085157517564_4567668926043125460_n-1024x659.jpg 1024w, https:\/\/elmetropolitano.com.gt\/es\/wp-content\/uploads\/2025\/10\/557363071_1346085157517564_4567668926043125460_n-300x193.jpg 300w, https:\/\/elmetropolitano.com.gt\/es\/wp-content\/uploads\/2025\/10\/557363071_1346085157517564_4567668926043125460_n-768x494.jpg 768w, https:\/\/elmetropolitano.com.gt\/es\/wp-content\/uploads\/2025\/10\/557363071_1346085157517564_4567668926043125460_n.jpg 1067w\" sizes=\"auto, (max-width: 1024px) 100vw, 1024px\" \/><\/figure>\n\n\n\n<figure class=\"wp-block-image size-large\"><img loading=\"lazy\" decoding=\"async\" width=\"1024\" height=\"660\" data-id=\"113595\" src=\"https:\/\/elmetropolitano.com.gt\/es\/wp-content\/uploads\/2025\/10\/557624027_1346085144184232_4678248374895647945_n-1024x660.jpg\" alt=\"\" class=\"wp-image-113595\" srcset=\"https:\/\/elmetropolitano.com.gt\/es\/wp-content\/uploads\/2025\/10\/557624027_1346085144184232_4678248374895647945_n-1024x660.jpg 1024w, https:\/\/elmetropolitano.com.gt\/es\/wp-content\/uploads\/2025\/10\/557624027_1346085144184232_4678248374895647945_n-300x193.jpg 300w, https:\/\/elmetropolitano.com.gt\/es\/wp-content\/uploads\/2025\/10\/557624027_1346085144184232_4678248374895647945_n-768x495.jpg 768w, https:\/\/elmetropolitano.com.gt\/es\/wp-content\/uploads\/2025\/10\/557624027_1346085144184232_4678248374895647945_n.jpg 1086w\" sizes=\"auto, (max-width: 1024px) 100vw, 1024px\" \/><\/figure>\n\n\n\n<figure class=\"wp-block-image size-large\"><img loading=\"lazy\" decoding=\"async\" width=\"1024\" height=\"649\" data-id=\"113594\" src=\"https:\/\/elmetropolitano.com.gt\/es\/wp-content\/uploads\/2025\/10\/557937199_1346085134184233_6580019077247538492_n-1024x649.jpg\" alt=\"\" class=\"wp-image-113594\" srcset=\"https:\/\/elmetropolitano.com.gt\/es\/wp-content\/uploads\/2025\/10\/557937199_1346085134184233_6580019077247538492_n-1024x649.jpg 1024w, https:\/\/elmetropolitano.com.gt\/es\/wp-content\/uploads\/2025\/10\/557937199_1346085134184233_6580019077247538492_n-300x190.jpg 300w, https:\/\/elmetropolitano.com.gt\/es\/wp-content\/uploads\/2025\/10\/557937199_1346085134184233_6580019077247538492_n-768x487.jpg 768w, https:\/\/elmetropolitano.com.gt\/es\/wp-content\/uploads\/2025\/10\/557937199_1346085134184233_6580019077247538492_n.jpg 1092w\" sizes=\"auto, (max-width: 1024px) 100vw, 1024px\" \/><\/figure>\n\n\n\n<figure class=\"wp-block-image size-large\"><img loading=\"lazy\" decoding=\"async\" width=\"1024\" height=\"669\" data-id=\"113591\" src=\"https:\/\/elmetropolitano.com.gt\/es\/wp-content\/uploads\/2025\/10\/558973512_1346085204184226_266049393787670766_n-1024x669.jpg\" alt=\"\" class=\"wp-image-113591\" srcset=\"https:\/\/elmetropolitano.com.gt\/es\/wp-content\/uploads\/2025\/10\/558973512_1346085204184226_266049393787670766_n-1024x669.jpg 1024w, https:\/\/elmetropolitano.com.gt\/es\/wp-content\/uploads\/2025\/10\/558973512_1346085204184226_266049393787670766_n-300x196.jpg 300w, https:\/\/elmetropolitano.com.gt\/es\/wp-content\/uploads\/2025\/10\/558973512_1346085204184226_266049393787670766_n-768x502.jpg 768w, https:\/\/elmetropolitano.com.gt\/es\/wp-content\/uploads\/2025\/10\/558973512_1346085204184226_266049393787670766_n.jpg 1082w\" sizes=\"auto, (max-width: 1024px) 100vw, 1024px\" \/><\/figure>\n\n\n\n<figure class=\"wp-block-image size-large\"><img loading=\"lazy\" decoding=\"async\" width=\"1024\" height=\"665\" data-id=\"113592\" src=\"https:\/\/elmetropolitano.com.gt\/es\/wp-content\/uploads\/2025\/10\/560443311_1346085217517558_784727303870609187_n-1024x665.jpg\" alt=\"\" class=\"wp-image-113592\" srcset=\"https:\/\/elmetropolitano.com.gt\/es\/wp-content\/uploads\/2025\/10\/560443311_1346085217517558_784727303870609187_n-1024x665.jpg 1024w, https:\/\/elmetropolitano.com.gt\/es\/wp-content\/uploads\/2025\/10\/560443311_1346085217517558_784727303870609187_n-300x195.jpg 300w, https:\/\/elmetropolitano.com.gt\/es\/wp-content\/uploads\/2025\/10\/560443311_1346085217517558_784727303870609187_n-768x499.jpg 768w, https:\/\/elmetropolitano.com.gt\/es\/wp-content\/uploads\/2025\/10\/560443311_1346085217517558_784727303870609187_n.jpg 1112w\" sizes=\"auto, (max-width: 1024px) 100vw, 1024px\" \/><\/figure>\n<\/figure>\n","protected":false},"excerpt":{"rendered":"<p>El Palacio Nacional de la Cultura se llen\u00f3 de oscuridad, misterio e historia con la \u201cNoche de Leyendas\u201d, un evento abierto al p\u00fablico que combin\u00f3 arte, teatro y tradici\u00f3n para acercar a los guatemaltecos las ra\u00edces culturales del pa\u00eds. De esta manera, los asistentes recorrieron los emblem\u00e1ticos pasillos de este edificio hist\u00f3rico, donde personajes c\u00e9lebres <a class=\"read-more\" href=\"https:\/\/elmetropolitano.com.gt\/es\/la-noche-de-leyendas-revive-la-historia-guatemalteca-en-el-palacio-nacional-de-la-cultura\/\">Leer m\u00e1s<\/a><\/p>\n","protected":false},"author":1,"featured_media":113588,"comment_status":"open","ping_status":"closed","sticky":false,"template":"","format":"standard","meta":{"footnotes":""},"categories":[1],"tags":[30],"class_list":["post-113587","post","type-post","status-publish","format-standard","has-post-thumbnail","hentry","category-uncategorized","tag-culturales"],"_links":{"self":[{"href":"https:\/\/elmetropolitano.com.gt\/es\/wp-json\/wp\/v2\/posts\/113587","targetHints":{"allow":["GET"]}}],"collection":[{"href":"https:\/\/elmetropolitano.com.gt\/es\/wp-json\/wp\/v2\/posts"}],"about":[{"href":"https:\/\/elmetropolitano.com.gt\/es\/wp-json\/wp\/v2\/types\/post"}],"author":[{"embeddable":true,"href":"https:\/\/elmetropolitano.com.gt\/es\/wp-json\/wp\/v2\/users\/1"}],"replies":[{"embeddable":true,"href":"https:\/\/elmetropolitano.com.gt\/es\/wp-json\/wp\/v2\/comments?post=113587"}],"version-history":[{"count":1,"href":"https:\/\/elmetropolitano.com.gt\/es\/wp-json\/wp\/v2\/posts\/113587\/revisions"}],"predecessor-version":[{"id":113597,"href":"https:\/\/elmetropolitano.com.gt\/es\/wp-json\/wp\/v2\/posts\/113587\/revisions\/113597"}],"wp:featuredmedia":[{"embeddable":true,"href":"https:\/\/elmetropolitano.com.gt\/es\/wp-json\/wp\/v2\/media\/113588"}],"wp:attachment":[{"href":"https:\/\/elmetropolitano.com.gt\/es\/wp-json\/wp\/v2\/media?parent=113587"}],"wp:term":[{"taxonomy":"category","embeddable":true,"href":"https:\/\/elmetropolitano.com.gt\/es\/wp-json\/wp\/v2\/categories?post=113587"},{"taxonomy":"post_tag","embeddable":true,"href":"https:\/\/elmetropolitano.com.gt\/es\/wp-json\/wp\/v2\/tags?post=113587"}],"curies":[{"name":"wp","href":"https:\/\/api.w.org\/{rel}","templated":true}]}}