{"id":113726,"date":"2025-10-07T10:20:44","date_gmt":"2025-10-07T16:20:44","guid":{"rendered":"https:\/\/elmetropolitano.com.gt\/es\/?p=113726"},"modified":"2025-10-07T10:20:45","modified_gmt":"2025-10-07T16:20:45","slug":"basta-ya-de-bloqueos-expresa-camara-de-comercio","status":"publish","type":"post","link":"https:\/\/elmetropolitano.com.gt\/es\/basta-ya-de-bloqueos-expresa-camara-de-comercio\/","title":{"rendered":"\u00a1Basta Ya! de bloqueos expresa C\u00e1mara de Comercio"},"content":{"rendered":"\n<p><a><\/a>La C\u00e1mara de Comercio pide al gobierno actuar de inmediato ante los bloqueos que realizan grupos de Veteranos Militsres y ex patrulleros civiles en diferentes puntos del Pa\u00eds.<\/p>\n\n\n\n<p>\u201cEs inaceptable que por cualquier motivo, grupos de personas actuando al margen de la ley bloqueen carreteras y puntos estrat\u00e9gicos del pa\u00eds, perjudicando directamente a la poblaci\u00f3n en general, limitando sus derechos ciudadanos a desplazarse por el territorio nacional y ejercer sus actividades econ\u00f3micas y cotidianas\u201d expresa la C\u00e1mara de Comercio.<\/p><div class=\"elmet-contenido\" id=\"elmet-1459063266\"><div class=\"elmet-adlabel\">Anuncios<\/div><div style=\"margin-top: 20px;margin-right: 20px;margin-bottom: 20px;margin-left: 20px;\" id=\"elmet-963834010\"><a href=\"https:\/\/www.facebook.com\/arrincuanantigua\/\" aria-label=\"cintillo-arrin-cual\"><img loading=\"lazy\" decoding=\"async\" src=\"https:\/\/elmetropolitano.com.gt\/es\/wp-content\/uploads\/2021\/11\/cintillo-arrin-cual-1.jpg\" alt=\"\"  srcset=\"https:\/\/elmetropolitano.com.gt\/es\/wp-content\/uploads\/2021\/11\/cintillo-arrin-cual-1.jpg 750w, https:\/\/elmetropolitano.com.gt\/es\/wp-content\/uploads\/2021\/11\/cintillo-arrin-cual-1-300x36.jpg 300w, https:\/\/elmetropolitano.com.gt\/es\/wp-content\/uploads\/2021\/11\/cintillo-arrin-cual-1-600x72.jpg 600w\" sizes=\"(max-width: 750px) 100vw, 750px\" width=\"750\" height=\"90\"   \/><\/a><\/div><\/div>\n\n\n\n<p>Exigen a las autoridades actuar de inmediato no permitiendo estos bloqueos y preservando as\u00ed \u201clos derechos constitucionales de la inmensa mayor\u00eda de guatemaltecos\u201d<\/p>\n\n\n\n<p>\u201cBasta ya de bloqueos, las autoridades no deben permitir estos abusos, que reiteradamente se cometen en el pa\u00eds\u201d enfatiza la C\u00e1mara de Comercio<\/p>\n\n\n\n<p><a href=\"https:\/\/www.facebook.com\/hashtag\/bloqueosgt?__cft__[0]=AZX7voJxyqdiByFSOw8YMa6OtK9giyywXbfFwiqbjbG0LxwyAn_x9Aw4owt_xi-KhWg37xIN3xDHB1xtbXjIwAJdUZGyQPMpZ_itkepc-nVQmw-2Ko7GKX_Hn-R_kTB25WsXwCugTQDWzuLD4YHJoGfNKQsJ8Jd4XX3Y6vZUk4WBNxOEwxEquYQ6jTpjYiuKH6k&amp;__tn__=*NK-R\">#BloqueosGT<\/a><a href=\"https:\/\/www.facebook.com\/hashtag\/metroredes?__cft__[0]=AZX7voJxyqdiByFSOw8YMa6OtK9giyywXbfFwiqbjbG0LxwyAn_x9Aw4owt_xi-KhWg37xIN3xDHB1xtbXjIwAJdUZGyQPMpZ_itkepc-nVQmw-2Ko7GKX_Hn-R_kTB25WsXwCugTQDWzuLD4YHJoGfNKQsJ8Jd4XX3Y6vZUk4WBNxOEwxEquYQ6jTpjYiuKH6k&amp;__tn__=*NK-R\">#metroredes<\/a><a href=\"https:\/\/www.facebook.com\/hashtag\/camaradecomercio?__cft__[0]=AZX7voJxyqdiByFSOw8YMa6OtK9giyywXbfFwiqbjbG0LxwyAn_x9Aw4owt_xi-KhWg37xIN3xDHB1xtbXjIwAJdUZGyQPMpZ_itkepc-nVQmw-2Ko7GKX_Hn-R_kTB25WsXwCugTQDWzuLD4YHJoGfNKQsJ8Jd4XX3Y6vZUk4WBNxOEwxEquYQ6jTpjYiuKH6k&amp;__tn__=*NK-R\">#camaradecomercio<\/a><\/p>\n\n\n\n<figure class=\"wp-block-gallery has-nested-images columns-default is-cropped wp-block-gallery-1 is-layout-flex wp-block-gallery-is-layout-flex\">\n<figure class=\"wp-block-image size-large\"><img loading=\"lazy\" decoding=\"async\" width=\"576\" height=\"1024\" data-id=\"113730\" src=\"https:\/\/elmetropolitano.com.gt\/es\/wp-content\/uploads\/2025\/10\/557873046_1348429710616442_9162355131578049863_n-576x1024.jpg\" alt=\"\" class=\"wp-image-113730\" srcset=\"https:\/\/elmetropolitano.com.gt\/es\/wp-content\/uploads\/2025\/10\/557873046_1348429710616442_9162355131578049863_n-576x1024.jpg 576w, https:\/\/elmetropolitano.com.gt\/es\/wp-content\/uploads\/2025\/10\/557873046_1348429710616442_9162355131578049863_n-169x300.jpg 169w, https:\/\/elmetropolitano.com.gt\/es\/wp-content\/uploads\/2025\/10\/557873046_1348429710616442_9162355131578049863_n.jpg 720w\" sizes=\"auto, (max-width: 576px) 100vw, 576px\" \/><\/figure>\n\n\n\n<figure class=\"wp-block-image size-large\"><img loading=\"lazy\" decoding=\"async\" width=\"819\" height=\"1024\" data-id=\"113729\" src=\"https:\/\/elmetropolitano.com.gt\/es\/wp-content\/uploads\/2025\/10\/558005274_1348429713949775_843909056720252775_n-819x1024.jpg\" alt=\"\" class=\"wp-image-113729\" srcset=\"https:\/\/elmetropolitano.com.gt\/es\/wp-content\/uploads\/2025\/10\/558005274_1348429713949775_843909056720252775_n-819x1024.jpg 819w, https:\/\/elmetropolitano.com.gt\/es\/wp-content\/uploads\/2025\/10\/558005274_1348429713949775_843909056720252775_n-240x300.jpg 240w, https:\/\/elmetropolitano.com.gt\/es\/wp-content\/uploads\/2025\/10\/558005274_1348429713949775_843909056720252775_n-768x960.jpg 768w, https:\/\/elmetropolitano.com.gt\/es\/wp-content\/uploads\/2025\/10\/558005274_1348429713949775_843909056720252775_n.jpg 1024w\" sizes=\"auto, (max-width: 819px) 100vw, 819px\" \/><\/figure>\n\n\n\n<figure class=\"wp-block-image size-large\"><img loading=\"lazy\" decoding=\"async\" width=\"738\" height=\"960\" data-id=\"113728\" src=\"https:\/\/elmetropolitano.com.gt\/es\/wp-content\/uploads\/2025\/10\/558972088_1348423660617047_4464381124950230790_n-1.jpg\" alt=\"\" class=\"wp-image-113728\" srcset=\"https:\/\/elmetropolitano.com.gt\/es\/wp-content\/uploads\/2025\/10\/558972088_1348423660617047_4464381124950230790_n-1.jpg 738w, https:\/\/elmetropolitano.com.gt\/es\/wp-content\/uploads\/2025\/10\/558972088_1348423660617047_4464381124950230790_n-1-231x300.jpg 231w\" sizes=\"auto, (max-width: 738px) 100vw, 738px\" \/><\/figure>\n<\/figure>\n","protected":false},"excerpt":{"rendered":"<p>La C\u00e1mara de Comercio pide al gobierno actuar de inmediato ante los bloqueos que realizan grupos de Veteranos Militsres y ex patrulleros civiles en diferentes puntos del Pa\u00eds. \u201cEs inaceptable que por cualquier motivo, grupos de personas actuando al margen de la ley bloqueen carreteras y puntos estrat\u00e9gicos del pa\u00eds, perjudicando directamente a la poblaci\u00f3n <a class=\"read-more\" href=\"https:\/\/elmetropolitano.com.gt\/es\/basta-ya-de-bloqueos-expresa-camara-de-comercio\/\">Leer m\u00e1s<\/a><\/p>\n","protected":false},"author":1,"featured_media":113727,"comment_status":"open","ping_status":"closed","sticky":false,"template":"","format":"standard","meta":{"footnotes":""},"categories":[4],"tags":[13],"class_list":["post-113726","post","type-post","status-publish","format-standard","has-post-thumbnail","hentry","category-departamentales","tag-departamentales"],"_links":{"self":[{"href":"https:\/\/elmetropolitano.com.gt\/es\/wp-json\/wp\/v2\/posts\/113726","targetHints":{"allow":["GET"]}}],"collection":[{"href":"https:\/\/elmetropolitano.com.gt\/es\/wp-json\/wp\/v2\/posts"}],"about":[{"href":"https:\/\/elmetropolitano.com.gt\/es\/wp-json\/wp\/v2\/types\/post"}],"author":[{"embeddable":true,"href":"https:\/\/elmetropolitano.com.gt\/es\/wp-json\/wp\/v2\/users\/1"}],"replies":[{"embeddable":true,"href":"https:\/\/elmetropolitano.com.gt\/es\/wp-json\/wp\/v2\/comments?post=113726"}],"version-history":[{"count":1,"href":"https:\/\/elmetropolitano.com.gt\/es\/wp-json\/wp\/v2\/posts\/113726\/revisions"}],"predecessor-version":[{"id":113731,"href":"https:\/\/elmetropolitano.com.gt\/es\/wp-json\/wp\/v2\/posts\/113726\/revisions\/113731"}],"wp:featuredmedia":[{"embeddable":true,"href":"https:\/\/elmetropolitano.com.gt\/es\/wp-json\/wp\/v2\/media\/113727"}],"wp:attachment":[{"href":"https:\/\/elmetropolitano.com.gt\/es\/wp-json\/wp\/v2\/media?parent=113726"}],"wp:term":[{"taxonomy":"category","embeddable":true,"href":"https:\/\/elmetropolitano.com.gt\/es\/wp-json\/wp\/v2\/categories?post=113726"},{"taxonomy":"post_tag","embeddable":true,"href":"https:\/\/elmetropolitano.com.gt\/es\/wp-json\/wp\/v2\/tags?post=113726"}],"curies":[{"name":"wp","href":"https:\/\/api.w.org\/{rel}","templated":true}]}}