{"id":114176,"date":"2025-10-12T20:43:31","date_gmt":"2025-10-13T02:43:31","guid":{"rendered":"https:\/\/elmetropolitano.com.gt\/es\/?p=114176"},"modified":"2025-10-12T20:43:31","modified_gmt":"2025-10-13T02:43:31","slug":"diputado-de-semilla-capturado-por-andar-bolo-en-quetzaltenango","status":"publish","type":"post","link":"https:\/\/elmetropolitano.com.gt\/es\/diputado-de-semilla-capturado-por-andar-bolo-en-quetzaltenango\/","title":{"rendered":"Diputado de Semilla capturado por andar bolo en Quetzaltenango"},"content":{"rendered":"\n<p><a><\/a>El diputado por Quetzaltenango, Orlando P\u00e9rez, del partido Movimiento Semilla fue capturado esta madrugada de domingo por la Polic\u00eda Nacional Civil PNC por andar bajo efectos de bebidas embriagantes en una gasolinera en San Juan Ostuncalco Quetzaltenango donde el parlamentario se encontraba ingiriendo bebidas alcoh\u00f3licas.<\/p>\n\n\n\n<p>Seg\u00fan el informe policial, P\u00e9rez tuvo un altercado con los agentes que realizaban operativos en la zona, lo que llev\u00f3 a su arresto. El diputado fue trasladado a la Subestaci\u00f3n de San Juan Ostuncalco.<\/p><div class=\"elmet-contenido\" id=\"elmet-906275278\"><div class=\"elmet-adlabel\">Anuncios<\/div><div style=\"margin-top: 20px;margin-right: 20px;margin-bottom: 20px;margin-left: 20px;\" id=\"elmet-1089308902\"><a href=\"https:\/\/www.facebook.com\/arrincuanantigua\/\" aria-label=\"cintillo-arrin-cual\"><img loading=\"lazy\" decoding=\"async\" src=\"https:\/\/elmetropolitano.com.gt\/es\/wp-content\/uploads\/2021\/11\/cintillo-arrin-cual-1.jpg\" alt=\"\"  srcset=\"https:\/\/elmetropolitano.com.gt\/es\/wp-content\/uploads\/2021\/11\/cintillo-arrin-cual-1.jpg 750w, https:\/\/elmetropolitano.com.gt\/es\/wp-content\/uploads\/2021\/11\/cintillo-arrin-cual-1-300x36.jpg 300w, https:\/\/elmetropolitano.com.gt\/es\/wp-content\/uploads\/2021\/11\/cintillo-arrin-cual-1-600x72.jpg 600w\" sizes=\"(max-width: 750px) 100vw, 750px\" width=\"750\" height=\"90\"   \/><\/a><\/div><\/div>\n\n\n\n<p>Se indic\u00f3 que se enviar\u00e1 un informe circunstanciado de los hechos al Congreso de la Rep\u00fablica para que se tomen las medidas legales correspondientes.<\/p>\n\n\n\n<p><a href=\"https:\/\/www.facebook.com\/hashtag\/movimientosemilla?__cft__[0]=AZXG7TmzVSvsZ2GybESPhjLeZrlujbXRVJnFdfWGTwrQG9aozQqKZHsWQJy44ZRsMRKDEykpzPBykDdXOK5gGmA3SMx665BKMgcyysnC9Dc2R1DULTW1eSnRA5yle8F6r9ZAyzVvp9Jhu4kF0HEksnJITKSsjnAGxmH-5iKd3f_XDL6s8SiZgzgIlqP1ZFnaxHs&amp;__tn__=*NK-R\">#Movimientosemilla<\/a><a href=\"https:\/\/www.facebook.com\/hashtag\/quetzaltenango?__cft__[0]=AZXG7TmzVSvsZ2GybESPhjLeZrlujbXRVJnFdfWGTwrQG9aozQqKZHsWQJy44ZRsMRKDEykpzPBykDdXOK5gGmA3SMx665BKMgcyysnC9Dc2R1DULTW1eSnRA5yle8F6r9ZAyzVvp9Jhu4kF0HEksnJITKSsjnAGxmH-5iKd3f_XDL6s8SiZgzgIlqP1ZFnaxHs&amp;__tn__=*NK-R\">#Quetzaltenango<\/a><a href=\"https:\/\/www.facebook.com\/hashtag\/leyseca?__cft__[0]=AZXG7TmzVSvsZ2GybESPhjLeZrlujbXRVJnFdfWGTwrQG9aozQqKZHsWQJy44ZRsMRKDEykpzPBykDdXOK5gGmA3SMx665BKMgcyysnC9Dc2R1DULTW1eSnRA5yle8F6r9ZAyzVvp9Jhu4kF0HEksnJITKSsjnAGxmH-5iKd3f_XDL6s8SiZgzgIlqP1ZFnaxHs&amp;__tn__=*NK-R\">#LeySeca<\/a><a href=\"https:\/\/www.facebook.com\/hashtag\/captura?__cft__[0]=AZXG7TmzVSvsZ2GybESPhjLeZrlujbXRVJnFdfWGTwrQG9aozQqKZHsWQJy44ZRsMRKDEykpzPBykDdXOK5gGmA3SMx665BKMgcyysnC9Dc2R1DULTW1eSnRA5yle8F6r9ZAyzVvp9Jhu4kF0HEksnJITKSsjnAGxmH-5iKd3f_XDL6s8SiZgzgIlqP1ZFnaxHs&amp;__tn__=*NK-R\">#Captura<\/a><a href=\"https:\/\/www.facebook.com\/hashtag\/diputado?__cft__[0]=AZXG7TmzVSvsZ2GybESPhjLeZrlujbXRVJnFdfWGTwrQG9aozQqKZHsWQJy44ZRsMRKDEykpzPBykDdXOK5gGmA3SMx665BKMgcyysnC9Dc2R1DULTW1eSnRA5yle8F6r9ZAyzVvp9Jhu4kF0HEksnJITKSsjnAGxmH-5iKd3f_XDL6s8SiZgzgIlqP1ZFnaxHs&amp;__tn__=*NK-R\">#Diputado<\/a><\/p>\n\n\n\n<figure class=\"wp-block-gallery has-nested-images columns-default is-cropped wp-block-gallery-1 is-layout-flex wp-block-gallery-is-layout-flex\">\n<figure class=\"wp-block-image size-large\"><img loading=\"lazy\" decoding=\"async\" width=\"1024\" height=\"682\" data-id=\"114179\" src=\"https:\/\/elmetropolitano.com.gt\/es\/wp-content\/uploads\/2025\/10\/559074130_1353566190102794_6792743548909221254_n-1024x682.jpg\" alt=\"\" class=\"wp-image-114179\" srcset=\"https:\/\/elmetropolitano.com.gt\/es\/wp-content\/uploads\/2025\/10\/559074130_1353566190102794_6792743548909221254_n-1024x682.jpg 1024w, https:\/\/elmetropolitano.com.gt\/es\/wp-content\/uploads\/2025\/10\/559074130_1353566190102794_6792743548909221254_n-300x200.jpg 300w, https:\/\/elmetropolitano.com.gt\/es\/wp-content\/uploads\/2025\/10\/559074130_1353566190102794_6792743548909221254_n-768x512.jpg 768w, https:\/\/elmetropolitano.com.gt\/es\/wp-content\/uploads\/2025\/10\/559074130_1353566190102794_6792743548909221254_n-1536x1023.jpg 1536w, https:\/\/elmetropolitano.com.gt\/es\/wp-content\/uploads\/2025\/10\/559074130_1353566190102794_6792743548909221254_n.jpg 1600w\" sizes=\"auto, (max-width: 1024px) 100vw, 1024px\" \/><\/figure>\n\n\n\n<figure class=\"wp-block-image size-large\"><img loading=\"lazy\" decoding=\"async\" width=\"500\" height=\"500\" data-id=\"114178\" src=\"https:\/\/elmetropolitano.com.gt\/es\/wp-content\/uploads\/2025\/10\/560172241_1353559400103473_3307737139876506156_n-1.jpg\" alt=\"\" class=\"wp-image-114178\" srcset=\"https:\/\/elmetropolitano.com.gt\/es\/wp-content\/uploads\/2025\/10\/560172241_1353559400103473_3307737139876506156_n-1.jpg 500w, https:\/\/elmetropolitano.com.gt\/es\/wp-content\/uploads\/2025\/10\/560172241_1353559400103473_3307737139876506156_n-1-300x300.jpg 300w, https:\/\/elmetropolitano.com.gt\/es\/wp-content\/uploads\/2025\/10\/560172241_1353559400103473_3307737139876506156_n-1-150x150.jpg 150w\" sizes=\"auto, (max-width: 500px) 100vw, 500px\" \/><\/figure>\n<\/figure>\n","protected":false},"excerpt":{"rendered":"<p>El diputado por Quetzaltenango, Orlando P\u00e9rez, del partido Movimiento Semilla fue capturado esta madrugada de domingo por la Polic\u00eda Nacional Civil PNC por andar bajo efectos de bebidas embriagantes en una gasolinera en San Juan Ostuncalco Quetzaltenango donde el parlamentario se encontraba ingiriendo bebidas alcoh\u00f3licas. Seg\u00fan el informe policial, P\u00e9rez tuvo un altercado con los <a class=\"read-more\" href=\"https:\/\/elmetropolitano.com.gt\/es\/diputado-de-semilla-capturado-por-andar-bolo-en-quetzaltenango\/\">Leer m\u00e1s<\/a><\/p>\n","protected":false},"author":1,"featured_media":114177,"comment_status":"open","ping_status":"closed","sticky":false,"template":"","format":"standard","meta":{"footnotes":""},"categories":[4],"tags":[13],"class_list":["post-114176","post","type-post","status-publish","format-standard","has-post-thumbnail","hentry","category-departamentales","tag-departamentales"],"_links":{"self":[{"href":"https:\/\/elmetropolitano.com.gt\/es\/wp-json\/wp\/v2\/posts\/114176","targetHints":{"allow":["GET"]}}],"collection":[{"href":"https:\/\/elmetropolitano.com.gt\/es\/wp-json\/wp\/v2\/posts"}],"about":[{"href":"https:\/\/elmetropolitano.com.gt\/es\/wp-json\/wp\/v2\/types\/post"}],"author":[{"embeddable":true,"href":"https:\/\/elmetropolitano.com.gt\/es\/wp-json\/wp\/v2\/users\/1"}],"replies":[{"embeddable":true,"href":"https:\/\/elmetropolitano.com.gt\/es\/wp-json\/wp\/v2\/comments?post=114176"}],"version-history":[{"count":1,"href":"https:\/\/elmetropolitano.com.gt\/es\/wp-json\/wp\/v2\/posts\/114176\/revisions"}],"predecessor-version":[{"id":114180,"href":"https:\/\/elmetropolitano.com.gt\/es\/wp-json\/wp\/v2\/posts\/114176\/revisions\/114180"}],"wp:featuredmedia":[{"embeddable":true,"href":"https:\/\/elmetropolitano.com.gt\/es\/wp-json\/wp\/v2\/media\/114177"}],"wp:attachment":[{"href":"https:\/\/elmetropolitano.com.gt\/es\/wp-json\/wp\/v2\/media?parent=114176"}],"wp:term":[{"taxonomy":"category","embeddable":true,"href":"https:\/\/elmetropolitano.com.gt\/es\/wp-json\/wp\/v2\/categories?post=114176"},{"taxonomy":"post_tag","embeddable":true,"href":"https:\/\/elmetropolitano.com.gt\/es\/wp-json\/wp\/v2\/tags?post=114176"}],"curies":[{"name":"wp","href":"https:\/\/api.w.org\/{rel}","templated":true}]}}