{"id":114228,"date":"2025-10-12T21:07:56","date_gmt":"2025-10-13T03:07:56","guid":{"rendered":"https:\/\/elmetropolitano.com.gt\/es\/?p=114228"},"modified":"2025-10-12T21:07:57","modified_gmt":"2025-10-13T03:07:57","slug":"comisario-edilsar-fuentes-de-la-pnc-se-contradice-y-ahora-dice-que-el-diputado-de-semilla-no-fue-capturado","status":"publish","type":"post","link":"https:\/\/elmetropolitano.com.gt\/es\/comisario-edilsar-fuentes-de-la-pnc-se-contradice-y-ahora-dice-que-el-diputado-de-semilla-no-fue-capturado\/","title":{"rendered":"Comisario Edilsar Fuentes de la PNC se contradice y ahora dice que el diputado de semilla no fue capturado"},"content":{"rendered":"\n<p>SOY DIPUTADO\u2026Sub Comisario Edilsar Fuentes de la Polic\u00eda Nacional Civil PNC se contradice. En la ma\u00f1ana confirm\u00f3 que el diputado Orlando P\u00e9rez fue capturado por esc\u00e1ndalos en la v\u00eda p\u00fablica y estar ebrio. Ahora dice que no. Que \u00e9l nunca fue aprehendido. Y que es un mal entendido<\/p>\n\n\n\n<figure class=\"wp-block-gallery has-nested-images columns-default is-cropped wp-block-gallery-1 is-layout-flex wp-block-gallery-is-layout-flex\">\n<figure class=\"wp-block-image size-large\"><img loading=\"lazy\" decoding=\"async\" width=\"707\" height=\"580\" data-id=\"114231\" src=\"https:\/\/elmetropolitano.com.gt\/es\/wp-content\/uploads\/2025\/10\/558298429_1353841996741880_5391917235856383647_n-1.jpg\" alt=\"\" class=\"wp-image-114231\" srcset=\"https:\/\/elmetropolitano.com.gt\/es\/wp-content\/uploads\/2025\/10\/558298429_1353841996741880_5391917235856383647_n-1.jpg 707w, https:\/\/elmetropolitano.com.gt\/es\/wp-content\/uploads\/2025\/10\/558298429_1353841996741880_5391917235856383647_n-1-300x246.jpg 300w\" sizes=\"auto, (max-width: 707px) 100vw, 707px\" \/><\/figure>\n\n\n\n<figure class=\"wp-block-image size-large\"><img loading=\"lazy\" decoding=\"async\" width=\"339\" height=\"384\" data-id=\"114230\" src=\"https:\/\/elmetropolitano.com.gt\/es\/wp-content\/uploads\/2025\/10\/559442760_1353841983408548_8221454542396822931_n.jpg\" alt=\"\" class=\"wp-image-114230\" srcset=\"https:\/\/elmetropolitano.com.gt\/es\/wp-content\/uploads\/2025\/10\/559442760_1353841983408548_8221454542396822931_n.jpg 339w, https:\/\/elmetropolitano.com.gt\/es\/wp-content\/uploads\/2025\/10\/559442760_1353841983408548_8221454542396822931_n-265x300.jpg 265w\" sizes=\"auto, (max-width: 339px) 100vw, 339px\" \/><\/figure>\n<\/figure>\n","protected":false},"excerpt":{"rendered":"<p>SOY DIPUTADO\u2026Sub Comisario Edilsar Fuentes de la Polic\u00eda Nacional Civil PNC se contradice. En la ma\u00f1ana confirm\u00f3 que el diputado Orlando P\u00e9rez fue capturado por esc\u00e1ndalos en la v\u00eda p\u00fablica y estar ebrio. Ahora dice que no. Que \u00e9l nunca fue aprehendido. Y que es un mal entendido<\/p>\n","protected":false},"author":1,"featured_media":114229,"comment_status":"open","ping_status":"closed","sticky":false,"template":"","format":"standard","meta":{"footnotes":""},"categories":[4],"tags":[13],"class_list":["post-114228","post","type-post","status-publish","format-standard","has-post-thumbnail","hentry","category-departamentales","tag-departamentales"],"_links":{"self":[{"href":"https:\/\/elmetropolitano.com.gt\/es\/wp-json\/wp\/v2\/posts\/114228","targetHints":{"allow":["GET"]}}],"collection":[{"href":"https:\/\/elmetropolitano.com.gt\/es\/wp-json\/wp\/v2\/posts"}],"about":[{"href":"https:\/\/elmetropolitano.com.gt\/es\/wp-json\/wp\/v2\/types\/post"}],"author":[{"embeddable":true,"href":"https:\/\/elmetropolitano.com.gt\/es\/wp-json\/wp\/v2\/users\/1"}],"replies":[{"embeddable":true,"href":"https:\/\/elmetropolitano.com.gt\/es\/wp-json\/wp\/v2\/comments?post=114228"}],"version-history":[{"count":1,"href":"https:\/\/elmetropolitano.com.gt\/es\/wp-json\/wp\/v2\/posts\/114228\/revisions"}],"predecessor-version":[{"id":114232,"href":"https:\/\/elmetropolitano.com.gt\/es\/wp-json\/wp\/v2\/posts\/114228\/revisions\/114232"}],"wp:featuredmedia":[{"embeddable":true,"href":"https:\/\/elmetropolitano.com.gt\/es\/wp-json\/wp\/v2\/media\/114229"}],"wp:attachment":[{"href":"https:\/\/elmetropolitano.com.gt\/es\/wp-json\/wp\/v2\/media?parent=114228"}],"wp:term":[{"taxonomy":"category","embeddable":true,"href":"https:\/\/elmetropolitano.com.gt\/es\/wp-json\/wp\/v2\/categories?post=114228"},{"taxonomy":"post_tag","embeddable":true,"href":"https:\/\/elmetropolitano.com.gt\/es\/wp-json\/wp\/v2\/tags?post=114228"}],"curies":[{"name":"wp","href":"https:\/\/api.w.org\/{rel}","templated":true}]}}