{"id":114327,"date":"2025-10-14T11:54:53","date_gmt":"2025-10-14T17:54:53","guid":{"rendered":"https:\/\/elmetropolitano.com.gt\/es\/?p=114327"},"modified":"2025-10-14T11:54:53","modified_gmt":"2025-10-14T17:54:53","slug":"el-bono-social-del-mides-amplia-su-cobertura-en-sibinal-san-marcos","status":"publish","type":"post","link":"https:\/\/elmetropolitano.com.gt\/es\/el-bono-social-del-mides-amplia-su-cobertura-en-sibinal-san-marcos\/","title":{"rendered":"El Bono Social del Mides ampl\u00eda su cobertura en Sibinal, San Marcos"},"content":{"rendered":"\n<p><a><\/a>El Ministerio de Desarrollo Social (Mides) increment\u00f3 de forma significativa la cobertura del programa Bono Social en el municipio de Sibinal, San Marcos, pasando de atender a 194 familias en 2023 a 680 familias en 2025, gracias a la implementaci\u00f3n del Registro Social de Hogares (RSH).<\/p>\n\n\n\n<p>Este aumento representa m\u00e1s de tres veces la cobertura anterior, reflejando el compromiso del Gobierno de Guatemala por fortalecer los programas sociales y garantizar que el apoyo llegue a quienes m\u00e1s lo necesitan.<\/p><div class=\"elmet-contenido\" id=\"elmet-706170545\"><div class=\"elmet-adlabel\">Anuncios<\/div><div style=\"margin-top: 20px;margin-right: 20px;margin-bottom: 20px;margin-left: 20px;\" id=\"elmet-3446208738\"><a href=\"https:\/\/www.facebook.com\/arrincuanantigua\/\" aria-label=\"cintillo-arrin-cual\"><img loading=\"lazy\" decoding=\"async\" src=\"https:\/\/elmetropolitano.com.gt\/es\/wp-content\/uploads\/2021\/11\/cintillo-arrin-cual-1.jpg\" alt=\"\"  srcset=\"https:\/\/elmetropolitano.com.gt\/es\/wp-content\/uploads\/2021\/11\/cintillo-arrin-cual-1.jpg 750w, https:\/\/elmetropolitano.com.gt\/es\/wp-content\/uploads\/2021\/11\/cintillo-arrin-cual-1-300x36.jpg 300w, https:\/\/elmetropolitano.com.gt\/es\/wp-content\/uploads\/2021\/11\/cintillo-arrin-cual-1-600x72.jpg 600w\" sizes=\"(max-width: 750px) 100vw, 750px\" width=\"750\" height=\"90\"   \/><\/a><\/div><\/div>\n\n\n\n<p>Estas acciones se enmarcan en la Iniciativa Intersectorial del Gobierno de Guatemala, Mano a Mano, y permite identificar las condiciones y necesidades de los hogares en las comunidades en pobreza, para coordinar acciones entre distintas instituciones del Estado.<\/p>\n\n\n\n<p>Con la ampliaci\u00f3n del Bono Social en Sibinal, 486 familias adicionales contar\u00e1n con un apoyo para tener acceso a la salud, educaci\u00f3n y nuevas oportunidades para la ni\u00f1ez. De esta forma, el MIDES contin\u00faa trabajando por la protecci\u00f3n social y el bienestar de las familias en condici\u00f3n de vulnerabilidad.<\/p>\n\n\n\n<p>\u201cEstamos llegando con protecci\u00f3n social a Sibinal. El Bono Social no es una ayuda, es un derecho a la protecci\u00f3n social\u201d, destac\u00f3 la viceministra Bertha Zapeta en el evento de entrega del Bono.<\/p>\n\n\n\n<p>Con este esfuerzo, el Ministerio contin\u00faa trabajando con las comunidades para construir un pa\u00eds m\u00e1s justo e inclusivo.<\/p>\n\n\n\n<p><a href=\"https:\/\/www.facebook.com\/hashtag\/mides?__cft__[0]=AZXNvsFFK0la7UG5IPNgiCsX7wMeWd2tuXWd5NC1kIpESCxb4buN4NUYa4dMo3NVj8cyedzJ2ZeY_R-mPgMoQ4ZGuqR4n_gP2x_VzJNPDlF01uPsTjVdIfm_LDa8e9pDAuk6aBao9Uf7IGMwqBvam6Dn3JRLGEAXXFT83gjmlD7bjsND7FVBX0EgP3HceyoJmF0&amp;__tn__=*NK-R\">#Mides<\/a><a href=\"https:\/\/www.facebook.com\/hashtag\/bonosocial?__cft__[0]=AZXNvsFFK0la7UG5IPNgiCsX7wMeWd2tuXWd5NC1kIpESCxb4buN4NUYa4dMo3NVj8cyedzJ2ZeY_R-mPgMoQ4ZGuqR4n_gP2x_VzJNPDlF01uPsTjVdIfm_LDa8e9pDAuk6aBao9Uf7IGMwqBvam6Dn3JRLGEAXXFT83gjmlD7bjsND7FVBX0EgP3HceyoJmF0&amp;__tn__=*NK-R\">#bonosocial<\/a><a href=\"https:\/\/www.facebook.com\/hashtag\/sanmarcos?__cft__[0]=AZXNvsFFK0la7UG5IPNgiCsX7wMeWd2tuXWd5NC1kIpESCxb4buN4NUYa4dMo3NVj8cyedzJ2ZeY_R-mPgMoQ4ZGuqR4n_gP2x_VzJNPDlF01uPsTjVdIfm_LDa8e9pDAuk6aBao9Uf7IGMwqBvam6Dn3JRLGEAXXFT83gjmlD7bjsND7FVBX0EgP3HceyoJmF0&amp;__tn__=*NK-R\">#SanMarcos<\/a><a href=\"https:\/\/www.facebook.com\/hashtag\/sibinal?__cft__[0]=AZXNvsFFK0la7UG5IPNgiCsX7wMeWd2tuXWd5NC1kIpESCxb4buN4NUYa4dMo3NVj8cyedzJ2ZeY_R-mPgMoQ4ZGuqR4n_gP2x_VzJNPDlF01uPsTjVdIfm_LDa8e9pDAuk6aBao9Uf7IGMwqBvam6Dn3JRLGEAXXFT83gjmlD7bjsND7FVBX0EgP3HceyoJmF0&amp;__tn__=*NK-R\">#Sibinal<\/a><\/p>\n\n\n\n<figure class=\"wp-block-gallery has-nested-images columns-default is-cropped wp-block-gallery-1 is-layout-flex wp-block-gallery-is-layout-flex\">\n<figure class=\"wp-block-image size-large\"><img loading=\"lazy\" decoding=\"async\" width=\"1024\" height=\"512\" data-id=\"114331\" src=\"https:\/\/elmetropolitano.com.gt\/es\/wp-content\/uploads\/2025\/10\/559514889_1355442076581872_4723032564486135627_n-1024x512.jpg\" alt=\"\" class=\"wp-image-114331\" srcset=\"https:\/\/elmetropolitano.com.gt\/es\/wp-content\/uploads\/2025\/10\/559514889_1355442076581872_4723032564486135627_n-1024x512.jpg 1024w, https:\/\/elmetropolitano.com.gt\/es\/wp-content\/uploads\/2025\/10\/559514889_1355442076581872_4723032564486135627_n-300x150.jpg 300w, https:\/\/elmetropolitano.com.gt\/es\/wp-content\/uploads\/2025\/10\/559514889_1355442076581872_4723032564486135627_n-768x384.jpg 768w, https:\/\/elmetropolitano.com.gt\/es\/wp-content\/uploads\/2025\/10\/559514889_1355442076581872_4723032564486135627_n.jpg 1280w\" sizes=\"auto, (max-width: 1024px) 100vw, 1024px\" \/><\/figure>\n\n\n\n<figure class=\"wp-block-image size-large\"><img loading=\"lazy\" decoding=\"async\" width=\"1024\" height=\"683\" data-id=\"114333\" src=\"https:\/\/elmetropolitano.com.gt\/es\/wp-content\/uploads\/2025\/10\/559529913_1355442113248535_8922739334923872552_n-1024x683.jpg\" alt=\"\" class=\"wp-image-114333\" srcset=\"https:\/\/elmetropolitano.com.gt\/es\/wp-content\/uploads\/2025\/10\/559529913_1355442113248535_8922739334923872552_n-1024x683.jpg 1024w, https:\/\/elmetropolitano.com.gt\/es\/wp-content\/uploads\/2025\/10\/559529913_1355442113248535_8922739334923872552_n-300x200.jpg 300w, https:\/\/elmetropolitano.com.gt\/es\/wp-content\/uploads\/2025\/10\/559529913_1355442113248535_8922739334923872552_n-768x512.jpg 768w, https:\/\/elmetropolitano.com.gt\/es\/wp-content\/uploads\/2025\/10\/559529913_1355442113248535_8922739334923872552_n.jpg 1280w\" sizes=\"auto, (max-width: 1024px) 100vw, 1024px\" \/><\/figure>\n\n\n\n<figure class=\"wp-block-image size-large\"><img loading=\"lazy\" decoding=\"async\" width=\"1024\" height=\"683\" data-id=\"114329\" src=\"https:\/\/elmetropolitano.com.gt\/es\/wp-content\/uploads\/2025\/10\/560792880_1355442043248542_51966634629060414_n-1024x683.jpg\" alt=\"\" class=\"wp-image-114329\" srcset=\"https:\/\/elmetropolitano.com.gt\/es\/wp-content\/uploads\/2025\/10\/560792880_1355442043248542_51966634629060414_n-1024x683.jpg 1024w, https:\/\/elmetropolitano.com.gt\/es\/wp-content\/uploads\/2025\/10\/560792880_1355442043248542_51966634629060414_n-300x200.jpg 300w, https:\/\/elmetropolitano.com.gt\/es\/wp-content\/uploads\/2025\/10\/560792880_1355442043248542_51966634629060414_n-768x512.jpg 768w, https:\/\/elmetropolitano.com.gt\/es\/wp-content\/uploads\/2025\/10\/560792880_1355442043248542_51966634629060414_n.jpg 1280w\" sizes=\"auto, (max-width: 1024px) 100vw, 1024px\" \/><\/figure>\n\n\n\n<figure class=\"wp-block-image size-large\"><img loading=\"lazy\" decoding=\"async\" width=\"1024\" height=\"683\" data-id=\"114330\" src=\"https:\/\/elmetropolitano.com.gt\/es\/wp-content\/uploads\/2025\/10\/560902665_1355442046581875_627617969774657380_n-1-1024x683.jpg\" alt=\"\" class=\"wp-image-114330\" srcset=\"https:\/\/elmetropolitano.com.gt\/es\/wp-content\/uploads\/2025\/10\/560902665_1355442046581875_627617969774657380_n-1-1024x683.jpg 1024w, https:\/\/elmetropolitano.com.gt\/es\/wp-content\/uploads\/2025\/10\/560902665_1355442046581875_627617969774657380_n-1-300x200.jpg 300w, https:\/\/elmetropolitano.com.gt\/es\/wp-content\/uploads\/2025\/10\/560902665_1355442046581875_627617969774657380_n-1-768x512.jpg 768w, https:\/\/elmetropolitano.com.gt\/es\/wp-content\/uploads\/2025\/10\/560902665_1355442046581875_627617969774657380_n-1.jpg 1280w\" sizes=\"auto, (max-width: 1024px) 100vw, 1024px\" \/><\/figure>\n\n\n\n<figure class=\"wp-block-image size-large\"><img loading=\"lazy\" decoding=\"async\" width=\"1024\" height=\"613\" data-id=\"114332\" src=\"https:\/\/elmetropolitano.com.gt\/es\/wp-content\/uploads\/2025\/10\/561239611_1355442093248537_8850503024863193355_n-1024x613.jpg\" alt=\"\" class=\"wp-image-114332\" srcset=\"https:\/\/elmetropolitano.com.gt\/es\/wp-content\/uploads\/2025\/10\/561239611_1355442093248537_8850503024863193355_n-1024x613.jpg 1024w, https:\/\/elmetropolitano.com.gt\/es\/wp-content\/uploads\/2025\/10\/561239611_1355442093248537_8850503024863193355_n-300x180.jpg 300w, https:\/\/elmetropolitano.com.gt\/es\/wp-content\/uploads\/2025\/10\/561239611_1355442093248537_8850503024863193355_n-768x460.jpg 768w, https:\/\/elmetropolitano.com.gt\/es\/wp-content\/uploads\/2025\/10\/561239611_1355442093248537_8850503024863193355_n.jpg 1280w\" sizes=\"auto, (max-width: 1024px) 100vw, 1024px\" \/><\/figure>\n<\/figure>\n","protected":false},"excerpt":{"rendered":"<p>El Ministerio de Desarrollo Social (Mides) increment\u00f3 de forma significativa la cobertura del programa Bono Social en el municipio de Sibinal, San Marcos, pasando de atender a 194 familias en 2023 a 680 familias en 2025, gracias a la implementaci\u00f3n del Registro Social de Hogares (RSH). Este aumento representa m\u00e1s de tres veces la cobertura <a class=\"read-more\" href=\"https:\/\/elmetropolitano.com.gt\/es\/el-bono-social-del-mides-amplia-su-cobertura-en-sibinal-san-marcos\/\">Leer m\u00e1s<\/a><\/p>\n","protected":false},"author":1,"featured_media":114328,"comment_status":"open","ping_status":"closed","sticky":false,"template":"","format":"standard","meta":{"footnotes":""},"categories":[4],"tags":[13],"class_list":["post-114327","post","type-post","status-publish","format-standard","has-post-thumbnail","hentry","category-departamentales","tag-departamentales"],"_links":{"self":[{"href":"https:\/\/elmetropolitano.com.gt\/es\/wp-json\/wp\/v2\/posts\/114327","targetHints":{"allow":["GET"]}}],"collection":[{"href":"https:\/\/elmetropolitano.com.gt\/es\/wp-json\/wp\/v2\/posts"}],"about":[{"href":"https:\/\/elmetropolitano.com.gt\/es\/wp-json\/wp\/v2\/types\/post"}],"author":[{"embeddable":true,"href":"https:\/\/elmetropolitano.com.gt\/es\/wp-json\/wp\/v2\/users\/1"}],"replies":[{"embeddable":true,"href":"https:\/\/elmetropolitano.com.gt\/es\/wp-json\/wp\/v2\/comments?post=114327"}],"version-history":[{"count":1,"href":"https:\/\/elmetropolitano.com.gt\/es\/wp-json\/wp\/v2\/posts\/114327\/revisions"}],"predecessor-version":[{"id":114334,"href":"https:\/\/elmetropolitano.com.gt\/es\/wp-json\/wp\/v2\/posts\/114327\/revisions\/114334"}],"wp:featuredmedia":[{"embeddable":true,"href":"https:\/\/elmetropolitano.com.gt\/es\/wp-json\/wp\/v2\/media\/114328"}],"wp:attachment":[{"href":"https:\/\/elmetropolitano.com.gt\/es\/wp-json\/wp\/v2\/media?parent=114327"}],"wp:term":[{"taxonomy":"category","embeddable":true,"href":"https:\/\/elmetropolitano.com.gt\/es\/wp-json\/wp\/v2\/categories?post=114327"},{"taxonomy":"post_tag","embeddable":true,"href":"https:\/\/elmetropolitano.com.gt\/es\/wp-json\/wp\/v2\/tags?post=114327"}],"curies":[{"name":"wp","href":"https:\/\/api.w.org\/{rel}","templated":true}]}}