{"id":114357,"date":"2025-10-14T15:28:42","date_gmt":"2025-10-14T21:28:42","guid":{"rendered":"https:\/\/elmetropolitano.com.gt\/es\/?p=114357"},"modified":"2025-10-14T15:28:54","modified_gmt":"2025-10-14T21:28:54","slug":"carlos-garcia-y-franklin-santos-son-los-pilotos-muertos-en-el-accidente-aereo-en-chimaltenango","status":"publish","type":"post","link":"https:\/\/elmetropolitano.com.gt\/es\/carlos-garcia-y-franklin-santos-son-los-pilotos-muertos-en-el-accidente-aereo-en-chimaltenango\/","title":{"rendered":"Carlos Garc\u00eda y Franklin Santos son los pilotos muertos en el accidente a\u00e9reo en Chimaltenango"},"content":{"rendered":"\n<p>Como Carlos Javier Garc\u00eda Villatoro y Franklin Alexander Francisco Santos, fueron identificados los cad\u00e1veres de los pilotos que murieron en el accidente a\u00e9reo ocurrido en la aldea Xetzac, Tecp\u00e1n, Chimaltenango.<\/p>\n\n\n\n<p>Lo anterior fue dado a conocer por la direcci\u00f3n general de aeron\u00e1utica civil en un comunicado en el que indican que en horas de la ma\u00f1ana se confirm\u00f3 el accidente en el lugar indicado y seg\u00fan el plan de vuelo presentado ante la DGAC, la aeronave TG-DJE, de operaci\u00f3n privada, despeg\u00f3 del Aeropuerto Internacional La Aurora con destino a Huehuetenango, registrando como tripulantes a los pilotos antes descritos.<\/p><div class=\"elmet-contenido\" id=\"elmet-1184728121\"><div class=\"elmet-adlabel\">Anuncios<\/div><div style=\"margin-top: 20px;margin-right: 20px;margin-bottom: 20px;margin-left: 20px;\" id=\"elmet-745755737\"><a href=\"https:\/\/www.facebook.com\/arrincuanantigua\/\" aria-label=\"cintillo-arrin-cual\"><img loading=\"lazy\" decoding=\"async\" src=\"https:\/\/elmetropolitano.com.gt\/es\/wp-content\/uploads\/2021\/11\/cintillo-arrin-cual-1.jpg\" alt=\"\"  srcset=\"https:\/\/elmetropolitano.com.gt\/es\/wp-content\/uploads\/2021\/11\/cintillo-arrin-cual-1.jpg 750w, https:\/\/elmetropolitano.com.gt\/es\/wp-content\/uploads\/2021\/11\/cintillo-arrin-cual-1-300x36.jpg 300w, https:\/\/elmetropolitano.com.gt\/es\/wp-content\/uploads\/2021\/11\/cintillo-arrin-cual-1-600x72.jpg 600w\" sizes=\"(max-width: 750px) 100vw, 750px\" width=\"750\" height=\"90\"   \/><\/a><\/div><\/div>\n\n\n\n<p>Durante el vuelo la tripulaci\u00f3n report\u00f3 la presencia de una tercera persona como pasajera, quien no figuraba en el manifiesto de vuelo al momento del despegue y se contin\u00faa con la investigaci\u00f3n.<\/p>\n\n\n\n<p>#accidentea\u00e9reo #metroredes <a href=\"http:\/\/www.elmetropolitano.com.gt\">www.elmetropolitano.com.gt<\/a> <a href=\"http:\/\/www.metroredes.com\">www.metroredes.com<\/a> www.elescuintleco.com<\/p>\n\n\n\n<figure class=\"wp-block-gallery has-nested-images columns-default is-cropped wp-block-gallery-1 is-layout-flex wp-block-gallery-is-layout-flex\">\n<figure class=\"wp-block-image size-full\"><img loading=\"lazy\" decoding=\"async\" width=\"849\" height=\"1024\" data-id=\"114362\" src=\"https:\/\/elmetropolitano.com.gt\/es\/wp-content\/uploads\/2025\/10\/0b7de8a7-aac7-4c74-96dd-3bfecd41b165-1.jpeg\" alt=\"\" class=\"wp-image-114362\" srcset=\"https:\/\/elmetropolitano.com.gt\/es\/wp-content\/uploads\/2025\/10\/0b7de8a7-aac7-4c74-96dd-3bfecd41b165-1.jpeg 849w, https:\/\/elmetropolitano.com.gt\/es\/wp-content\/uploads\/2025\/10\/0b7de8a7-aac7-4c74-96dd-3bfecd41b165-1-249x300.jpeg 249w, https:\/\/elmetropolitano.com.gt\/es\/wp-content\/uploads\/2025\/10\/0b7de8a7-aac7-4c74-96dd-3bfecd41b165-1-768x926.jpeg 768w\" sizes=\"auto, (max-width: 849px) 100vw, 849px\" \/><\/figure>\n\n\n\n<figure class=\"wp-block-image size-full\"><img loading=\"lazy\" decoding=\"async\" width=\"1024\" height=\"853\" data-id=\"114364\" src=\"https:\/\/elmetropolitano.com.gt\/es\/wp-content\/uploads\/2025\/10\/2e8e86f9-5297-4ce6-8543-7d2319545da9-1.jpeg\" alt=\"\" class=\"wp-image-114364\" srcset=\"https:\/\/elmetropolitano.com.gt\/es\/wp-content\/uploads\/2025\/10\/2e8e86f9-5297-4ce6-8543-7d2319545da9-1.jpeg 1024w, https:\/\/elmetropolitano.com.gt\/es\/wp-content\/uploads\/2025\/10\/2e8e86f9-5297-4ce6-8543-7d2319545da9-1-300x250.jpeg 300w, https:\/\/elmetropolitano.com.gt\/es\/wp-content\/uploads\/2025\/10\/2e8e86f9-5297-4ce6-8543-7d2319545da9-1-768x640.jpeg 768w\" sizes=\"auto, (max-width: 1024px) 100vw, 1024px\" \/><\/figure>\n\n\n\n<figure class=\"wp-block-image size-large\"><img loading=\"lazy\" decoding=\"async\" width=\"1024\" height=\"892\" data-id=\"114361\" src=\"https:\/\/elmetropolitano.com.gt\/es\/wp-content\/uploads\/2025\/10\/4cb952d0-d17a-4611-a52f-bce358e42c90-1-1024x892.jpeg\" alt=\"\" class=\"wp-image-114361\" srcset=\"https:\/\/elmetropolitano.com.gt\/es\/wp-content\/uploads\/2025\/10\/4cb952d0-d17a-4611-a52f-bce358e42c90-1-1024x892.jpeg 1024w, https:\/\/elmetropolitano.com.gt\/es\/wp-content\/uploads\/2025\/10\/4cb952d0-d17a-4611-a52f-bce358e42c90-1-300x261.jpeg 300w, https:\/\/elmetropolitano.com.gt\/es\/wp-content\/uploads\/2025\/10\/4cb952d0-d17a-4611-a52f-bce358e42c90-1-768x669.jpeg 768w, https:\/\/elmetropolitano.com.gt\/es\/wp-content\/uploads\/2025\/10\/4cb952d0-d17a-4611-a52f-bce358e42c90-1.jpeg 1529w\" sizes=\"auto, (max-width: 1024px) 100vw, 1024px\" \/><\/figure>\n\n\n\n<figure class=\"wp-block-image size-large\"><img loading=\"lazy\" decoding=\"async\" width=\"819\" height=\"1024\" data-id=\"114360\" src=\"https:\/\/elmetropolitano.com.gt\/es\/wp-content\/uploads\/2025\/10\/21facea1-cb7c-4ba1-9485-849e30241316-819x1024.jpeg\" alt=\"\" class=\"wp-image-114360\" srcset=\"https:\/\/elmetropolitano.com.gt\/es\/wp-content\/uploads\/2025\/10\/21facea1-cb7c-4ba1-9485-849e30241316-819x1024.jpeg 819w, https:\/\/elmetropolitano.com.gt\/es\/wp-content\/uploads\/2025\/10\/21facea1-cb7c-4ba1-9485-849e30241316-240x300.jpeg 240w, https:\/\/elmetropolitano.com.gt\/es\/wp-content\/uploads\/2025\/10\/21facea1-cb7c-4ba1-9485-849e30241316-768x960.jpeg 768w, https:\/\/elmetropolitano.com.gt\/es\/wp-content\/uploads\/2025\/10\/21facea1-cb7c-4ba1-9485-849e30241316.jpeg 1080w\" sizes=\"auto, (max-width: 819px) 100vw, 819px\" \/><\/figure>\n\n\n\n<figure class=\"wp-block-image size-large\"><img loading=\"lazy\" decoding=\"async\" width=\"1024\" height=\"439\" data-id=\"114363\" src=\"https:\/\/elmetropolitano.com.gt\/es\/wp-content\/uploads\/2025\/10\/a344321b-a0c8-43c3-933b-47f72d309cb3-1-1024x439.jpeg\" alt=\"\" class=\"wp-image-114363\" srcset=\"https:\/\/elmetropolitano.com.gt\/es\/wp-content\/uploads\/2025\/10\/a344321b-a0c8-43c3-933b-47f72d309cb3-1-1024x439.jpeg 1024w, https:\/\/elmetropolitano.com.gt\/es\/wp-content\/uploads\/2025\/10\/a344321b-a0c8-43c3-933b-47f72d309cb3-1-300x129.jpeg 300w, https:\/\/elmetropolitano.com.gt\/es\/wp-content\/uploads\/2025\/10\/a344321b-a0c8-43c3-933b-47f72d309cb3-1-768x330.jpeg 768w, https:\/\/elmetropolitano.com.gt\/es\/wp-content\/uploads\/2025\/10\/a344321b-a0c8-43c3-933b-47f72d309cb3-1.jpeg 1170w\" sizes=\"auto, (max-width: 1024px) 100vw, 1024px\" \/><\/figure>\n\n\n\n<figure class=\"wp-block-image size-large\"><img loading=\"lazy\" decoding=\"async\" width=\"1024\" height=\"440\" data-id=\"114359\" src=\"https:\/\/elmetropolitano.com.gt\/es\/wp-content\/uploads\/2025\/10\/e6e40513-dcb8-4145-84e6-95484dc53a30-2-1024x440.jpeg\" alt=\"\" class=\"wp-image-114359\" srcset=\"https:\/\/elmetropolitano.com.gt\/es\/wp-content\/uploads\/2025\/10\/e6e40513-dcb8-4145-84e6-95484dc53a30-2-1024x440.jpeg 1024w, https:\/\/elmetropolitano.com.gt\/es\/wp-content\/uploads\/2025\/10\/e6e40513-dcb8-4145-84e6-95484dc53a30-2-300x129.jpeg 300w, https:\/\/elmetropolitano.com.gt\/es\/wp-content\/uploads\/2025\/10\/e6e40513-dcb8-4145-84e6-95484dc53a30-2-768x330.jpeg 768w, https:\/\/elmetropolitano.com.gt\/es\/wp-content\/uploads\/2025\/10\/e6e40513-dcb8-4145-84e6-95484dc53a30-2.jpeg 1170w\" sizes=\"auto, (max-width: 1024px) 100vw, 1024px\" \/><\/figure>\n<\/figure>\n","protected":false},"excerpt":{"rendered":"<p>Como Carlos Javier Garc\u00eda Villatoro y Franklin Alexander Francisco Santos, fueron identificados los cad\u00e1veres de los pilotos que murieron en el accidente a\u00e9reo ocurrido en la aldea Xetzac, Tecp\u00e1n, Chimaltenango. Lo anterior fue dado a conocer por la direcci\u00f3n general de aeron\u00e1utica civil en un comunicado en el que indican que en horas de la <a class=\"read-more\" href=\"https:\/\/elmetropolitano.com.gt\/es\/carlos-garcia-y-franklin-santos-son-los-pilotos-muertos-en-el-accidente-aereo-en-chimaltenango\/\">Leer m\u00e1s<\/a><\/p>\n","protected":false},"author":1,"featured_media":114358,"comment_status":"open","ping_status":"closed","sticky":false,"template":"","format":"standard","meta":{"footnotes":""},"categories":[4],"tags":[13],"class_list":["post-114357","post","type-post","status-publish","format-standard","has-post-thumbnail","hentry","category-departamentales","tag-departamentales"],"_links":{"self":[{"href":"https:\/\/elmetropolitano.com.gt\/es\/wp-json\/wp\/v2\/posts\/114357","targetHints":{"allow":["GET"]}}],"collection":[{"href":"https:\/\/elmetropolitano.com.gt\/es\/wp-json\/wp\/v2\/posts"}],"about":[{"href":"https:\/\/elmetropolitano.com.gt\/es\/wp-json\/wp\/v2\/types\/post"}],"author":[{"embeddable":true,"href":"https:\/\/elmetropolitano.com.gt\/es\/wp-json\/wp\/v2\/users\/1"}],"replies":[{"embeddable":true,"href":"https:\/\/elmetropolitano.com.gt\/es\/wp-json\/wp\/v2\/comments?post=114357"}],"version-history":[{"count":1,"href":"https:\/\/elmetropolitano.com.gt\/es\/wp-json\/wp\/v2\/posts\/114357\/revisions"}],"predecessor-version":[{"id":114365,"href":"https:\/\/elmetropolitano.com.gt\/es\/wp-json\/wp\/v2\/posts\/114357\/revisions\/114365"}],"wp:featuredmedia":[{"embeddable":true,"href":"https:\/\/elmetropolitano.com.gt\/es\/wp-json\/wp\/v2\/media\/114358"}],"wp:attachment":[{"href":"https:\/\/elmetropolitano.com.gt\/es\/wp-json\/wp\/v2\/media?parent=114357"}],"wp:term":[{"taxonomy":"category","embeddable":true,"href":"https:\/\/elmetropolitano.com.gt\/es\/wp-json\/wp\/v2\/categories?post=114357"},{"taxonomy":"post_tag","embeddable":true,"href":"https:\/\/elmetropolitano.com.gt\/es\/wp-json\/wp\/v2\/tags?post=114357"}],"curies":[{"name":"wp","href":"https:\/\/api.w.org\/{rel}","templated":true}]}}