{"id":114382,"date":"2025-10-14T17:32:48","date_gmt":"2025-10-14T23:32:48","guid":{"rendered":"https:\/\/elmetropolitano.com.gt\/es\/?p=114382"},"modified":"2025-10-14T17:32:49","modified_gmt":"2025-10-14T23:32:49","slug":"cruz-roja-reporta-inundaciones-en-retalhuleu-y-buscan-a-una-persona-arrastrada-por-la-corriente","status":"publish","type":"post","link":"https:\/\/elmetropolitano.com.gt\/es\/cruz-roja-reporta-inundaciones-en-retalhuleu-y-buscan-a-una-persona-arrastrada-por-la-corriente\/","title":{"rendered":"Cruz Roja reporta inundaciones en Retalhuleu y buscan a una persona arrastrada por la corriente"},"content":{"rendered":"\n<p>Inundaciones por las fuertes lluvias que azotan la costa sur reporta la Cruz Roja Guatemalteca y buscan a una persona arrastrada por la creciente del R\u00edo Ixpats en San Sebasti\u00e1n Retalhuleu.<\/p>\n\n\n\n<p>Equipo de Rescate de Cruz Roja Guatemalteca realiza la b\u00fasqueda de una persona en el R\u00edo Ixpats de San Sebasti\u00e1n, Retalhuleu, que fue arrastrada por una corriente durante las inundaciones del pasado domingo.<\/p><div class=\"elmet-contenido\" id=\"elmet-1466336169\"><div class=\"elmet-adlabel\">Anuncios<\/div><div style=\"margin-top: 20px;margin-right: 20px;margin-bottom: 20px;margin-left: 20px;\" id=\"elmet-308798902\"><a href=\"https:\/\/www.facebook.com\/arrincuanantigua\/\" aria-label=\"cintillo-arrin-cual\"><img loading=\"lazy\" decoding=\"async\" src=\"https:\/\/elmetropolitano.com.gt\/es\/wp-content\/uploads\/2021\/11\/cintillo-arrin-cual-1.jpg\" alt=\"\"  srcset=\"https:\/\/elmetropolitano.com.gt\/es\/wp-content\/uploads\/2021\/11\/cintillo-arrin-cual-1.jpg 750w, https:\/\/elmetropolitano.com.gt\/es\/wp-content\/uploads\/2021\/11\/cintillo-arrin-cual-1-300x36.jpg 300w, https:\/\/elmetropolitano.com.gt\/es\/wp-content\/uploads\/2021\/11\/cintillo-arrin-cual-1-600x72.jpg 600w\" sizes=\"(max-width: 750px) 100vw, 750px\" width=\"750\" height=\"90\"   \/><\/a><\/div><\/div>\n\n\n\n<p>Por aparte se realizan trabajos de evacuaci\u00f3n en la zona 2 de la cabecera departamental debido a las fuertes lluvias que azotan ese sector.<\/p>\n\n\n\n<p>#Evacuaci\u00f3n #CruzRojaGT #metroredes<\/p>\n\n\n\n<figure class=\"wp-block-gallery has-nested-images columns-default is-cropped wp-block-gallery-1 is-layout-flex wp-block-gallery-is-layout-flex\">\n<figure class=\"wp-block-image size-large\"><img loading=\"lazy\" decoding=\"async\" width=\"1024\" height=\"768\" data-id=\"114386\" src=\"https:\/\/elmetropolitano.com.gt\/es\/wp-content\/uploads\/2025\/10\/2a4bcf0d-f974-46eb-aa7c-055bfa4a4c9e-1024x768.jpeg\" alt=\"\" class=\"wp-image-114386\" srcset=\"https:\/\/elmetropolitano.com.gt\/es\/wp-content\/uploads\/2025\/10\/2a4bcf0d-f974-46eb-aa7c-055bfa4a4c9e-1024x768.jpeg 1024w, https:\/\/elmetropolitano.com.gt\/es\/wp-content\/uploads\/2025\/10\/2a4bcf0d-f974-46eb-aa7c-055bfa4a4c9e-300x225.jpeg 300w, https:\/\/elmetropolitano.com.gt\/es\/wp-content\/uploads\/2025\/10\/2a4bcf0d-f974-46eb-aa7c-055bfa4a4c9e-768x576.jpeg 768w, https:\/\/elmetropolitano.com.gt\/es\/wp-content\/uploads\/2025\/10\/2a4bcf0d-f974-46eb-aa7c-055bfa4a4c9e-1536x1152.jpeg 1536w, https:\/\/elmetropolitano.com.gt\/es\/wp-content\/uploads\/2025\/10\/2a4bcf0d-f974-46eb-aa7c-055bfa4a4c9e.jpeg 1600w\" sizes=\"auto, (max-width: 1024px) 100vw, 1024px\" \/><\/figure>\n\n\n\n<figure class=\"wp-block-image size-large\"><img loading=\"lazy\" decoding=\"async\" width=\"1024\" height=\"768\" data-id=\"114389\" src=\"https:\/\/elmetropolitano.com.gt\/es\/wp-content\/uploads\/2025\/10\/8a3ebf55-ed1f-4853-a0b1-85d75c823e0f-1024x768.jpeg\" alt=\"\" class=\"wp-image-114389\" srcset=\"https:\/\/elmetropolitano.com.gt\/es\/wp-content\/uploads\/2025\/10\/8a3ebf55-ed1f-4853-a0b1-85d75c823e0f-1024x768.jpeg 1024w, https:\/\/elmetropolitano.com.gt\/es\/wp-content\/uploads\/2025\/10\/8a3ebf55-ed1f-4853-a0b1-85d75c823e0f-300x225.jpeg 300w, https:\/\/elmetropolitano.com.gt\/es\/wp-content\/uploads\/2025\/10\/8a3ebf55-ed1f-4853-a0b1-85d75c823e0f-768x576.jpeg 768w, https:\/\/elmetropolitano.com.gt\/es\/wp-content\/uploads\/2025\/10\/8a3ebf55-ed1f-4853-a0b1-85d75c823e0f.jpeg 1280w\" sizes=\"auto, (max-width: 1024px) 100vw, 1024px\" \/><\/figure>\n\n\n\n<figure class=\"wp-block-image size-large\"><img loading=\"lazy\" decoding=\"async\" width=\"1024\" height=\"727\" data-id=\"114385\" src=\"https:\/\/elmetropolitano.com.gt\/es\/wp-content\/uploads\/2025\/10\/149878fe-2b54-41ec-afc1-05976742846d-1-1024x727.jpeg\" alt=\"\" class=\"wp-image-114385\" srcset=\"https:\/\/elmetropolitano.com.gt\/es\/wp-content\/uploads\/2025\/10\/149878fe-2b54-41ec-afc1-05976742846d-1-1024x727.jpeg 1024w, https:\/\/elmetropolitano.com.gt\/es\/wp-content\/uploads\/2025\/10\/149878fe-2b54-41ec-afc1-05976742846d-1-300x213.jpeg 300w, https:\/\/elmetropolitano.com.gt\/es\/wp-content\/uploads\/2025\/10\/149878fe-2b54-41ec-afc1-05976742846d-1-768x545.jpeg 768w, https:\/\/elmetropolitano.com.gt\/es\/wp-content\/uploads\/2025\/10\/149878fe-2b54-41ec-afc1-05976742846d-1-1536x1091.jpeg 1536w, https:\/\/elmetropolitano.com.gt\/es\/wp-content\/uploads\/2025\/10\/149878fe-2b54-41ec-afc1-05976742846d-1.jpeg 1600w\" sizes=\"auto, (max-width: 1024px) 100vw, 1024px\" \/><\/figure>\n\n\n\n<figure class=\"wp-block-image size-large\"><img loading=\"lazy\" decoding=\"async\" width=\"768\" height=\"1024\" data-id=\"114384\" src=\"https:\/\/elmetropolitano.com.gt\/es\/wp-content\/uploads\/2025\/10\/1146646f-a1cc-4073-b824-a03bec305965-768x1024.jpeg\" alt=\"\" class=\"wp-image-114384\" srcset=\"https:\/\/elmetropolitano.com.gt\/es\/wp-content\/uploads\/2025\/10\/1146646f-a1cc-4073-b824-a03bec305965-768x1024.jpeg 768w, https:\/\/elmetropolitano.com.gt\/es\/wp-content\/uploads\/2025\/10\/1146646f-a1cc-4073-b824-a03bec305965-225x300.jpeg 225w, https:\/\/elmetropolitano.com.gt\/es\/wp-content\/uploads\/2025\/10\/1146646f-a1cc-4073-b824-a03bec305965-1152x1536.jpeg 1152w, https:\/\/elmetropolitano.com.gt\/es\/wp-content\/uploads\/2025\/10\/1146646f-a1cc-4073-b824-a03bec305965.jpeg 1200w\" sizes=\"auto, (max-width: 768px) 100vw, 768px\" \/><\/figure>\n\n\n\n<figure class=\"wp-block-image size-large\"><img loading=\"lazy\" decoding=\"async\" width=\"1024\" height=\"768\" data-id=\"114387\" src=\"https:\/\/elmetropolitano.com.gt\/es\/wp-content\/uploads\/2025\/10\/bc2461c7-c43e-4361-9553-540f21612596-1024x768.jpeg\" alt=\"\" class=\"wp-image-114387\" srcset=\"https:\/\/elmetropolitano.com.gt\/es\/wp-content\/uploads\/2025\/10\/bc2461c7-c43e-4361-9553-540f21612596-1024x768.jpeg 1024w, https:\/\/elmetropolitano.com.gt\/es\/wp-content\/uploads\/2025\/10\/bc2461c7-c43e-4361-9553-540f21612596-300x225.jpeg 300w, https:\/\/elmetropolitano.com.gt\/es\/wp-content\/uploads\/2025\/10\/bc2461c7-c43e-4361-9553-540f21612596-768x576.jpeg 768w, https:\/\/elmetropolitano.com.gt\/es\/wp-content\/uploads\/2025\/10\/bc2461c7-c43e-4361-9553-540f21612596.jpeg 1280w\" sizes=\"auto, (max-width: 1024px) 100vw, 1024px\" \/><\/figure>\n\n\n\n<figure class=\"wp-block-image size-large\"><img loading=\"lazy\" decoding=\"async\" width=\"1024\" height=\"768\" data-id=\"114388\" src=\"https:\/\/elmetropolitano.com.gt\/es\/wp-content\/uploads\/2025\/10\/ca73e558-1dac-4777-9e09-f2780204c5a2-1024x768.jpeg\" alt=\"\" class=\"wp-image-114388\" srcset=\"https:\/\/elmetropolitano.com.gt\/es\/wp-content\/uploads\/2025\/10\/ca73e558-1dac-4777-9e09-f2780204c5a2-1024x768.jpeg 1024w, https:\/\/elmetropolitano.com.gt\/es\/wp-content\/uploads\/2025\/10\/ca73e558-1dac-4777-9e09-f2780204c5a2-300x225.jpeg 300w, https:\/\/elmetropolitano.com.gt\/es\/wp-content\/uploads\/2025\/10\/ca73e558-1dac-4777-9e09-f2780204c5a2-768x576.jpeg 768w, https:\/\/elmetropolitano.com.gt\/es\/wp-content\/uploads\/2025\/10\/ca73e558-1dac-4777-9e09-f2780204c5a2.jpeg 1280w\" sizes=\"auto, (max-width: 1024px) 100vw, 1024px\" \/><\/figure>\n<\/figure>\n","protected":false},"excerpt":{"rendered":"<p>Inundaciones por las fuertes lluvias que azotan la costa sur reporta la Cruz Roja Guatemalteca y buscan a una persona arrastrada por la creciente del R\u00edo Ixpats en San Sebasti\u00e1n Retalhuleu. Equipo de Rescate de Cruz Roja Guatemalteca realiza la b\u00fasqueda de una persona en el R\u00edo Ixpats de San Sebasti\u00e1n, Retalhuleu, que fue arrastrada <a class=\"read-more\" href=\"https:\/\/elmetropolitano.com.gt\/es\/cruz-roja-reporta-inundaciones-en-retalhuleu-y-buscan-a-una-persona-arrastrada-por-la-corriente\/\">Leer m\u00e1s<\/a><\/p>\n","protected":false},"author":1,"featured_media":114383,"comment_status":"open","ping_status":"closed","sticky":false,"template":"","format":"standard","meta":{"footnotes":""},"categories":[4],"tags":[13],"class_list":["post-114382","post","type-post","status-publish","format-standard","has-post-thumbnail","hentry","category-departamentales","tag-departamentales"],"_links":{"self":[{"href":"https:\/\/elmetropolitano.com.gt\/es\/wp-json\/wp\/v2\/posts\/114382","targetHints":{"allow":["GET"]}}],"collection":[{"href":"https:\/\/elmetropolitano.com.gt\/es\/wp-json\/wp\/v2\/posts"}],"about":[{"href":"https:\/\/elmetropolitano.com.gt\/es\/wp-json\/wp\/v2\/types\/post"}],"author":[{"embeddable":true,"href":"https:\/\/elmetropolitano.com.gt\/es\/wp-json\/wp\/v2\/users\/1"}],"replies":[{"embeddable":true,"href":"https:\/\/elmetropolitano.com.gt\/es\/wp-json\/wp\/v2\/comments?post=114382"}],"version-history":[{"count":1,"href":"https:\/\/elmetropolitano.com.gt\/es\/wp-json\/wp\/v2\/posts\/114382\/revisions"}],"predecessor-version":[{"id":114390,"href":"https:\/\/elmetropolitano.com.gt\/es\/wp-json\/wp\/v2\/posts\/114382\/revisions\/114390"}],"wp:featuredmedia":[{"embeddable":true,"href":"https:\/\/elmetropolitano.com.gt\/es\/wp-json\/wp\/v2\/media\/114383"}],"wp:attachment":[{"href":"https:\/\/elmetropolitano.com.gt\/es\/wp-json\/wp\/v2\/media?parent=114382"}],"wp:term":[{"taxonomy":"category","embeddable":true,"href":"https:\/\/elmetropolitano.com.gt\/es\/wp-json\/wp\/v2\/categories?post=114382"},{"taxonomy":"post_tag","embeddable":true,"href":"https:\/\/elmetropolitano.com.gt\/es\/wp-json\/wp\/v2\/tags?post=114382"}],"curies":[{"name":"wp","href":"https:\/\/api.w.org\/{rel}","templated":true}]}}