{"id":114472,"date":"2025-10-15T14:14:13","date_gmt":"2025-10-15T20:14:13","guid":{"rendered":"https:\/\/elmetropolitano.com.gt\/es\/?p=114472"},"modified":"2025-10-15T14:14:13","modified_gmt":"2025-10-15T20:14:13","slug":"coordinan-uso-de-drones-con-tecnologia-multiespectral-para-monitorear-la-reserva-de-la-biosfera-maya","status":"publish","type":"post","link":"https:\/\/elmetropolitano.com.gt\/es\/coordinan-uso-de-drones-con-tecnologia-multiespectral-para-monitorear-la-reserva-de-la-biosfera-maya\/","title":{"rendered":"Coordinan uso de drones con tecnolog\u00eda multiespectral para monitorear la Reserva de la Biosfera Maya"},"content":{"rendered":"\n<p>Como parte del compromiso del Gobierno de Guatemala con la innovaci\u00f3n tecnol\u00f3gica y la protecci\u00f3n del medio ambiente, la Direcci\u00f3n General de Aeron\u00e1utica Civil (DGAC), representantes del Consejo Nacional de \u00c1reas protegidas (Conap) y la Wildlife Conservation Society (WCS) sostuvieron una reuni\u00f3n enfocada en el uso de drones para el monitoreo ambiental de la Reserva de la Biosfera Maya.<\/p>\n\n\n\n<p>Esta coordinaci\u00f3n se ejecuta con el fin de visualizar los procesos de reforestaci\u00f3n del espacio natural protegido m\u00e1s grande del pa\u00eds, que representa uno de los pulmones m\u00e1s valiosos en Pet\u00e9n.<\/p><div class=\"elmet-contenido\" id=\"elmet-1938398897\"><div class=\"elmet-adlabel\">Anuncios<\/div><div style=\"margin-top: 20px;margin-right: 20px;margin-bottom: 20px;margin-left: 20px;\" id=\"elmet-2310717959\"><a href=\"https:\/\/www.facebook.com\/arrincuanantigua\/\" aria-label=\"cintillo-arrin-cual\"><img loading=\"lazy\" decoding=\"async\" src=\"https:\/\/elmetropolitano.com.gt\/es\/wp-content\/uploads\/2021\/11\/cintillo-arrin-cual-1.jpg\" alt=\"\"  srcset=\"https:\/\/elmetropolitano.com.gt\/es\/wp-content\/uploads\/2021\/11\/cintillo-arrin-cual-1.jpg 750w, https:\/\/elmetropolitano.com.gt\/es\/wp-content\/uploads\/2021\/11\/cintillo-arrin-cual-1-300x36.jpg 300w, https:\/\/elmetropolitano.com.gt\/es\/wp-content\/uploads\/2021\/11\/cintillo-arrin-cual-1-600x72.jpg 600w\" sizes=\"(max-width: 750px) 100vw, 750px\" width=\"750\" height=\"90\"   \/><\/a><\/div><\/div>\n\n\n\n<p>Tecnolog\u00eda para la conservaci\u00f3n ambiental<\/p>\n\n\n\n<p>Los drones a utilizar estar\u00e1n equipados con sensores Lidar y multiespectrales, tecnolog\u00eda que ofrece una visi\u00f3n detallada del territorio, facilitando el an\u00e1lisis de la cobertura vegetal, la salud de los ecosistemas y la efectividad de las acciones de recuperaci\u00f3n lideradas por el Conap y sus aliados estrat\u00e9gicos.<\/p>\n\n\n\n<p>Seg\u00fan explic\u00f3 Juan Pablo Noriega, representante de WCS, el prop\u00f3sito principal es evaluar el impacto real de los programas de restauraci\u00f3n y generar datos cient\u00edficos que contribuyan a la toma de decisiones ambientales basadas en evidencia.<\/p>\n\n\n\n<p>Seguridad a\u00e9rea e innovaci\u00f3n<\/p>\n\n\n\n<p>Asimismo, la DGAC supervisar\u00e1 la operaci\u00f3n de los drones para garantizar que todas las actividades se lleven a cabo conforme a la normativa nacional sobre aeronaves pilotadas a distancia (RPA), asegurando la protecci\u00f3n del espacio a\u00e9reo y la seguridad operacional de los dem\u00e1s vuelos.<\/p>\n\n\n\n<p>Adem\u00e1s, esta iniciativa se enmarca en el Plan Conecta, liderado por el Ministerio de Comunicaciones, Infraestructura y Vivienda (CIV), que promueve la conectividad digital, el uso responsable de la tecnolog\u00eda y la innovaci\u00f3n, en este caso, en pro de la sostenibilidad ambiental.<\/p>\n\n\n\n<p>Con estas acciones, Guatemala reafirma su compromiso de unir la innovaci\u00f3n tecnol\u00f3gica con la protecci\u00f3n del patrimonio natural, fortaleciendo la cooperaci\u00f3n interinstitucional y consolidando su liderazgo regional en gesti\u00f3n ambiental sostenible.<\/p>\n\n\n\n<p>Texto: Mariana L\u00f3pez<\/p>\n\n\n\n<p>#biosferamaya #metroredes <a href=\"http:\/\/www.elmetropolitano.com.gt\">www.elmetropolitano.com.gt<\/a> <a href=\"http:\/\/www.metroredes.com\">www.metroredes.com<\/a> <a href=\"http:\/\/www.elescuntleco.com\">www.elescuntleco.com<\/a><\/p>\n","protected":false},"excerpt":{"rendered":"<p>Como parte del compromiso del Gobierno de Guatemala con la innovaci\u00f3n tecnol\u00f3gica y la protecci\u00f3n del medio ambiente, la Direcci\u00f3n General de Aeron\u00e1utica Civil (DGAC), representantes del Consejo Nacional de \u00c1reas protegidas (Conap) y la Wildlife Conservation Society (WCS) sostuvieron una reuni\u00f3n enfocada en el uso de drones para el monitoreo ambiental de la Reserva <a class=\"read-more\" href=\"https:\/\/elmetropolitano.com.gt\/es\/coordinan-uso-de-drones-con-tecnologia-multiespectral-para-monitorear-la-reserva-de-la-biosfera-maya\/\">Leer m\u00e1s<\/a><\/p>\n","protected":false},"author":1,"featured_media":114473,"comment_status":"open","ping_status":"closed","sticky":false,"template":"","format":"standard","meta":{"footnotes":""},"categories":[4],"tags":[13],"class_list":["post-114472","post","type-post","status-publish","format-standard","has-post-thumbnail","hentry","category-departamentales","tag-departamentales"],"_links":{"self":[{"href":"https:\/\/elmetropolitano.com.gt\/es\/wp-json\/wp\/v2\/posts\/114472","targetHints":{"allow":["GET"]}}],"collection":[{"href":"https:\/\/elmetropolitano.com.gt\/es\/wp-json\/wp\/v2\/posts"}],"about":[{"href":"https:\/\/elmetropolitano.com.gt\/es\/wp-json\/wp\/v2\/types\/post"}],"author":[{"embeddable":true,"href":"https:\/\/elmetropolitano.com.gt\/es\/wp-json\/wp\/v2\/users\/1"}],"replies":[{"embeddable":true,"href":"https:\/\/elmetropolitano.com.gt\/es\/wp-json\/wp\/v2\/comments?post=114472"}],"version-history":[{"count":1,"href":"https:\/\/elmetropolitano.com.gt\/es\/wp-json\/wp\/v2\/posts\/114472\/revisions"}],"predecessor-version":[{"id":114474,"href":"https:\/\/elmetropolitano.com.gt\/es\/wp-json\/wp\/v2\/posts\/114472\/revisions\/114474"}],"wp:featuredmedia":[{"embeddable":true,"href":"https:\/\/elmetropolitano.com.gt\/es\/wp-json\/wp\/v2\/media\/114473"}],"wp:attachment":[{"href":"https:\/\/elmetropolitano.com.gt\/es\/wp-json\/wp\/v2\/media?parent=114472"}],"wp:term":[{"taxonomy":"category","embeddable":true,"href":"https:\/\/elmetropolitano.com.gt\/es\/wp-json\/wp\/v2\/categories?post=114472"},{"taxonomy":"post_tag","embeddable":true,"href":"https:\/\/elmetropolitano.com.gt\/es\/wp-json\/wp\/v2\/tags?post=114472"}],"curies":[{"name":"wp","href":"https:\/\/api.w.org\/{rel}","templated":true}]}}