{"id":114761,"date":"2025-10-19T19:52:14","date_gmt":"2025-10-20T01:52:14","guid":{"rendered":"https:\/\/elmetropolitano.com.gt\/es\/?p=114761"},"modified":"2025-10-19T19:52:14","modified_gmt":"2025-10-20T01:52:14","slug":"ricardo-castillo-sinibaldi-culmina-una-trayectoria-de-44-anos-en-la-junta-directiva-del-intecap","status":"publish","type":"post","link":"https:\/\/elmetropolitano.com.gt\/es\/ricardo-castillo-sinibaldi-culmina-una-trayectoria-de-44-anos-en-la-junta-directiva-del-intecap\/","title":{"rendered":"Ricardo Castillo Sinibaldi culmina una trayectoria de 44 a\u00f1os en la Junta Directiva del Intecap"},"content":{"rendered":"\n<p><a><\/a>El Instituto T\u00e9cnico de Capacitaci\u00f3n y Productividad \u2013Intecap\u2013 anuncia que el se\u00f1or Ricardo Castillo Sinibaldi concluye su destacada labor como miembro de su Honorable Junta Directiva, tras 44 a\u00f1os de servicio ininterrumpido dedicados a fortalecer la formaci\u00f3n profesional, la productividad y la competitividad en Guatemala.<\/p>\n\n\n\n<p>M\u00e1s que un directivo, a quien con profundo respeto y admiraci\u00f3n llamamos \u201cDon Ricardo\u201d, ha sido un visionario comprometido con el desarrollo humano. Su liderazgo dej\u00f3 una huella profunda en la historia del Intecap, impulsando proyectos y centros de capacitaci\u00f3n que hoy benefician a miles de guatemaltecos.<\/p><div class=\"elmet-contenido\" id=\"elmet-2245896779\"><div class=\"elmet-adlabel\">Anuncios<\/div><div style=\"margin-top: 20px;margin-right: 20px;margin-bottom: 20px;margin-left: 20px;\" id=\"elmet-3348962777\"><a href=\"https:\/\/www.facebook.com\/arrincuanantigua\/\" aria-label=\"cintillo-arrin-cual\"><img loading=\"lazy\" decoding=\"async\" src=\"https:\/\/elmetropolitano.com.gt\/es\/wp-content\/uploads\/2021\/11\/cintillo-arrin-cual-1.jpg\" alt=\"\"  srcset=\"https:\/\/elmetropolitano.com.gt\/es\/wp-content\/uploads\/2021\/11\/cintillo-arrin-cual-1.jpg 750w, https:\/\/elmetropolitano.com.gt\/es\/wp-content\/uploads\/2021\/11\/cintillo-arrin-cual-1-300x36.jpg 300w, https:\/\/elmetropolitano.com.gt\/es\/wp-content\/uploads\/2021\/11\/cintillo-arrin-cual-1-600x72.jpg 600w\" sizes=\"(max-width: 750px) 100vw, 750px\" width=\"750\" height=\"90\"   \/><\/a><\/div><\/div>\n\n\n\n<p>Entre sus aportes m\u00e1s significativos destaca su participaci\u00f3n en la creaci\u00f3n del Fondo de Becas Talento, una iniciativa que naci\u00f3 en la Junta Directiva con el prop\u00f3sito de brindar oportunidades de capacitaci\u00f3n a personas con potencial, pero con limitaciones econ\u00f3micas. Su visi\u00f3n fue clave para que este fondo tuviera un enfoque sostenible, garantizando apoyo continuo a las nuevas generaciones.<\/p>\n\n\n\n<p>Durante su trayectoria, Don Ricardo tambi\u00e9n promovi\u00f3 el Galard\u00f3n a la Productividad y Competitividad, instituido en 2004 por el Intecap como s\u00edmbolo de excelencia y compromiso con el pa\u00eds. Este reconocimiento distingue cada a\u00f1o a las empresas que transforman y generan impacto positivo en su entorno.<\/p>\n\n\n\n<p>Su liderazgo trascendi\u00f3 las fronteras del Intecap. A lo largo de su vida, ha ocupado cargos directivos en instituciones de gran relevancia nacional, como la Empresa El\u00e9ctrica de Guatemala, el Instituto Guatemalteco de Seguridad Social (IGSS), el CACIF, la C\u00e1mara de Industria de Guatemala y el IRTRA, entidad que preside desde hace varios a\u00f1os.<\/p>\n\n\n\n<p>Por su destacada labor, ha sido reconocido con la Orden del Quetzal en Grado Gran Cruz, el Golden Ticket Award, y su ingreso al Sal\u00f3n de la Fama de IAAPA y de la World Waterpark Association.<\/p>\n\n\n\n<p>El legado de Don Ricardo Castillo Sinibaldi trasciende las obras y los reconocimientos: es el reflejo de una Guatemala m\u00e1s preparada y con mayores oportunidades. Su ejemplo inspira a seguir construyendo una instituci\u00f3n s\u00f3lida, humana e incluyente, fiel al principio que \u00e9l mismo impuls\u00f3: \u201cEl Intecap es una instituci\u00f3n que transforma vidas en Guatemala.\u201d<\/p>\n\n\n\n<p>El Intecap expresa su profundo agradecimiento y admiraci\u00f3n hacia Don Ricardo, reafirmando el compromiso de continuar su legado de liderazgo, productividad y servicio al pa\u00eds.<\/p>\n\n\n\n<p><a href=\"https:\/\/www.facebook.com\/hashtag\/intecap?__eep__=6&amp;__cft__[0]=AZXs5dqllyOwPkR_-Lo-SXRpy37aLNTqkn0eO-pn3O-zoKtUANMHI8yV1XEOohUIEa1Mnn9Gdp8GBhBgxyR2bYXtnSnp-K1EZ2uAJXlZ2a0GAQAID9wITlNKEY5mRBH4qhT9lgE5SAv7KE3BzLNW9P_rWj8xu1PBT8sqk4lFXhnLsh-cjcZsmwKXSasoDZiIPWw&amp;__tn__=*NK-R\">#Intecap<\/a><a href=\"https:\/\/www.facebook.com\/hashtag\/metroredes?__eep__=6&amp;__cft__[0]=AZXs5dqllyOwPkR_-Lo-SXRpy37aLNTqkn0eO-pn3O-zoKtUANMHI8yV1XEOohUIEa1Mnn9Gdp8GBhBgxyR2bYXtnSnp-K1EZ2uAJXlZ2a0GAQAID9wITlNKEY5mRBH4qhT9lgE5SAv7KE3BzLNW9P_rWj8xu1PBT8sqk4lFXhnLsh-cjcZsmwKXSasoDZiIPWw&amp;__tn__=*NK-R\">#metroredes<\/a><\/p>\n\n\n\n<figure class=\"wp-block-gallery has-nested-images columns-default is-cropped wp-block-gallery-1 is-layout-flex wp-block-gallery-is-layout-flex\">\n<figure class=\"wp-block-image size-large\"><img loading=\"lazy\" decoding=\"async\" width=\"1024\" height=\"568\" data-id=\"114763\" src=\"https:\/\/elmetropolitano.com.gt\/es\/wp-content\/uploads\/2025\/10\/558674930_1360739529385460_8080326250373417648_n-1024x568.jpg\" alt=\"\" class=\"wp-image-114763\" srcset=\"https:\/\/elmetropolitano.com.gt\/es\/wp-content\/uploads\/2025\/10\/558674930_1360739529385460_8080326250373417648_n-1024x568.jpg 1024w, https:\/\/elmetropolitano.com.gt\/es\/wp-content\/uploads\/2025\/10\/558674930_1360739529385460_8080326250373417648_n-300x167.jpg 300w, https:\/\/elmetropolitano.com.gt\/es\/wp-content\/uploads\/2025\/10\/558674930_1360739529385460_8080326250373417648_n-768x426.jpg 768w, https:\/\/elmetropolitano.com.gt\/es\/wp-content\/uploads\/2025\/10\/558674930_1360739529385460_8080326250373417648_n-1536x852.jpg 1536w, https:\/\/elmetropolitano.com.gt\/es\/wp-content\/uploads\/2025\/10\/558674930_1360739529385460_8080326250373417648_n.jpg 1600w\" sizes=\"auto, (max-width: 1024px) 100vw, 1024px\" \/><\/figure>\n\n\n\n<figure class=\"wp-block-image size-large\"><img loading=\"lazy\" decoding=\"async\" width=\"1024\" height=\"682\" data-id=\"114767\" src=\"https:\/\/elmetropolitano.com.gt\/es\/wp-content\/uploads\/2025\/10\/565150467_1360739302718816_8013445858486316054_n-1024x682.jpg\" alt=\"\" class=\"wp-image-114767\" srcset=\"https:\/\/elmetropolitano.com.gt\/es\/wp-content\/uploads\/2025\/10\/565150467_1360739302718816_8013445858486316054_n-1024x682.jpg 1024w, https:\/\/elmetropolitano.com.gt\/es\/wp-content\/uploads\/2025\/10\/565150467_1360739302718816_8013445858486316054_n-300x200.jpg 300w, https:\/\/elmetropolitano.com.gt\/es\/wp-content\/uploads\/2025\/10\/565150467_1360739302718816_8013445858486316054_n-768x512.jpg 768w, https:\/\/elmetropolitano.com.gt\/es\/wp-content\/uploads\/2025\/10\/565150467_1360739302718816_8013445858486316054_n-1536x1023.jpg 1536w, https:\/\/elmetropolitano.com.gt\/es\/wp-content\/uploads\/2025\/10\/565150467_1360739302718816_8013445858486316054_n.jpg 1600w\" sizes=\"auto, (max-width: 1024px) 100vw, 1024px\" \/><\/figure>\n\n\n\n<figure class=\"wp-block-image size-large\"><img loading=\"lazy\" decoding=\"async\" width=\"1024\" height=\"682\" data-id=\"114765\" src=\"https:\/\/elmetropolitano.com.gt\/es\/wp-content\/uploads\/2025\/10\/566222900_1360739382718808_8086979732045731090_n-1024x682.jpg\" alt=\"\" class=\"wp-image-114765\" srcset=\"https:\/\/elmetropolitano.com.gt\/es\/wp-content\/uploads\/2025\/10\/566222900_1360739382718808_8086979732045731090_n-1024x682.jpg 1024w, https:\/\/elmetropolitano.com.gt\/es\/wp-content\/uploads\/2025\/10\/566222900_1360739382718808_8086979732045731090_n-300x200.jpg 300w, https:\/\/elmetropolitano.com.gt\/es\/wp-content\/uploads\/2025\/10\/566222900_1360739382718808_8086979732045731090_n-768x512.jpg 768w, https:\/\/elmetropolitano.com.gt\/es\/wp-content\/uploads\/2025\/10\/566222900_1360739382718808_8086979732045731090_n-1536x1023.jpg 1536w, https:\/\/elmetropolitano.com.gt\/es\/wp-content\/uploads\/2025\/10\/566222900_1360739382718808_8086979732045731090_n.jpg 1600w\" sizes=\"auto, (max-width: 1024px) 100vw, 1024px\" \/><\/figure>\n\n\n\n<figure class=\"wp-block-image size-large\"><img loading=\"lazy\" decoding=\"async\" width=\"1024\" height=\"682\" data-id=\"114764\" src=\"https:\/\/elmetropolitano.com.gt\/es\/wp-content\/uploads\/2025\/10\/567705671_1360739372718809_3930960897506323302_n-1024x682.jpg\" alt=\"\" class=\"wp-image-114764\" srcset=\"https:\/\/elmetropolitano.com.gt\/es\/wp-content\/uploads\/2025\/10\/567705671_1360739372718809_3930960897506323302_n-1024x682.jpg 1024w, https:\/\/elmetropolitano.com.gt\/es\/wp-content\/uploads\/2025\/10\/567705671_1360739372718809_3930960897506323302_n-300x200.jpg 300w, https:\/\/elmetropolitano.com.gt\/es\/wp-content\/uploads\/2025\/10\/567705671_1360739372718809_3930960897506323302_n-768x512.jpg 768w, https:\/\/elmetropolitano.com.gt\/es\/wp-content\/uploads\/2025\/10\/567705671_1360739372718809_3930960897506323302_n-1536x1023.jpg 1536w, https:\/\/elmetropolitano.com.gt\/es\/wp-content\/uploads\/2025\/10\/567705671_1360739372718809_3930960897506323302_n.jpg 1600w\" sizes=\"auto, (max-width: 1024px) 100vw, 1024px\" \/><\/figure>\n\n\n\n<figure class=\"wp-block-image size-large\"><img loading=\"lazy\" decoding=\"async\" width=\"1024\" height=\"683\" data-id=\"114766\" src=\"https:\/\/elmetropolitano.com.gt\/es\/wp-content\/uploads\/2025\/10\/568285178_1360739296052150_2604957412651846458_n-1-1024x683.jpg\" alt=\"\" class=\"wp-image-114766\" srcset=\"https:\/\/elmetropolitano.com.gt\/es\/wp-content\/uploads\/2025\/10\/568285178_1360739296052150_2604957412651846458_n-1-1024x683.jpg 1024w, https:\/\/elmetropolitano.com.gt\/es\/wp-content\/uploads\/2025\/10\/568285178_1360739296052150_2604957412651846458_n-1-300x200.jpg 300w, https:\/\/elmetropolitano.com.gt\/es\/wp-content\/uploads\/2025\/10\/568285178_1360739296052150_2604957412651846458_n-1-768x512.jpg 768w, https:\/\/elmetropolitano.com.gt\/es\/wp-content\/uploads\/2025\/10\/568285178_1360739296052150_2604957412651846458_n-1.jpg 1521w\" sizes=\"auto, (max-width: 1024px) 100vw, 1024px\" \/><\/figure>\n<\/figure>\n","protected":false},"excerpt":{"rendered":"<p>El Instituto T\u00e9cnico de Capacitaci\u00f3n y Productividad \u2013Intecap\u2013 anuncia que el se\u00f1or Ricardo Castillo Sinibaldi concluye su destacada labor como miembro de su Honorable Junta Directiva, tras 44 a\u00f1os de servicio ininterrumpido dedicados a fortalecer la formaci\u00f3n profesional, la productividad y la competitividad en Guatemala. M\u00e1s que un directivo, a quien con profundo respeto y <a class=\"read-more\" href=\"https:\/\/elmetropolitano.com.gt\/es\/ricardo-castillo-sinibaldi-culmina-una-trayectoria-de-44-anos-en-la-junta-directiva-del-intecap\/\">Leer m\u00e1s<\/a><\/p>\n","protected":false},"author":1,"featured_media":114762,"comment_status":"open","ping_status":"closed","sticky":false,"template":"","format":"standard","meta":{"footnotes":""},"categories":[2],"tags":[12],"class_list":["post-114761","post","type-post","status-publish","format-standard","has-post-thumbnail","hentry","category-nacionales","tag-nacionales"],"_links":{"self":[{"href":"https:\/\/elmetropolitano.com.gt\/es\/wp-json\/wp\/v2\/posts\/114761","targetHints":{"allow":["GET"]}}],"collection":[{"href":"https:\/\/elmetropolitano.com.gt\/es\/wp-json\/wp\/v2\/posts"}],"about":[{"href":"https:\/\/elmetropolitano.com.gt\/es\/wp-json\/wp\/v2\/types\/post"}],"author":[{"embeddable":true,"href":"https:\/\/elmetropolitano.com.gt\/es\/wp-json\/wp\/v2\/users\/1"}],"replies":[{"embeddable":true,"href":"https:\/\/elmetropolitano.com.gt\/es\/wp-json\/wp\/v2\/comments?post=114761"}],"version-history":[{"count":1,"href":"https:\/\/elmetropolitano.com.gt\/es\/wp-json\/wp\/v2\/posts\/114761\/revisions"}],"predecessor-version":[{"id":114768,"href":"https:\/\/elmetropolitano.com.gt\/es\/wp-json\/wp\/v2\/posts\/114761\/revisions\/114768"}],"wp:featuredmedia":[{"embeddable":true,"href":"https:\/\/elmetropolitano.com.gt\/es\/wp-json\/wp\/v2\/media\/114762"}],"wp:attachment":[{"href":"https:\/\/elmetropolitano.com.gt\/es\/wp-json\/wp\/v2\/media?parent=114761"}],"wp:term":[{"taxonomy":"category","embeddable":true,"href":"https:\/\/elmetropolitano.com.gt\/es\/wp-json\/wp\/v2\/categories?post=114761"},{"taxonomy":"post_tag","embeddable":true,"href":"https:\/\/elmetropolitano.com.gt\/es\/wp-json\/wp\/v2\/tags?post=114761"}],"curies":[{"name":"wp","href":"https:\/\/api.w.org\/{rel}","templated":true}]}}