{"id":115088,"date":"2025-10-25T10:18:10","date_gmt":"2025-10-25T16:18:10","guid":{"rendered":"https:\/\/elmetropolitano.com.gt\/es\/?p=115088"},"modified":"2025-10-25T10:18:11","modified_gmt":"2025-10-25T16:18:11","slug":"presidente-arevalo-instruye-al-ministro-de-gobernacion-actuar-con-fuerza-ante-hallazgo-en-palencia","status":"publish","type":"post","link":"https:\/\/elmetropolitano.com.gt\/es\/presidente-arevalo-instruye-al-ministro-de-gobernacion-actuar-con-fuerza-ante-hallazgo-en-palencia\/","title":{"rendered":"Presidente Ar\u00e9valo instruye al ministro de Gobernaci\u00f3n actuar con fuerza ante hallazgo en Palencia"},"content":{"rendered":"\n<p>El presidente Bernardo Ar\u00e9valo comparti\u00f3 en sus redes sociales un mensaje ante el hallazgo de ocho cad\u00e1veres en Palencia.<\/p>\n\n\n\n<p>El mandatario manifest\u00f3, por medio de un mensaje en redes sociales, que ha instruido al nuevo ministro de Gobernaci\u00f3n actuar con toda la fuerza del Estado.<\/p><div class=\"elmet-contenido\" id=\"elmet-2164670781\"><div class=\"elmet-adlabel\">Anuncios<\/div><div style=\"margin-top: 20px;margin-right: 20px;margin-bottom: 20px;margin-left: 20px;\" id=\"elmet-1331291226\"><a href=\"https:\/\/www.facebook.com\/arrincuanantigua\/\" aria-label=\"cintillo-arrin-cual\"><img loading=\"lazy\" decoding=\"async\" src=\"https:\/\/elmetropolitano.com.gt\/es\/wp-content\/uploads\/2021\/11\/cintillo-arrin-cual-1.jpg\" alt=\"\"  srcset=\"https:\/\/elmetropolitano.com.gt\/es\/wp-content\/uploads\/2021\/11\/cintillo-arrin-cual-1.jpg 750w, https:\/\/elmetropolitano.com.gt\/es\/wp-content\/uploads\/2021\/11\/cintillo-arrin-cual-1-300x36.jpg 300w, https:\/\/elmetropolitano.com.gt\/es\/wp-content\/uploads\/2021\/11\/cintillo-arrin-cual-1-600x72.jpg 600w\" sizes=\"(max-width: 750px) 100vw, 750px\" width=\"750\" height=\"90\"   \/><\/a><\/div><\/div>\n\n\n\n<p>Ante el hecho, mencion\u00f3 que no habr\u00e1 impunidad, pues este gobierno enfrentar\u00e1 el crimen con firmeza, coordinaci\u00f3n y resultados.<\/p>\n\n\n\n<p>El Cuerpo Voluntario de Bomberos inform\u00f3 que en el kil\u00f3metro 21 de la&nbsp; ruta al Atl\u00e1ntico, bajo el puente San Juan, se localizaron ocho cuerpos envueltos en nailon.<\/p>\n\n\n\n<p>Luego del hallazgo, miembros de diferentes compa\u00f1\u00edas de bomberos trabajaron para extraer los cad\u00e1veres hacia la superficie para los tr\u00e1mites de rigor.<\/p>\n\n\n\n<p>Nombramiento del ministro<\/p>\n\n\n\n<p>Durante La Ronda de este viernes, el presidente Ar\u00e9valo present\u00f3 al nuevo ministro de Gobernaci\u00f3n, Marco Antonio Villeda, a quien calific\u00f3 como un hombre honesto, con m\u00e1s de 30 a\u00f1os como juez, dedicado al sistema de justicia y con experiencia en extinci\u00f3n de dominio.<\/p>\n\n\n\n<p>A\u00f1adi\u00f3 que a conocer de cerca la lucha (de Villeda) contra el crimen organizado y sabe tomar decisiones bajo el criterio de la justicia.<\/p>\n\n\n\n<p>En tanto, el nuevo ministro de Gobernaci\u00f3n agradeci\u00f3 la confianza y el honor de servir al pueblo de Guatemala:<\/p>\n\n\n\n<p>Pondremos nuestro conocimiento y experiencia al servicio de la naci\u00f3n. Una de las primeras acciones es solicitar apoyo de los Estados Unidos para la recaptura de los reos (pr\u00f3fugos). Nosotros necesitamos recapturarlos lo m\u00e1s pronto posible para sacarlos de las calles.<\/p>\n\n\n\n<p>Entre sus primeras acciones destac\u00f3 retomar el control del Sistema Penitenciario con un nuevo equipo comprometido, cuyos integrantes se anunciar\u00e1n pr\u00f3ximamente.<\/p>\n\n\n\n<p>Texto Cindy Alonzo<\/p>\n\n\n\n<p>#seguridad #metroredes<\/p>\n","protected":false},"excerpt":{"rendered":"<p>El presidente Bernardo Ar\u00e9valo comparti\u00f3 en sus redes sociales un mensaje ante el hallazgo de ocho cad\u00e1veres en Palencia. El mandatario manifest\u00f3, por medio de un mensaje en redes sociales, que ha instruido al nuevo ministro de Gobernaci\u00f3n actuar con toda la fuerza del Estado. Ante el hecho, mencion\u00f3 que no habr\u00e1 impunidad, pues este <a class=\"read-more\" href=\"https:\/\/elmetropolitano.com.gt\/es\/presidente-arevalo-instruye-al-ministro-de-gobernacion-actuar-con-fuerza-ante-hallazgo-en-palencia\/\">Leer m\u00e1s<\/a><\/p>\n","protected":false},"author":1,"featured_media":115089,"comment_status":"open","ping_status":"closed","sticky":false,"template":"","format":"standard","meta":{"footnotes":""},"categories":[1],"tags":[],"class_list":["post-115088","post","type-post","status-publish","format-standard","has-post-thumbnail","hentry","category-uncategorized"],"_links":{"self":[{"href":"https:\/\/elmetropolitano.com.gt\/es\/wp-json\/wp\/v2\/posts\/115088","targetHints":{"allow":["GET"]}}],"collection":[{"href":"https:\/\/elmetropolitano.com.gt\/es\/wp-json\/wp\/v2\/posts"}],"about":[{"href":"https:\/\/elmetropolitano.com.gt\/es\/wp-json\/wp\/v2\/types\/post"}],"author":[{"embeddable":true,"href":"https:\/\/elmetropolitano.com.gt\/es\/wp-json\/wp\/v2\/users\/1"}],"replies":[{"embeddable":true,"href":"https:\/\/elmetropolitano.com.gt\/es\/wp-json\/wp\/v2\/comments?post=115088"}],"version-history":[{"count":1,"href":"https:\/\/elmetropolitano.com.gt\/es\/wp-json\/wp\/v2\/posts\/115088\/revisions"}],"predecessor-version":[{"id":115090,"href":"https:\/\/elmetropolitano.com.gt\/es\/wp-json\/wp\/v2\/posts\/115088\/revisions\/115090"}],"wp:featuredmedia":[{"embeddable":true,"href":"https:\/\/elmetropolitano.com.gt\/es\/wp-json\/wp\/v2\/media\/115089"}],"wp:attachment":[{"href":"https:\/\/elmetropolitano.com.gt\/es\/wp-json\/wp\/v2\/media?parent=115088"}],"wp:term":[{"taxonomy":"category","embeddable":true,"href":"https:\/\/elmetropolitano.com.gt\/es\/wp-json\/wp\/v2\/categories?post=115088"},{"taxonomy":"post_tag","embeddable":true,"href":"https:\/\/elmetropolitano.com.gt\/es\/wp-json\/wp\/v2\/tags?post=115088"}],"curies":[{"name":"wp","href":"https:\/\/api.w.org\/{rel}","templated":true}]}}