{"id":115665,"date":"2025-11-02T11:31:22","date_gmt":"2025-11-02T17:31:22","guid":{"rendered":"https:\/\/elmetropolitano.com.gt\/es\/?p=115665"},"modified":"2025-11-02T11:31:24","modified_gmt":"2025-11-02T17:31:24","slug":"holcim-guatemala-refuerza-su-compromiso-ambiental-con-su-jornada-de-limpieza-en-el-puerto-de-san-jose","status":"publish","type":"post","link":"https:\/\/elmetropolitano.com.gt\/es\/holcim-guatemala-refuerza-su-compromiso-ambiental-con-su-jornada-de-limpieza-en-el-puerto-de-san-jose\/","title":{"rendered":"Holcim Guatemala refuerza su compromiso ambiental con su jornada de limpieza en el Puerto de San Jos\u00e9"},"content":{"rendered":"\n<p><a><\/a>Como parte de los Global HSE Days y de la Semana de Voluntariado Holcim, sus colaboradores participaron en una jornada de limpieza en la playa p\u00fablica del Puerto de San Jos\u00e9, asi como en diversas charlas de seguridad, salud, reafirmando el compromiso de la compa\u00f1\u00eda con el medio ambiente y las comunidades donde opera.<\/p>\n\n\n\n<p>La actividad cont\u00f3 con la participaci\u00f3n de 45 voluntarios de Holcim Guatemala y 10 colaboradores de DIGAFOM, quienes lograron recolectar 3.3 toneladas de desechos s\u00f3lidos a lo largo de 2.5 kil\u00f3metros de playa, contribuyendo directamente a la protecci\u00f3n de los ecosistemas costeros y al mejoramiento de los espacios comunitarios.<\/p><div class=\"elmet-contenido\" id=\"elmet-3869831144\"><div class=\"elmet-adlabel\">Anuncios<\/div><div style=\"margin-top: 20px;margin-right: 20px;margin-bottom: 20px;margin-left: 20px;\" id=\"elmet-351790116\"><a href=\"https:\/\/www.facebook.com\/arrincuanantigua\/\" aria-label=\"cintillo-arrin-cual\"><img loading=\"lazy\" decoding=\"async\" src=\"https:\/\/elmetropolitano.com.gt\/es\/wp-content\/uploads\/2021\/11\/cintillo-arrin-cual-1.jpg\" alt=\"\"  srcset=\"https:\/\/elmetropolitano.com.gt\/es\/wp-content\/uploads\/2021\/11\/cintillo-arrin-cual-1.jpg 750w, https:\/\/elmetropolitano.com.gt\/es\/wp-content\/uploads\/2021\/11\/cintillo-arrin-cual-1-300x36.jpg 300w, https:\/\/elmetropolitano.com.gt\/es\/wp-content\/uploads\/2021\/11\/cintillo-arrin-cual-1-600x72.jpg 600w\" sizes=\"(max-width: 750px) 100vw, 750px\" width=\"750\" height=\"90\"   \/><\/a><\/div><\/div>\n\n\n\n<p>Durante la semana, los colaboradores tambi\u00e9n participaron en charlas y capacitaciones sobre salud ocupacional y seguridad industrial, enfocadas en fortalecer la cultura preventiva y el autocuidado dentro y fuera del entorno laboral. Estas sesiones abordaron buenas pr\u00e1cticas en seguridad, gesti\u00f3n de riesgos y bienestar integral, pilares fundamentales del enfoque HSE (Health, Safety &amp; Environment) de Holcim.<\/p>\n\n\n\n<p>La jornada se desarroll\u00f3 en el marco del D\u00eda Internacional contra el Cambio Clim\u00e1tico, reforzando la visi\u00f3n de Holcim de liderar la transformaci\u00f3n sostenible de la industria de la construcci\u00f3n y de actuar frente a los retos ambientales con soluciones concretas.<\/p>\n\n\n\n<p>A nivel regional, Holcim Latinoam\u00e9rica impulsa proyectos que contribuyen a un futuro net-zero, mediante iniciativas que promueven la innovaci\u00f3n, la reducci\u00f3n de emisiones y la econom\u00eda circular. Entre ellas destacan:<\/p>\n\n\n\n<p>\u25cf Ecopact, el concreto bajo en carbono que reduce hasta un 90% las emisiones de CO\u2082.<\/p>\n\n\n\n<p>\u25cf Geocycle, programa que reutiliza residuos como fuentes alternativas de energ\u00eda, evitando su disposici\u00f3n en vertederos.<\/p>\n\n\n\n<p>\u25cf Construcci\u00f3n Circular, que fomenta la reutilizaci\u00f3n de materiales de demolici\u00f3n en nuevos proyectos.<\/p>\n\n\n\n<p>\u25cf Desarrollo de infraestructuras sostenibles, dise\u00f1adas para resistir los impactos del cambio clim\u00e1tico y beneficiar a las comunidades locales.<\/p>\n\n\n\n<p>\u201cEn Holcim trabajamos cada d\u00eda para reducir emisiones, reutilizar recursos y desarrollar infraestructuras m\u00e1s sostenibles. Estas acciones forman parte de nuestro compromiso con la descarbonizaci\u00f3n y con la construcci\u00f3n de ciudades m\u00e1s resilientes\u201d, a\u00f1adi\u00f3 Jose Rivera, Communication &amp; Corporate Affairs | Marketing, Holcim Guatemala.<\/p>\n\n\n\n<p>Con iniciativas como la jornada de limpieza del Puerto de San Jos\u00e9, Holcim Guatemala reafirma su compromiso con la acci\u00f3n clim\u00e1tica, el voluntariado corporativo y la responsabilidad social, demostrando que el progreso sostenible es posible cuando empresas, colaboradores y comunidades trabajan unidos por un mismo prop\u00f3sito.<\/p>\n\n\n\n<p><a href=\"https:\/\/www.facebook.com\/hashtag\/holcim?__eep__=6&amp;__cft__[0]=AZUKIPxNLP5OZAMiCFfr0Nia5lSHYMU6vFggXatfuYK5HnhqutFxL4IKTWjqJdUYrVE4nrynC0fAlVJj-W6edG0iFccE7NTKqIZ2j0j4yXtr5sEjx6FiL9eI9YrgBMdrtbP-gWhxppfqomATPwh7aDbeLL-zplBK_QTdGy9oS_1sra6U8YleCiG9qQMxQMEtATc&amp;__tn__=*NK-R\">#Holcim<\/a><a href=\"https:\/\/www.facebook.com\/hashtag\/holcimguatemala?__eep__=6&amp;__cft__[0]=AZUKIPxNLP5OZAMiCFfr0Nia5lSHYMU6vFggXatfuYK5HnhqutFxL4IKTWjqJdUYrVE4nrynC0fAlVJj-W6edG0iFccE7NTKqIZ2j0j4yXtr5sEjx6FiL9eI9YrgBMdrtbP-gWhxppfqomATPwh7aDbeLL-zplBK_QTdGy9oS_1sra6U8YleCiG9qQMxQMEtATc&amp;__tn__=*NK-R\">#HolcimGuatemala<\/a><a href=\"https:\/\/www.facebook.com\/hashtag\/puertosanjose?__eep__=6&amp;__cft__[0]=AZUKIPxNLP5OZAMiCFfr0Nia5lSHYMU6vFggXatfuYK5HnhqutFxL4IKTWjqJdUYrVE4nrynC0fAlVJj-W6edG0iFccE7NTKqIZ2j0j4yXtr5sEjx6FiL9eI9YrgBMdrtbP-gWhxppfqomATPwh7aDbeLL-zplBK_QTdGy9oS_1sra6U8YleCiG9qQMxQMEtATc&amp;__tn__=*NK-R\">#PuertoSanJose<\/a><a href=\"https:\/\/www.facebook.com\/hashtag\/escuintla?__eep__=6&amp;__cft__[0]=AZUKIPxNLP5OZAMiCFfr0Nia5lSHYMU6vFggXatfuYK5HnhqutFxL4IKTWjqJdUYrVE4nrynC0fAlVJj-W6edG0iFccE7NTKqIZ2j0j4yXtr5sEjx6FiL9eI9YrgBMdrtbP-gWhxppfqomATPwh7aDbeLL-zplBK_QTdGy9oS_1sra6U8YleCiG9qQMxQMEtATc&amp;__tn__=*NK-R\">#Escuintla<\/a><\/p>\n\n\n\n<figure class=\"wp-block-gallery has-nested-images columns-default is-cropped wp-block-gallery-1 is-layout-flex wp-block-gallery-is-layout-flex\">\n<figure class=\"wp-block-image size-large\"><img loading=\"lazy\" decoding=\"async\" width=\"687\" height=\"363\" data-id=\"115667\" src=\"https:\/\/elmetropolitano.com.gt\/es\/wp-content\/uploads\/2025\/11\/574075735_1373074478151965_5684456231817743369_n.jpg\" alt=\"\" class=\"wp-image-115667\" srcset=\"https:\/\/elmetropolitano.com.gt\/es\/wp-content\/uploads\/2025\/11\/574075735_1373074478151965_5684456231817743369_n.jpg 687w, https:\/\/elmetropolitano.com.gt\/es\/wp-content\/uploads\/2025\/11\/574075735_1373074478151965_5684456231817743369_n-300x159.jpg 300w\" sizes=\"auto, (max-width: 687px) 100vw, 687px\" \/><\/figure>\n\n\n\n<figure class=\"wp-block-image size-large\"><img loading=\"lazy\" decoding=\"async\" width=\"565\" height=\"425\" data-id=\"115668\" src=\"https:\/\/elmetropolitano.com.gt\/es\/wp-content\/uploads\/2025\/11\/574565546_1373074518151961_8724264448702897551_n.jpg\" alt=\"\" class=\"wp-image-115668\" srcset=\"https:\/\/elmetropolitano.com.gt\/es\/wp-content\/uploads\/2025\/11\/574565546_1373074518151961_8724264448702897551_n.jpg 565w, https:\/\/elmetropolitano.com.gt\/es\/wp-content\/uploads\/2025\/11\/574565546_1373074518151961_8724264448702897551_n-300x226.jpg 300w\" sizes=\"auto, (max-width: 565px) 100vw, 565px\" \/><\/figure>\n\n\n\n<figure class=\"wp-block-image size-large\"><img loading=\"lazy\" decoding=\"async\" width=\"568\" height=\"365\" data-id=\"115670\" src=\"https:\/\/elmetropolitano.com.gt\/es\/wp-content\/uploads\/2025\/11\/574579085_1373074474818632_5873688934534772543_n-1.jpg\" alt=\"\" class=\"wp-image-115670\" srcset=\"https:\/\/elmetropolitano.com.gt\/es\/wp-content\/uploads\/2025\/11\/574579085_1373074474818632_5873688934534772543_n-1.jpg 568w, https:\/\/elmetropolitano.com.gt\/es\/wp-content\/uploads\/2025\/11\/574579085_1373074474818632_5873688934534772543_n-1-300x193.jpg 300w\" sizes=\"auto, (max-width: 568px) 100vw, 568px\" \/><\/figure>\n\n\n\n<figure class=\"wp-block-image size-large\"><img loading=\"lazy\" decoding=\"async\" width=\"477\" height=\"462\" data-id=\"115669\" src=\"https:\/\/elmetropolitano.com.gt\/es\/wp-content\/uploads\/2025\/11\/574573727_1373074534818626_3342583306985692715_n.jpg\" alt=\"\" class=\"wp-image-115669\" srcset=\"https:\/\/elmetropolitano.com.gt\/es\/wp-content\/uploads\/2025\/11\/574573727_1373074534818626_3342583306985692715_n.jpg 477w, https:\/\/elmetropolitano.com.gt\/es\/wp-content\/uploads\/2025\/11\/574573727_1373074534818626_3342583306985692715_n-300x291.jpg 300w\" sizes=\"auto, (max-width: 477px) 100vw, 477px\" \/><\/figure>\n<\/figure>\n","protected":false},"excerpt":{"rendered":"<p>Como parte de los Global HSE Days y de la Semana de Voluntariado Holcim, sus colaboradores participaron en una jornada de limpieza en la playa p\u00fablica del Puerto de San Jos\u00e9, asi como en diversas charlas de seguridad, salud, reafirmando el compromiso de la compa\u00f1\u00eda con el medio ambiente y las comunidades donde opera. La <a class=\"read-more\" href=\"https:\/\/elmetropolitano.com.gt\/es\/holcim-guatemala-refuerza-su-compromiso-ambiental-con-su-jornada-de-limpieza-en-el-puerto-de-san-jose\/\">Leer m\u00e1s<\/a><\/p>\n","protected":false},"author":1,"featured_media":115666,"comment_status":"open","ping_status":"closed","sticky":false,"template":"","format":"standard","meta":{"footnotes":""},"categories":[2],"tags":[12],"class_list":["post-115665","post","type-post","status-publish","format-standard","has-post-thumbnail","hentry","category-nacionales","tag-nacionales"],"_links":{"self":[{"href":"https:\/\/elmetropolitano.com.gt\/es\/wp-json\/wp\/v2\/posts\/115665","targetHints":{"allow":["GET"]}}],"collection":[{"href":"https:\/\/elmetropolitano.com.gt\/es\/wp-json\/wp\/v2\/posts"}],"about":[{"href":"https:\/\/elmetropolitano.com.gt\/es\/wp-json\/wp\/v2\/types\/post"}],"author":[{"embeddable":true,"href":"https:\/\/elmetropolitano.com.gt\/es\/wp-json\/wp\/v2\/users\/1"}],"replies":[{"embeddable":true,"href":"https:\/\/elmetropolitano.com.gt\/es\/wp-json\/wp\/v2\/comments?post=115665"}],"version-history":[{"count":1,"href":"https:\/\/elmetropolitano.com.gt\/es\/wp-json\/wp\/v2\/posts\/115665\/revisions"}],"predecessor-version":[{"id":115671,"href":"https:\/\/elmetropolitano.com.gt\/es\/wp-json\/wp\/v2\/posts\/115665\/revisions\/115671"}],"wp:featuredmedia":[{"embeddable":true,"href":"https:\/\/elmetropolitano.com.gt\/es\/wp-json\/wp\/v2\/media\/115666"}],"wp:attachment":[{"href":"https:\/\/elmetropolitano.com.gt\/es\/wp-json\/wp\/v2\/media?parent=115665"}],"wp:term":[{"taxonomy":"category","embeddable":true,"href":"https:\/\/elmetropolitano.com.gt\/es\/wp-json\/wp\/v2\/categories?post=115665"},{"taxonomy":"post_tag","embeddable":true,"href":"https:\/\/elmetropolitano.com.gt\/es\/wp-json\/wp\/v2\/tags?post=115665"}],"curies":[{"name":"wp","href":"https:\/\/api.w.org\/{rel}","templated":true}]}}