{"id":115788,"date":"2025-11-04T09:46:09","date_gmt":"2025-11-04T15:46:09","guid":{"rendered":"https:\/\/elmetropolitano.com.gt\/es\/?p=115788"},"modified":"2025-11-04T09:46:11","modified_gmt":"2025-11-04T15:46:11","slug":"bus-extraurbano-vuelca-en-entrada-a-siquinala","status":"publish","type":"post","link":"https:\/\/elmetropolitano.com.gt\/es\/bus-extraurbano-vuelca-en-entrada-a-siquinala\/","title":{"rendered":"Bus extraurbano vuelca en entrada a Siquinal\u00e1"},"content":{"rendered":"\n<p>Hoy en la ma\u00f1ana se report\u00f3 un accidente tras el vuelco de un autob\u00fas de la Empresa Tropicana sobre la cinta asf\u00e1ltica en la entrada de Siquinal\u00e1, Escuintla, preliminarmente se sabe que hay 2 fallecidos, varias personas atrapadas y heridos. Unidades se rescate ya se dirigen al lugar.<\/p>\n\n\n\n<p><a href=\"https:\/\/www.facebook.com\/hashtag\/percansevial?__eep__=6&amp;__cft__[0]=AZVWHnzkDTmQQtD3Djjupk_3go_XaX2sh5NQovb7bLZ1WPYYbQS87Kt-uCEyAI_ZNFT_MAi6OroPUMUO-MP8bNN7UMx_j3M_D8n6ddgcgLGzKDghGk1tu5uVDRBC67c5_5LWbo0RVn4cnJMI9RMs6d68u6Wvc0eG_pPOa0sD2k-yjcr8-uC-Mbw8lqzZ5MTVYQY&amp;__tn__=*NK-R\">#PercanseVial<\/a><a href=\"https:\/\/www.facebook.com\/hashtag\/rutaalpacifico?__eep__=6&amp;__cft__[0]=AZVWHnzkDTmQQtD3Djjupk_3go_XaX2sh5NQovb7bLZ1WPYYbQS87Kt-uCEyAI_ZNFT_MAi6OroPUMUO-MP8bNN7UMx_j3M_D8n6ddgcgLGzKDghGk1tu5uVDRBC67c5_5LWbo0RVn4cnJMI9RMs6d68u6Wvc0eG_pPOa0sD2k-yjcr8-uC-Mbw8lqzZ5MTVYQY&amp;__tn__=*NK-R\">#RutaAlPacifico<\/a><\/p><div class=\"elmet-contenido\" id=\"elmet-374887335\"><div class=\"elmet-adlabel\">Anuncios<\/div><div style=\"margin-top: 20px;margin-right: 20px;margin-bottom: 20px;margin-left: 20px;\" id=\"elmet-235225165\"><a href=\"https:\/\/www.facebook.com\/arrincuanantigua\/\" aria-label=\"cintillo-arrin-cual\"><img loading=\"lazy\" decoding=\"async\" src=\"https:\/\/elmetropolitano.com.gt\/es\/wp-content\/uploads\/2021\/11\/cintillo-arrin-cual-1.jpg\" alt=\"\"  srcset=\"https:\/\/elmetropolitano.com.gt\/es\/wp-content\/uploads\/2021\/11\/cintillo-arrin-cual-1.jpg 750w, https:\/\/elmetropolitano.com.gt\/es\/wp-content\/uploads\/2021\/11\/cintillo-arrin-cual-1-300x36.jpg 300w, https:\/\/elmetropolitano.com.gt\/es\/wp-content\/uploads\/2021\/11\/cintillo-arrin-cual-1-600x72.jpg 600w\" sizes=\"(max-width: 750px) 100vw, 750px\" width=\"750\" height=\"90\"   \/><\/a><\/div><\/div>\n\n\n\n<figure class=\"wp-block-gallery has-nested-images columns-default is-cropped wp-block-gallery-1 is-layout-flex wp-block-gallery-is-layout-flex\">\n<figure class=\"wp-block-image size-large\"><img loading=\"lazy\" decoding=\"async\" width=\"794\" height=\"1024\" data-id=\"115791\" src=\"https:\/\/elmetropolitano.com.gt\/es\/wp-content\/uploads\/2025\/11\/573070099_1375440171248729_704524271090172693_n-1-1-794x1024.jpg\" alt=\"\" class=\"wp-image-115791\" srcset=\"https:\/\/elmetropolitano.com.gt\/es\/wp-content\/uploads\/2025\/11\/573070099_1375440171248729_704524271090172693_n-1-1-794x1024.jpg 794w, https:\/\/elmetropolitano.com.gt\/es\/wp-content\/uploads\/2025\/11\/573070099_1375440171248729_704524271090172693_n-1-1-233x300.jpg 233w, https:\/\/elmetropolitano.com.gt\/es\/wp-content\/uploads\/2025\/11\/573070099_1375440171248729_704524271090172693_n-1-1-768x990.jpg 768w, https:\/\/elmetropolitano.com.gt\/es\/wp-content\/uploads\/2025\/11\/573070099_1375440171248729_704524271090172693_n-1-1-1191x1536.jpg 1191w, https:\/\/elmetropolitano.com.gt\/es\/wp-content\/uploads\/2025\/11\/573070099_1375440171248729_704524271090172693_n-1-1.jpg 1241w\" sizes=\"auto, (max-width: 794px) 100vw, 794px\" \/><\/figure>\n\n\n\n<figure class=\"wp-block-image size-large\"><img loading=\"lazy\" decoding=\"async\" width=\"865\" height=\"1024\" data-id=\"115790\" src=\"https:\/\/elmetropolitano.com.gt\/es\/wp-content\/uploads\/2025\/11\/573587691_1375440161248730_4162598388118420247_n-865x1024.jpg\" alt=\"\" class=\"wp-image-115790\" srcset=\"https:\/\/elmetropolitano.com.gt\/es\/wp-content\/uploads\/2025\/11\/573587691_1375440161248730_4162598388118420247_n-865x1024.jpg 865w, https:\/\/elmetropolitano.com.gt\/es\/wp-content\/uploads\/2025\/11\/573587691_1375440161248730_4162598388118420247_n-254x300.jpg 254w, https:\/\/elmetropolitano.com.gt\/es\/wp-content\/uploads\/2025\/11\/573587691_1375440161248730_4162598388118420247_n-768x909.jpg 768w, https:\/\/elmetropolitano.com.gt\/es\/wp-content\/uploads\/2025\/11\/573587691_1375440161248730_4162598388118420247_n-1298x1536.jpg 1298w, https:\/\/elmetropolitano.com.gt\/es\/wp-content\/uploads\/2025\/11\/573587691_1375440161248730_4162598388118420247_n.jpg 1320w\" sizes=\"auto, (max-width: 865px) 100vw, 865px\" \/><\/figure>\n\n\n\n<figure class=\"wp-block-image size-large\"><img loading=\"lazy\" decoding=\"async\" width=\"870\" height=\"1024\" data-id=\"115792\" src=\"https:\/\/elmetropolitano.com.gt\/es\/wp-content\/uploads\/2025\/11\/573921923_1375440194582060_301079783805171964_n-870x1024.jpg\" alt=\"\" class=\"wp-image-115792\" srcset=\"https:\/\/elmetropolitano.com.gt\/es\/wp-content\/uploads\/2025\/11\/573921923_1375440194582060_301079783805171964_n-870x1024.jpg 870w, https:\/\/elmetropolitano.com.gt\/es\/wp-content\/uploads\/2025\/11\/573921923_1375440194582060_301079783805171964_n-255x300.jpg 255w, https:\/\/elmetropolitano.com.gt\/es\/wp-content\/uploads\/2025\/11\/573921923_1375440194582060_301079783805171964_n-768x904.jpg 768w, https:\/\/elmetropolitano.com.gt\/es\/wp-content\/uploads\/2025\/11\/573921923_1375440194582060_301079783805171964_n-1305x1536.jpg 1305w, https:\/\/elmetropolitano.com.gt\/es\/wp-content\/uploads\/2025\/11\/573921923_1375440194582060_301079783805171964_n.jpg 1320w\" sizes=\"auto, (max-width: 870px) 100vw, 870px\" \/><\/figure>\n<\/figure>\n","protected":false},"excerpt":{"rendered":"<p>Hoy en la ma\u00f1ana se report\u00f3 un accidente tras el vuelco de un autob\u00fas de la Empresa Tropicana sobre la cinta asf\u00e1ltica en la entrada de Siquinal\u00e1, Escuintla, preliminarmente se sabe que hay 2 fallecidos, varias personas atrapadas y heridos. Unidades se rescate ya se dirigen al lugar. #PercanseVial#RutaAlPacifico<\/p>\n","protected":false},"author":1,"featured_media":115789,"comment_status":"open","ping_status":"closed","sticky":false,"template":"","format":"standard","meta":{"footnotes":""},"categories":[4],"tags":[13],"class_list":["post-115788","post","type-post","status-publish","format-standard","has-post-thumbnail","hentry","category-departamentales","tag-departamentales"],"_links":{"self":[{"href":"https:\/\/elmetropolitano.com.gt\/es\/wp-json\/wp\/v2\/posts\/115788","targetHints":{"allow":["GET"]}}],"collection":[{"href":"https:\/\/elmetropolitano.com.gt\/es\/wp-json\/wp\/v2\/posts"}],"about":[{"href":"https:\/\/elmetropolitano.com.gt\/es\/wp-json\/wp\/v2\/types\/post"}],"author":[{"embeddable":true,"href":"https:\/\/elmetropolitano.com.gt\/es\/wp-json\/wp\/v2\/users\/1"}],"replies":[{"embeddable":true,"href":"https:\/\/elmetropolitano.com.gt\/es\/wp-json\/wp\/v2\/comments?post=115788"}],"version-history":[{"count":1,"href":"https:\/\/elmetropolitano.com.gt\/es\/wp-json\/wp\/v2\/posts\/115788\/revisions"}],"predecessor-version":[{"id":115793,"href":"https:\/\/elmetropolitano.com.gt\/es\/wp-json\/wp\/v2\/posts\/115788\/revisions\/115793"}],"wp:featuredmedia":[{"embeddable":true,"href":"https:\/\/elmetropolitano.com.gt\/es\/wp-json\/wp\/v2\/media\/115789"}],"wp:attachment":[{"href":"https:\/\/elmetropolitano.com.gt\/es\/wp-json\/wp\/v2\/media?parent=115788"}],"wp:term":[{"taxonomy":"category","embeddable":true,"href":"https:\/\/elmetropolitano.com.gt\/es\/wp-json\/wp\/v2\/categories?post=115788"},{"taxonomy":"post_tag","embeddable":true,"href":"https:\/\/elmetropolitano.com.gt\/es\/wp-json\/wp\/v2\/tags?post=115788"}],"curies":[{"name":"wp","href":"https:\/\/api.w.org\/{rel}","templated":true}]}}