{"id":115838,"date":"2025-11-05T09:34:49","date_gmt":"2025-11-05T15:34:49","guid":{"rendered":"https:\/\/elmetropolitano.com.gt\/es\/?p=115838"},"modified":"2025-11-05T09:34:51","modified_gmt":"2025-11-05T15:34:51","slug":"cada-derrota-de-la-clica-rodriguez-arzu-es-una-victoria","status":"publish","type":"post","link":"https:\/\/elmetropolitano.com.gt\/es\/cada-derrota-de-la-clica-rodriguez-arzu-es-una-victoria\/","title":{"rendered":"\u00abCada derrota de la clica Rodr\u00edguez-Arz\u00fa es una victoria"},"content":{"rendered":"\n<p><a href=\"https:\/\/www.facebook.com\/hashtag\/asilodijo?__eep__=6&amp;__cft__[0]=AZXWevtsm4H6_qTc4-zJ_BJfPING9NmsJfggUPRIqUIQXCLficSav8nK1-3pD2WVheROhEcvAH0Ra5SuYG70rP4lzhe_4Ry7WOput_yn50XM4CqNg_hM6PxGuvNZZB-SMtPx2Tfycv352aCzdDhCJuinYB7cZJShbj3euydiXq7gPx94jf4G6J6pGEZHg25FsaY&amp;__tn__=*NK-R\">#AsiLoDijo<\/a><\/p>\n\n\n\n<p>\u201cHoy gan\u00f3 una Junta Directiva de consensos a favor del pueblo de Guatemala. Cada derrota de la clica Rodr\u00edguez-Arz\u00fa es una victoria a favor del pueblo.<\/p><div class=\"elmet-contenido\" id=\"elmet-1878540806\"><div class=\"elmet-adlabel\">Anuncios<\/div><div style=\"margin-top: 20px;margin-right: 20px;margin-bottom: 20px;margin-left: 20px;\" id=\"elmet-2782876894\"><a href=\"https:\/\/www.facebook.com\/arrincuanantigua\/\" aria-label=\"cintillo-arrin-cual\"><img loading=\"lazy\" decoding=\"async\" src=\"https:\/\/elmetropolitano.com.gt\/es\/wp-content\/uploads\/2021\/11\/cintillo-arrin-cual-1.jpg\" alt=\"\"  srcset=\"https:\/\/elmetropolitano.com.gt\/es\/wp-content\/uploads\/2021\/11\/cintillo-arrin-cual-1.jpg 750w, https:\/\/elmetropolitano.com.gt\/es\/wp-content\/uploads\/2021\/11\/cintillo-arrin-cual-1-300x36.jpg 300w, https:\/\/elmetropolitano.com.gt\/es\/wp-content\/uploads\/2021\/11\/cintillo-arrin-cual-1-600x72.jpg 600w\" sizes=\"(max-width: 750px) 100vw, 750px\" width=\"750\" height=\"90\"   \/><\/a><\/div><\/div>\n\n\n\n<p><a><\/a>Diputadas y diputados: no olviden que el pa\u00eds estar\u00e1 atento. Confiamos en que, durante las elecciones de 2026, responder\u00e1n en defensa de la democracia\u201d<\/p>\n\n\n\n<p>Andrea Villagran, Diputada Semilla<\/p>\n","protected":false},"excerpt":{"rendered":"<p>#AsiLoDijo \u201cHoy gan\u00f3 una Junta Directiva de consensos a favor del pueblo de Guatemala. Cada derrota de la clica Rodr\u00edguez-Arz\u00fa es una victoria a favor del pueblo. Diputadas y diputados: no olviden que el pa\u00eds estar\u00e1 atento. Confiamos en que, durante las elecciones de 2026, responder\u00e1n en defensa de la democracia\u201d Andrea Villagran, Diputada Semilla<\/p>\n","protected":false},"author":1,"featured_media":115839,"comment_status":"open","ping_status":"closed","sticky":false,"template":"","format":"standard","meta":{"footnotes":""},"categories":[117],"tags":[118],"class_list":["post-115838","post","type-post","status-publish","format-standard","has-post-thumbnail","hentry","category-asi-lo-dijo","tag-asi-lo-dijo"],"_links":{"self":[{"href":"https:\/\/elmetropolitano.com.gt\/es\/wp-json\/wp\/v2\/posts\/115838","targetHints":{"allow":["GET"]}}],"collection":[{"href":"https:\/\/elmetropolitano.com.gt\/es\/wp-json\/wp\/v2\/posts"}],"about":[{"href":"https:\/\/elmetropolitano.com.gt\/es\/wp-json\/wp\/v2\/types\/post"}],"author":[{"embeddable":true,"href":"https:\/\/elmetropolitano.com.gt\/es\/wp-json\/wp\/v2\/users\/1"}],"replies":[{"embeddable":true,"href":"https:\/\/elmetropolitano.com.gt\/es\/wp-json\/wp\/v2\/comments?post=115838"}],"version-history":[{"count":1,"href":"https:\/\/elmetropolitano.com.gt\/es\/wp-json\/wp\/v2\/posts\/115838\/revisions"}],"predecessor-version":[{"id":115840,"href":"https:\/\/elmetropolitano.com.gt\/es\/wp-json\/wp\/v2\/posts\/115838\/revisions\/115840"}],"wp:featuredmedia":[{"embeddable":true,"href":"https:\/\/elmetropolitano.com.gt\/es\/wp-json\/wp\/v2\/media\/115839"}],"wp:attachment":[{"href":"https:\/\/elmetropolitano.com.gt\/es\/wp-json\/wp\/v2\/media?parent=115838"}],"wp:term":[{"taxonomy":"category","embeddable":true,"href":"https:\/\/elmetropolitano.com.gt\/es\/wp-json\/wp\/v2\/categories?post=115838"},{"taxonomy":"post_tag","embeddable":true,"href":"https:\/\/elmetropolitano.com.gt\/es\/wp-json\/wp\/v2\/tags?post=115838"}],"curies":[{"name":"wp","href":"https:\/\/api.w.org\/{rel}","templated":true}]}}