{"id":115971,"date":"2025-11-07T18:26:55","date_gmt":"2025-11-08T00:26:55","guid":{"rendered":"https:\/\/elmetropolitano.com.gt\/es\/?p=115971"},"modified":"2025-11-07T18:26:56","modified_gmt":"2025-11-08T00:26:56","slug":"salud-aclara-caso-de-nina-de-2-anos-con-sintomas-leves-de-sarampion","status":"publish","type":"post","link":"https:\/\/elmetropolitano.com.gt\/es\/salud-aclara-caso-de-nina-de-2-anos-con-sintomas-leves-de-sarampion\/","title":{"rendered":"Salud aclara caso de ni\u00f1a de 2 a\u00f1os con s\u00edntomas leves de Sarampi\u00f3n"},"content":{"rendered":"\n<p><a><\/a>El Ministerio de Salud P\u00fablica y Asistencia Social (MSPAS), a trav\u00e9s de la Direcci\u00f3n de Epidemiolog\u00eda y Gesti\u00f3n del Riesgo (DEGR), inform\u00f3 sobre el caso de una ni\u00f1a de 2 a\u00f1os que dio resultado positivo a virus de sarampi\u00f3n, el cual fue investigado y monitoreado por las autoridades sanitarias.<\/p>\n\n\n\n<p>El Laboratorio Nacional de Salud confirm\u00f3 el resultado mediante pruebas de biolog\u00eda molecular (PCR) y secuenciaci\u00f3n genot\u00edpica. Sin embargo, tras la investigaci\u00f3n epidemiol\u00f3gica correspondiente, los equipos del ministerio determinaron que la paciente no cumple con la definici\u00f3n cl\u00ednica de un caso sospechoso de sarampi\u00f3n, ya que present\u00f3 \u00fanicamente s\u00edntomas leves como tos seca, congesti\u00f3n nasal y lesiones tipo mano-pie-boca, sin fiebre, conjuntivitis ni erupci\u00f3n cut\u00e1nea caracter\u00edstica.<\/p><div class=\"elmet-contenido\" id=\"elmet-2986490009\"><div class=\"elmet-adlabel\">Anuncios<\/div><div style=\"margin-top: 20px;margin-right: 20px;margin-bottom: 20px;margin-left: 20px;\" id=\"elmet-2468117468\"><a href=\"https:\/\/www.facebook.com\/arrincuanantigua\/\" aria-label=\"cintillo-arrin-cual\"><img loading=\"lazy\" decoding=\"async\" src=\"https:\/\/elmetropolitano.com.gt\/es\/wp-content\/uploads\/2021\/11\/cintillo-arrin-cual-1.jpg\" alt=\"\"  srcset=\"https:\/\/elmetropolitano.com.gt\/es\/wp-content\/uploads\/2021\/11\/cintillo-arrin-cual-1.jpg 750w, https:\/\/elmetropolitano.com.gt\/es\/wp-content\/uploads\/2021\/11\/cintillo-arrin-cual-1-300x36.jpg 300w, https:\/\/elmetropolitano.com.gt\/es\/wp-content\/uploads\/2021\/11\/cintillo-arrin-cual-1-600x72.jpg 600w\" sizes=\"(max-width: 750px) 100vw, 750px\" width=\"750\" height=\"90\"   \/><\/a><\/div><\/div>\n\n\n\n<p>De acuerdo con el informe, la menor ya contaba con una dosis de la vacuna contra sarampi\u00f3n, parotiditis y rubeola (SPR). Por lo tanto, las autoridades destacaron que la inmunizaci\u00f3n fue un factor determinante para que la enfermedad no se desarrollara y los s\u00edntomas fueran leves, evitando complicaciones.<\/p>\n\n\n\n<p>Descartan riesgo de contagio<\/p>\n\n\n\n<p>Como parte de las acciones de vigilancia epidemiol\u00f3gica, el MSPAS despleg\u00f3 equipos de respuesta en la comunidad donde reside la paciente para una b\u00fasqueda activa de posibles casos, sin detectar ning\u00fan resultado positivo adicional.<\/p>\n\n\n\n<p>Asimismo, dejaron registro sobre este evento, en cumplimiento de los mecanismos de cooperaci\u00f3n y transparencia internacional del Reglamento Sanitario Internacional.<\/p>\n\n\n\n<p>El MSPAS reiter\u00f3 que no existe evidencia de enfermedad cl\u00ednica activa ni transmisi\u00f3n sostenida del virus en el pa\u00eds y que se mantienen las acciones de vigilancia ante cualquier posible circulaci\u00f3n viral.<\/p>\n\n\n\n<p>Finalmente, hizo un llamado a padres, madres y encargados de familia a mantener el esquema de vacunaci\u00f3n completo en ni\u00f1as y ni\u00f1os, recordando que la vacunaci\u00f3n es gratuita y se brinda en todos los servicios de Salud P\u00fablica, como una herramienta fundamental para prevenir enfermedades.<\/p>\n\n\n\n<p><a href=\"https:\/\/www.facebook.com\/hashtag\/sarampio%CC%81n2025?__eep__=6&amp;__cft__[0]=AZWK85bGDWQK4VUYNgX_q6Wvf_U59TRpXjnRM6fMpxRCYHMihUrU4jKHuCbeIdt744HEaEilyrawxefSB9q_pNxlaHqVfm92rwaSeagFdedsJ4WFHK5k4j8bv0apPV7Naq_tx52UA4V1L2WXjVmAp3lEys2DwB6knYFuISF908_6iAdxYh2jUkfSLL5R1ekw6XQ&amp;__tn__=*NK-R\">#sarampi\u00f3n2025<\/a><a href=\"https:\/\/www.facebook.com\/hashtag\/metroredes?__eep__=6&amp;__cft__[0]=AZWK85bGDWQK4VUYNgX_q6Wvf_U59TRpXjnRM6fMpxRCYHMihUrU4jKHuCbeIdt744HEaEilyrawxefSB9q_pNxlaHqVfm92rwaSeagFdedsJ4WFHK5k4j8bv0apPV7Naq_tx52UA4V1L2WXjVmAp3lEys2DwB6knYFuISF908_6iAdxYh2jUkfSLL5R1ekw6XQ&amp;__tn__=*NK-R\">#metroredes<\/a><a href=\"https:\/\/www.facebook.com\/hashtag\/mspas?__eep__=6&amp;__cft__[0]=AZWK85bGDWQK4VUYNgX_q6Wvf_U59TRpXjnRM6fMpxRCYHMihUrU4jKHuCbeIdt744HEaEilyrawxefSB9q_pNxlaHqVfm92rwaSeagFdedsJ4WFHK5k4j8bv0apPV7Naq_tx52UA4V1L2WXjVmAp3lEys2DwB6knYFuISF908_6iAdxYh2jUkfSLL5R1ekw6XQ&amp;__tn__=*NK-R\">#MSPAS<\/a><\/p>\n","protected":false},"excerpt":{"rendered":"<p>El Ministerio de Salud P\u00fablica y Asistencia Social (MSPAS), a trav\u00e9s de la Direcci\u00f3n de Epidemiolog\u00eda y Gesti\u00f3n del Riesgo (DEGR), inform\u00f3 sobre el caso de una ni\u00f1a de 2 a\u00f1os que dio resultado positivo a virus de sarampi\u00f3n, el cual fue investigado y monitoreado por las autoridades sanitarias. El Laboratorio Nacional de Salud confirm\u00f3 <a class=\"read-more\" href=\"https:\/\/elmetropolitano.com.gt\/es\/salud-aclara-caso-de-nina-de-2-anos-con-sintomas-leves-de-sarampion\/\">Leer m\u00e1s<\/a><\/p>\n","protected":false},"author":1,"featured_media":115972,"comment_status":"open","ping_status":"closed","sticky":false,"template":"","format":"standard","meta":{"footnotes":""},"categories":[1],"tags":[],"class_list":["post-115971","post","type-post","status-publish","format-standard","has-post-thumbnail","hentry","category-uncategorized"],"_links":{"self":[{"href":"https:\/\/elmetropolitano.com.gt\/es\/wp-json\/wp\/v2\/posts\/115971","targetHints":{"allow":["GET"]}}],"collection":[{"href":"https:\/\/elmetropolitano.com.gt\/es\/wp-json\/wp\/v2\/posts"}],"about":[{"href":"https:\/\/elmetropolitano.com.gt\/es\/wp-json\/wp\/v2\/types\/post"}],"author":[{"embeddable":true,"href":"https:\/\/elmetropolitano.com.gt\/es\/wp-json\/wp\/v2\/users\/1"}],"replies":[{"embeddable":true,"href":"https:\/\/elmetropolitano.com.gt\/es\/wp-json\/wp\/v2\/comments?post=115971"}],"version-history":[{"count":1,"href":"https:\/\/elmetropolitano.com.gt\/es\/wp-json\/wp\/v2\/posts\/115971\/revisions"}],"predecessor-version":[{"id":115973,"href":"https:\/\/elmetropolitano.com.gt\/es\/wp-json\/wp\/v2\/posts\/115971\/revisions\/115973"}],"wp:featuredmedia":[{"embeddable":true,"href":"https:\/\/elmetropolitano.com.gt\/es\/wp-json\/wp\/v2\/media\/115972"}],"wp:attachment":[{"href":"https:\/\/elmetropolitano.com.gt\/es\/wp-json\/wp\/v2\/media?parent=115971"}],"wp:term":[{"taxonomy":"category","embeddable":true,"href":"https:\/\/elmetropolitano.com.gt\/es\/wp-json\/wp\/v2\/categories?post=115971"},{"taxonomy":"post_tag","embeddable":true,"href":"https:\/\/elmetropolitano.com.gt\/es\/wp-json\/wp\/v2\/tags?post=115971"}],"curies":[{"name":"wp","href":"https:\/\/api.w.org\/{rel}","templated":true}]}}