{"id":115996,"date":"2025-11-07T19:34:52","date_gmt":"2025-11-08T01:34:52","guid":{"rendered":"https:\/\/elmetropolitano.com.gt\/es\/?p=115996"},"modified":"2025-11-07T19:34:54","modified_gmt":"2025-11-08T01:34:54","slug":"presidente-arevalo-inaugura-trabajos-para-rehabilitar-el-sistema-ferroviario","status":"publish","type":"post","link":"https:\/\/elmetropolitano.com.gt\/es\/presidente-arevalo-inaugura-trabajos-para-rehabilitar-el-sistema-ferroviario\/","title":{"rendered":"Presidente Ar\u00e9valo inaugura trabajos para rehabilitar el sistema ferroviario"},"content":{"rendered":"\n<p>El presidente Bernardo Ar\u00e9valo encabez\u00f3 este jueves la primera reuni\u00f3n del llamado Comit\u00e9 Temporal para la Reactivaci\u00f3n Ferroviaria (Coprefe), creado para evaluar los mecanismos de rehabilitaci\u00f3n de este importante sector econ\u00f3mico y social del pa\u00eds.<\/p>\n\n\n\n<p>El mandatario, luego de participar en la sesi\u00f3n, enfatiz\u00f3 que las l\u00edneas f\u00e9rreas volver\u00e1n a funcionar en Guatemala.<\/p><div class=\"elmet-contenido\" id=\"elmet-1499187334\"><div class=\"elmet-adlabel\">Anuncios<\/div><div style=\"margin-top: 20px;margin-right: 20px;margin-bottom: 20px;margin-left: 20px;\" id=\"elmet-1753164215\"><a href=\"https:\/\/www.facebook.com\/arrincuanantigua\/\" aria-label=\"cintillo-arrin-cual\"><img loading=\"lazy\" decoding=\"async\" src=\"https:\/\/elmetropolitano.com.gt\/es\/wp-content\/uploads\/2021\/11\/cintillo-arrin-cual-1.jpg\" alt=\"\"  srcset=\"https:\/\/elmetropolitano.com.gt\/es\/wp-content\/uploads\/2021\/11\/cintillo-arrin-cual-1.jpg 750w, https:\/\/elmetropolitano.com.gt\/es\/wp-content\/uploads\/2021\/11\/cintillo-arrin-cual-1-300x36.jpg 300w, https:\/\/elmetropolitano.com.gt\/es\/wp-content\/uploads\/2021\/11\/cintillo-arrin-cual-1-600x72.jpg 600w\" sizes=\"(max-width: 750px) 100vw, 750px\" width=\"750\" height=\"90\"   \/><\/a><\/div><\/div>\n\n\n\n<p>Estamos recuperando lo que tantos gobiernos dejaron abandonado, el sistema ferroviario, afirm\u00f3.<\/p>\n\n\n\n<p>Puntualiz\u00f3 que es imprescindible la rehabilitaci\u00f3n de la industria ferroviaria, en virtud de que la red de trenes conecta nuestro territorio, impulsa el comercio y facilita la movilizaci\u00f3n.<\/p>\n\n\n\n<p>Recalc\u00f3 que se trabaja con el Comit\u00e9 Presidencial para la Reactivaci\u00f3n Ferroviaria, con el objetivo de decidir las acciones que se deber\u00e1n impulsar para la pr\u00f3xima operaci\u00f3n de este importante sector econ\u00f3mico, comercial y social de Guatemala.<\/p>\n\n\n\n<p>En el encuentro llevado a cabo en salones del Palacio Nacional de la Cultura participaron los titulares de las dependencias que integran el Coprefe, que se estableci\u00f3 en agosto pasado.<\/p>\n\n\n\n<p>La entidad multisectorial es presidida por la Presidencia de la Rep\u00fablica y coordinada por el Ministerio de Comunicaciones, Infraestructura y Vivienda (CIV).<\/p>\n\n\n\n<p>La integran los ministerios de Cultura y Deportes (MCD), Finanzas P\u00fablicas y de la Defensa Nacional, adem\u00e1s de la Secretar\u00eda de Planificaci\u00f3n y Programaci\u00f3n de la Presidencia (Segeplan).<\/p>\n\n\n\n<p>Autoridad temporal impulsar\u00e1 reactivaci\u00f3n de transporte ferroviario<\/p>\n\n\n\n<p>Las autoridades estudiaron las primeras acciones que se impulsar\u00e1n de manera coordinada entre las dependencias para la reactivaci\u00f3n, entre otros rubros, del transporte comercial y tur\u00edstico en la red ferroviaria del pa\u00eds.<\/p>\n\n\n\n<p>Adem\u00e1s del mandatario, en la reuni\u00f3n participaron los titulares del CIV, Miguel \u00c1ngel D\u00edaz, MCD, Liwy Grazioso, Finanzas P\u00fablicas, Jonathan Menkos, y de Segeplan, Carlos Mendoza, y la gerente general de la entidad Ferrov\u00edas, Irene Flores, entre otros funcionarios.<\/p>\n\n\n\n<p>Coprefe se cre\u00f3 por medio del Acuerdo Gubernativo No. 139-2025 del 6 de agosto pasado.<\/p>\n\n\n\n<p>El convenio de creaci\u00f3n establece que la instituci\u00f3n fungir\u00e1 como un \u00f3rgano temporal y de coordinaci\u00f3n, asesoramiento y comunicaci\u00f3n, el cual depender\u00e1 directamente del presidente de la Rep\u00fablica.<\/p>\n\n\n\n<p>Entre las funciones de la entidad est\u00e1 apoyar y coordinar acciones de entidades p\u00fablicas del Organismo Ejecutivo y entidades aut\u00f3nomas y descentralizadas para la ejecuci\u00f3n de proyectos que promuevan la reactivaci\u00f3n ferroviaria.<\/p>\n\n\n\n<p>Tambi\u00e9n deber\u00e1 apoyar el dise\u00f1o de instrumentos para la ejecuci\u00f3n de proyectos de reactivaci\u00f3n ferroviaria.<\/p>\n\n\n\n<p>Asimismo, tiene la funci\u00f3n de asesorar para la toma de decisiones estrat\u00e9gicas para la planificaci\u00f3n, implementaci\u00f3n de transporte ferroviario y promover la cultura sobre este tipo de transporte en el pa\u00eds.<\/p>\n\n\n\n<p>Texto Pablo Reyna<\/p>\n\n\n\n<p>#sistemaferroviario #gobiernogt #metroredes <a href=\"http:\/\/www.elmetropolitano.com.gt\">www.elmetropolitano.com.gt<\/a> <a href=\"http:\/\/www.metroredes.com\">www.metroredes.com<\/a> <a href=\"http:\/\/www.elescuintleco.com\">www.elescuintleco.com<\/a><\/p>\n\n\n\n<figure class=\"wp-block-gallery has-nested-images columns-default is-cropped wp-block-gallery-1 is-layout-flex wp-block-gallery-is-layout-flex\">\n<figure class=\"wp-block-image size-large\"><img loading=\"lazy\" decoding=\"async\" width=\"1024\" height=\"512\" data-id=\"115998\" src=\"https:\/\/elmetropolitano.com.gt\/es\/wp-content\/uploads\/2025\/11\/AI__PRESIDENTE-BERNARDO-AREVALO-LIDERA-REUNION-COMITE-TEMPORAL-PARA-REACTIVACION-DE-FERROVIAS-EN-PALACIO-NACIONAL-006-1140x570-2-1024x512.jpg\" alt=\"\" class=\"wp-image-115998\" srcset=\"https:\/\/elmetropolitano.com.gt\/es\/wp-content\/uploads\/2025\/11\/AI__PRESIDENTE-BERNARDO-AREVALO-LIDERA-REUNION-COMITE-TEMPORAL-PARA-REACTIVACION-DE-FERROVIAS-EN-PALACIO-NACIONAL-006-1140x570-2-1024x512.jpg 1024w, https:\/\/elmetropolitano.com.gt\/es\/wp-content\/uploads\/2025\/11\/AI__PRESIDENTE-BERNARDO-AREVALO-LIDERA-REUNION-COMITE-TEMPORAL-PARA-REACTIVACION-DE-FERROVIAS-EN-PALACIO-NACIONAL-006-1140x570-2-300x150.jpg 300w, https:\/\/elmetropolitano.com.gt\/es\/wp-content\/uploads\/2025\/11\/AI__PRESIDENTE-BERNARDO-AREVALO-LIDERA-REUNION-COMITE-TEMPORAL-PARA-REACTIVACION-DE-FERROVIAS-EN-PALACIO-NACIONAL-006-1140x570-2-768x384.jpg 768w, https:\/\/elmetropolitano.com.gt\/es\/wp-content\/uploads\/2025\/11\/AI__PRESIDENTE-BERNARDO-AREVALO-LIDERA-REUNION-COMITE-TEMPORAL-PARA-REACTIVACION-DE-FERROVIAS-EN-PALACIO-NACIONAL-006-1140x570-2.jpg 1140w\" sizes=\"auto, (max-width: 1024px) 100vw, 1024px\" \/><\/figure>\n\n\n\n<figure class=\"wp-block-image size-large\"><img loading=\"lazy\" decoding=\"async\" width=\"1024\" height=\"682\" data-id=\"116001\" src=\"https:\/\/elmetropolitano.com.gt\/es\/wp-content\/uploads\/2025\/11\/G5Gcf6LW8AAuE3Q-1024x682.jpg\" alt=\"\" class=\"wp-image-116001\" srcset=\"https:\/\/elmetropolitano.com.gt\/es\/wp-content\/uploads\/2025\/11\/G5Gcf6LW8AAuE3Q-1024x682.jpg 1024w, https:\/\/elmetropolitano.com.gt\/es\/wp-content\/uploads\/2025\/11\/G5Gcf6LW8AAuE3Q-300x200.jpg 300w, https:\/\/elmetropolitano.com.gt\/es\/wp-content\/uploads\/2025\/11\/G5Gcf6LW8AAuE3Q-768x512.jpg 768w, https:\/\/elmetropolitano.com.gt\/es\/wp-content\/uploads\/2025\/11\/G5Gcf6LW8AAuE3Q-1536x1023.jpg 1536w, https:\/\/elmetropolitano.com.gt\/es\/wp-content\/uploads\/2025\/11\/G5Gcf6LW8AAuE3Q.jpg 1600w\" sizes=\"auto, (max-width: 1024px) 100vw, 1024px\" \/><\/figure>\n\n\n\n<figure class=\"wp-block-image size-large\"><img loading=\"lazy\" decoding=\"async\" width=\"883\" height=\"1024\" data-id=\"115999\" src=\"https:\/\/elmetropolitano.com.gt\/es\/wp-content\/uploads\/2025\/11\/G5Gcf6MW4AAVX6G-883x1024.jpg\" alt=\"\" class=\"wp-image-115999\" srcset=\"https:\/\/elmetropolitano.com.gt\/es\/wp-content\/uploads\/2025\/11\/G5Gcf6MW4AAVX6G-883x1024.jpg 883w, https:\/\/elmetropolitano.com.gt\/es\/wp-content\/uploads\/2025\/11\/G5Gcf6MW4AAVX6G-259x300.jpg 259w, https:\/\/elmetropolitano.com.gt\/es\/wp-content\/uploads\/2025\/11\/G5Gcf6MW4AAVX6G-768x891.jpg 768w, https:\/\/elmetropolitano.com.gt\/es\/wp-content\/uploads\/2025\/11\/G5Gcf6MW4AAVX6G.jpg 919w\" sizes=\"auto, (max-width: 883px) 100vw, 883px\" \/><\/figure>\n\n\n\n<figure class=\"wp-block-image size-large\"><img loading=\"lazy\" decoding=\"async\" width=\"1024\" height=\"682\" data-id=\"116000\" src=\"https:\/\/elmetropolitano.com.gt\/es\/wp-content\/uploads\/2025\/11\/G5Gcf6MWkAEtLbk-1024x682.jpg\" alt=\"\" class=\"wp-image-116000\" srcset=\"https:\/\/elmetropolitano.com.gt\/es\/wp-content\/uploads\/2025\/11\/G5Gcf6MWkAEtLbk-1024x682.jpg 1024w, https:\/\/elmetropolitano.com.gt\/es\/wp-content\/uploads\/2025\/11\/G5Gcf6MWkAEtLbk-300x200.jpg 300w, https:\/\/elmetropolitano.com.gt\/es\/wp-content\/uploads\/2025\/11\/G5Gcf6MWkAEtLbk-768x512.jpg 768w, https:\/\/elmetropolitano.com.gt\/es\/wp-content\/uploads\/2025\/11\/G5Gcf6MWkAEtLbk-1536x1023.jpg 1536w, https:\/\/elmetropolitano.com.gt\/es\/wp-content\/uploads\/2025\/11\/G5Gcf6MWkAEtLbk.jpg 1600w\" sizes=\"auto, (max-width: 1024px) 100vw, 1024px\" \/><\/figure>\n<\/figure>\n","protected":false},"excerpt":{"rendered":"<p>El presidente Bernardo Ar\u00e9valo encabez\u00f3 este jueves la primera reuni\u00f3n del llamado Comit\u00e9 Temporal para la Reactivaci\u00f3n Ferroviaria (Coprefe), creado para evaluar los mecanismos de rehabilitaci\u00f3n de este importante sector econ\u00f3mico y social del pa\u00eds. El mandatario, luego de participar en la sesi\u00f3n, enfatiz\u00f3 que las l\u00edneas f\u00e9rreas volver\u00e1n a funcionar en Guatemala. Estamos recuperando <a class=\"read-more\" href=\"https:\/\/elmetropolitano.com.gt\/es\/presidente-arevalo-inaugura-trabajos-para-rehabilitar-el-sistema-ferroviario\/\">Leer m\u00e1s<\/a><\/p>\n","protected":false},"author":1,"featured_media":115997,"comment_status":"open","ping_status":"closed","sticky":false,"template":"","format":"standard","meta":{"footnotes":""},"categories":[1],"tags":[],"class_list":["post-115996","post","type-post","status-publish","format-standard","has-post-thumbnail","hentry","category-uncategorized"],"_links":{"self":[{"href":"https:\/\/elmetropolitano.com.gt\/es\/wp-json\/wp\/v2\/posts\/115996","targetHints":{"allow":["GET"]}}],"collection":[{"href":"https:\/\/elmetropolitano.com.gt\/es\/wp-json\/wp\/v2\/posts"}],"about":[{"href":"https:\/\/elmetropolitano.com.gt\/es\/wp-json\/wp\/v2\/types\/post"}],"author":[{"embeddable":true,"href":"https:\/\/elmetropolitano.com.gt\/es\/wp-json\/wp\/v2\/users\/1"}],"replies":[{"embeddable":true,"href":"https:\/\/elmetropolitano.com.gt\/es\/wp-json\/wp\/v2\/comments?post=115996"}],"version-history":[{"count":1,"href":"https:\/\/elmetropolitano.com.gt\/es\/wp-json\/wp\/v2\/posts\/115996\/revisions"}],"predecessor-version":[{"id":116002,"href":"https:\/\/elmetropolitano.com.gt\/es\/wp-json\/wp\/v2\/posts\/115996\/revisions\/116002"}],"wp:featuredmedia":[{"embeddable":true,"href":"https:\/\/elmetropolitano.com.gt\/es\/wp-json\/wp\/v2\/media\/115997"}],"wp:attachment":[{"href":"https:\/\/elmetropolitano.com.gt\/es\/wp-json\/wp\/v2\/media?parent=115996"}],"wp:term":[{"taxonomy":"category","embeddable":true,"href":"https:\/\/elmetropolitano.com.gt\/es\/wp-json\/wp\/v2\/categories?post=115996"},{"taxonomy":"post_tag","embeddable":true,"href":"https:\/\/elmetropolitano.com.gt\/es\/wp-json\/wp\/v2\/tags?post=115996"}],"curies":[{"name":"wp","href":"https:\/\/api.w.org\/{rel}","templated":true}]}}