{"id":116059,"date":"2025-11-09T09:01:35","date_gmt":"2025-11-09T15:01:35","guid":{"rendered":"https:\/\/elmetropolitano.com.gt\/es\/?p=116059"},"modified":"2025-11-09T09:01:37","modified_gmt":"2025-11-09T15:01:37","slug":"el-cowboy-detenido-en-peten-para-extraditarlo-a-estados-unidos-por-narcotrafico","status":"publish","type":"post","link":"https:\/\/elmetropolitano.com.gt\/es\/el-cowboy-detenido-en-peten-para-extraditarlo-a-estados-unidos-por-narcotrafico\/","title":{"rendered":"El Cowboy detenido en Pet\u00e9n para extraditarlo a Estados Unidos por Narcotrafico"},"content":{"rendered":"\n<p>Pedro Pablo Oliva Catal\u00e1n, de 35 a\u00f1os, alias \u201cQuib o Cowboy\u201d fue detenido este s\u00e1bado por las Fuerzas antinarc\u00f3ticas SGAIA de la Polic\u00eda Nacional Civil PNC en el km. 537, aldea San Diego, La Libertad, Pet\u00e9n.<\/p>\n\n\n\n<p>Alias \u201cQuib o Cowboy\u201d, es requerido por la corte distrital Este de Texas, Estados Unidos para, por su presunta participaci\u00f3n en delitos relacionados con la fabricaci\u00f3n, distribuci\u00f3n y conspiraci\u00f3n para traficar coca\u00edna y hero\u00edna, con conocimiento e intenci\u00f3n de que dichas sustancias fueran ingresadas ilegalmente a los Estados Unidos.<\/p><div class=\"elmet-contenido\" id=\"elmet-3876183835\"><div class=\"elmet-adlabel\">Anuncios<\/div><div style=\"margin-top: 20px;margin-right: 20px;margin-bottom: 20px;margin-left: 20px;\" id=\"elmet-4038724886\"><a href=\"https:\/\/www.facebook.com\/arrincuanantigua\/\" aria-label=\"cintillo-arrin-cual\"><img loading=\"lazy\" decoding=\"async\" src=\"https:\/\/elmetropolitano.com.gt\/es\/wp-content\/uploads\/2021\/11\/cintillo-arrin-cual-1.jpg\" alt=\"\"  srcset=\"https:\/\/elmetropolitano.com.gt\/es\/wp-content\/uploads\/2021\/11\/cintillo-arrin-cual-1.jpg 750w, https:\/\/elmetropolitano.com.gt\/es\/wp-content\/uploads\/2021\/11\/cintillo-arrin-cual-1-300x36.jpg 300w, https:\/\/elmetropolitano.com.gt\/es\/wp-content\/uploads\/2021\/11\/cintillo-arrin-cual-1-600x72.jpg 600w\" sizes=\"(max-width: 750px) 100vw, 750px\" width=\"750\" height=\"90\"   \/><\/a><\/div><\/div>\n\n\n\n<p>Oliva Catal\u00e1n, habr\u00eda sido miembro de una organizaci\u00f3n de narcotr\u00e1fico desde 2017 hasta al menos agosto de 2024, responsable de transportar, dirigir y administrar una porci\u00f3n de las actividades del tr\u00e1fico de coca\u00edna de la organizaci\u00f3n en Guatemala y otros pa\u00edses.<\/p>\n\n\n\n<p>En lo que va del a\u00f1o la Polic\u00eda Nacional Civil PNC ha capturado a 30 personas con fines de extradici\u00f3n. 17 por temas relacionados al narcotr\u00e1fico y 13 por otros delitos.<\/p>\n\n\n\n<p><a href=\"https:\/\/www.facebook.com\/hashtag\/peten?__eep__=6&amp;__cft__[0]=AZU9wJ_GTb7GVVydCDiBNty-gqICiCTlFpiL2fY1PZSgVnE7Zz-oJpxGtl0lyLtip2qj4LyJpMFUIzMJvrTKvDBTi9CkeXBolqjyn7-d1bk5EBiX8meM6cA1pfj0ViBuWw1rJeGGOkK4tuK7dq-smn2HjaFI5GPrp8R0HyY771P2Cxbm3paViRHQd4lNgGcNRSY&amp;__tn__=*NK-R\">#Peten<\/a><a href=\"https:\/\/www.facebook.com\/hashtag\/metroredes?__eep__=6&amp;__cft__[0]=AZU9wJ_GTb7GVVydCDiBNty-gqICiCTlFpiL2fY1PZSgVnE7Zz-oJpxGtl0lyLtip2qj4LyJpMFUIzMJvrTKvDBTi9CkeXBolqjyn7-d1bk5EBiX8meM6cA1pfj0ViBuWw1rJeGGOkK4tuK7dq-smn2HjaFI5GPrp8R0HyY771P2Cxbm3paViRHQd4lNgGcNRSY&amp;__tn__=*NK-R\">#metroredes<\/a><a href=\"https:\/\/www.facebook.com\/hashtag\/pncdeguatemala?__eep__=6&amp;__cft__[0]=AZU9wJ_GTb7GVVydCDiBNty-gqICiCTlFpiL2fY1PZSgVnE7Zz-oJpxGtl0lyLtip2qj4LyJpMFUIzMJvrTKvDBTi9CkeXBolqjyn7-d1bk5EBiX8meM6cA1pfj0ViBuWw1rJeGGOkK4tuK7dq-smn2HjaFI5GPrp8R0HyY771P2Cxbm3paViRHQd4lNgGcNRSY&amp;__tn__=*NK-R\">#PNCdeGuatemala<\/a>  <a href=\"https:\/\/www.facebook.com\/hashtag\/protegeryservir?__eep__=6&amp;__cft__[0]=AZU9wJ_GTb7GVVydCDiBNty-gqICiCTlFpiL2fY1PZSgVnE7Zz-oJpxGtl0lyLtip2qj4LyJpMFUIzMJvrTKvDBTi9CkeXBolqjyn7-d1bk5EBiX8meM6cA1pfj0ViBuWw1rJeGGOkK4tuK7dq-smn2HjaFI5GPrp8R0HyY771P2Cxbm3paViRHQd4lNgGcNRSY&amp;__tn__=*NK-R\">#ProtegerYServir<\/a><a href=\"https:\/\/www.facebook.com\/hashtag\/narcotrafico?__eep__=6&amp;__cft__[0]=AZU9wJ_GTb7GVVydCDiBNty-gqICiCTlFpiL2fY1PZSgVnE7Zz-oJpxGtl0lyLtip2qj4LyJpMFUIzMJvrTKvDBTi9CkeXBolqjyn7-d1bk5EBiX8meM6cA1pfj0ViBuWw1rJeGGOkK4tuK7dq-smn2HjaFI5GPrp8R0HyY771P2Cxbm3paViRHQd4lNgGcNRSY&amp;__tn__=*NK-R\">#Narcotrafico<\/a><\/p>\n\n\n\n<p><\/p>\n","protected":false},"excerpt":{"rendered":"<p>Pedro Pablo Oliva Catal\u00e1n, de 35 a\u00f1os, alias \u201cQuib o Cowboy\u201d fue detenido este s\u00e1bado por las Fuerzas antinarc\u00f3ticas SGAIA de la Polic\u00eda Nacional Civil PNC en el km. 537, aldea San Diego, La Libertad, Pet\u00e9n. Alias \u201cQuib o Cowboy\u201d, es requerido por la corte distrital Este de Texas, Estados Unidos para, por su presunta <a class=\"read-more\" href=\"https:\/\/elmetropolitano.com.gt\/es\/el-cowboy-detenido-en-peten-para-extraditarlo-a-estados-unidos-por-narcotrafico\/\">Leer m\u00e1s<\/a><\/p>\n","protected":false},"author":1,"featured_media":116060,"comment_status":"open","ping_status":"closed","sticky":false,"template":"","format":"standard","meta":{"footnotes":""},"categories":[119],"tags":[12],"class_list":["post-116059","post","type-post","status-publish","format-standard","has-post-thumbnail","hentry","category-municipales","tag-nacionales"],"_links":{"self":[{"href":"https:\/\/elmetropolitano.com.gt\/es\/wp-json\/wp\/v2\/posts\/116059","targetHints":{"allow":["GET"]}}],"collection":[{"href":"https:\/\/elmetropolitano.com.gt\/es\/wp-json\/wp\/v2\/posts"}],"about":[{"href":"https:\/\/elmetropolitano.com.gt\/es\/wp-json\/wp\/v2\/types\/post"}],"author":[{"embeddable":true,"href":"https:\/\/elmetropolitano.com.gt\/es\/wp-json\/wp\/v2\/users\/1"}],"replies":[{"embeddable":true,"href":"https:\/\/elmetropolitano.com.gt\/es\/wp-json\/wp\/v2\/comments?post=116059"}],"version-history":[{"count":1,"href":"https:\/\/elmetropolitano.com.gt\/es\/wp-json\/wp\/v2\/posts\/116059\/revisions"}],"predecessor-version":[{"id":116061,"href":"https:\/\/elmetropolitano.com.gt\/es\/wp-json\/wp\/v2\/posts\/116059\/revisions\/116061"}],"wp:featuredmedia":[{"embeddable":true,"href":"https:\/\/elmetropolitano.com.gt\/es\/wp-json\/wp\/v2\/media\/116060"}],"wp:attachment":[{"href":"https:\/\/elmetropolitano.com.gt\/es\/wp-json\/wp\/v2\/media?parent=116059"}],"wp:term":[{"taxonomy":"category","embeddable":true,"href":"https:\/\/elmetropolitano.com.gt\/es\/wp-json\/wp\/v2\/categories?post=116059"},{"taxonomy":"post_tag","embeddable":true,"href":"https:\/\/elmetropolitano.com.gt\/es\/wp-json\/wp\/v2\/tags?post=116059"}],"curies":[{"name":"wp","href":"https:\/\/api.w.org\/{rel}","templated":true}]}}