{"id":116611,"date":"2025-11-18T08:52:54","date_gmt":"2025-11-18T14:52:54","guid":{"rendered":"https:\/\/elmetropolitano.com.gt\/es\/?p=116611"},"modified":"2025-11-18T08:52:55","modified_gmt":"2025-11-18T14:52:55","slug":"mejoran-calle-de-terraceria-en-suacite-san-juan-sacatepequez","status":"publish","type":"post","link":"https:\/\/elmetropolitano.com.gt\/es\/mejoran-calle-de-terraceria-en-suacite-san-juan-sacatepequez\/","title":{"rendered":"Mejoran calle de terracer\u00eda en Suacit\u00e9 San Juan Sacatep\u00e9quez"},"content":{"rendered":"\n<p>La Zona Vial No. 1 de la Direcci\u00f3n General de Caminos inici\u00f3 los trabajos de reconformaci\u00f3n de la calle de terracer\u00eda, reposici\u00f3n de balasto y limpieza de cunetas en el tramo Suacit\u00e9 \u2013 Los Guates, en San Juan Sacatep\u00e9quez.<\/p>\n\n\n\n<p>Estas labores mejoran las condiciones de transitabilidad para una poblaci\u00f3n aproximada de 5,000 habitantes, optimizando el flujo diario de veh\u00edculos livianos y de transporte pesado.<\/p><div class=\"elmet-contenido\" id=\"elmet-2122555111\"><div class=\"elmet-adlabel\">Anuncios<\/div><div style=\"margin-top: 20px;margin-right: 20px;margin-bottom: 20px;margin-left: 20px;\" id=\"elmet-776796549\"><a href=\"https:\/\/www.facebook.com\/arrincuanantigua\/\" aria-label=\"cintillo-arrin-cual\"><img loading=\"lazy\" decoding=\"async\" src=\"https:\/\/elmetropolitano.com.gt\/es\/wp-content\/uploads\/2021\/11\/cintillo-arrin-cual-1.jpg\" alt=\"\"  srcset=\"https:\/\/elmetropolitano.com.gt\/es\/wp-content\/uploads\/2021\/11\/cintillo-arrin-cual-1.jpg 750w, https:\/\/elmetropolitano.com.gt\/es\/wp-content\/uploads\/2021\/11\/cintillo-arrin-cual-1-300x36.jpg 300w, https:\/\/elmetropolitano.com.gt\/es\/wp-content\/uploads\/2021\/11\/cintillo-arrin-cual-1-600x72.jpg 600w\" sizes=\"(max-width: 750px) 100vw, 750px\" width=\"750\" height=\"90\"   \/><\/a><\/div><\/div>\n\n\n\n<p>La intervenci\u00f3n contribuye al fortalecimiento de las actividades econ\u00f3micas locales, principalmente la cosecha de ma\u00edz, frijol y frutales.<\/p>\n\n\n\n<p><a href=\"https:\/\/www.facebook.com\/hashtag\/caminosciv?__eep__=6&amp;__cft__[0]=AZXz3l_bwkNMccjhWP_k7fhJRmVK7pG9IK4rx7T9Zc5Sm9xTy8NwS82w2I-CWrw97f8M_uPd63j6iXUFcPbBN3Uz3BYVhPrHxTyg_qcW4mmbL88DmGPK5883IPiIq_f-VoEqVN-RHiAnY1voXHQKXdiPOhQ48JDXuxUAhT8Oss4HCSG6Y9lm7IxH0zojyFgbdZ0&amp;__tn__=*NK-R\">#CaminosCIV<\/a><a href=\"https:\/\/www.facebook.com\/hashtag\/infraestructuraciv?__eep__=6&amp;__cft__[0]=AZXz3l_bwkNMccjhWP_k7fhJRmVK7pG9IK4rx7T9Zc5Sm9xTy8NwS82w2I-CWrw97f8M_uPd63j6iXUFcPbBN3Uz3BYVhPrHxTyg_qcW4mmbL88DmGPK5883IPiIq_f-VoEqVN-RHiAnY1voXHQKXdiPOhQ48JDXuxUAhT8Oss4HCSG6Y9lm7IxH0zojyFgbdZ0&amp;__tn__=*NK-R\">#InfraestructuraCIV<\/a><a href=\"https:\/\/www.facebook.com\/hashtag\/planconecta2025?__eep__=6&amp;__cft__[0]=AZXz3l_bwkNMccjhWP_k7fhJRmVK7pG9IK4rx7T9Zc5Sm9xTy8NwS82w2I-CWrw97f8M_uPd63j6iXUFcPbBN3Uz3BYVhPrHxTyg_qcW4mmbL88DmGPK5883IPiIq_f-VoEqVN-RHiAnY1voXHQKXdiPOhQ48JDXuxUAhT8Oss4HCSG6Y9lm7IxH0zojyFgbdZ0&amp;__tn__=*NK-R\">#PlanConecta2025<\/a><a href=\"https:\/\/www.facebook.com\/hashtag\/metroredes?__eep__=6&amp;__cft__[0]=AZXz3l_bwkNMccjhWP_k7fhJRmVK7pG9IK4rx7T9Zc5Sm9xTy8NwS82w2I-CWrw97f8M_uPd63j6iXUFcPbBN3Uz3BYVhPrHxTyg_qcW4mmbL88DmGPK5883IPiIq_f-VoEqVN-RHiAnY1voXHQKXdiPOhQ48JDXuxUAhT8Oss4HCSG6Y9lm7IxH0zojyFgbdZ0&amp;__tn__=*NK-R\">#Metroredes<\/a><a href=\"https:\/\/www.facebook.com\/hashtag\/sanjuansacatepequez?__eep__=6&amp;__cft__[0]=AZXz3l_bwkNMccjhWP_k7fhJRmVK7pG9IK4rx7T9Zc5Sm9xTy8NwS82w2I-CWrw97f8M_uPd63j6iXUFcPbBN3Uz3BYVhPrHxTyg_qcW4mmbL88DmGPK5883IPiIq_f-VoEqVN-RHiAnY1voXHQKXdiPOhQ48JDXuxUAhT8Oss4HCSG6Y9lm7IxH0zojyFgbdZ0&amp;__tn__=*NK-R\">#SanJuanSacatepequez<\/a><\/p>\n\n\n\n<figure class=\"wp-block-gallery has-nested-images columns-default is-cropped wp-block-gallery-1 is-layout-flex wp-block-gallery-is-layout-flex\">\n<figure class=\"wp-block-image size-large\"><img loading=\"lazy\" decoding=\"async\" width=\"1024\" height=\"768\" data-id=\"116617\" src=\"https:\/\/elmetropolitano.com.gt\/es\/wp-content\/uploads\/2025\/11\/582805936_1387829956676417_4929196240520194986_n-1024x768.jpg\" alt=\"\" class=\"wp-image-116617\" srcset=\"https:\/\/elmetropolitano.com.gt\/es\/wp-content\/uploads\/2025\/11\/582805936_1387829956676417_4929196240520194986_n-1024x768.jpg 1024w, https:\/\/elmetropolitano.com.gt\/es\/wp-content\/uploads\/2025\/11\/582805936_1387829956676417_4929196240520194986_n-300x225.jpg 300w, https:\/\/elmetropolitano.com.gt\/es\/wp-content\/uploads\/2025\/11\/582805936_1387829956676417_4929196240520194986_n-768x576.jpg 768w, https:\/\/elmetropolitano.com.gt\/es\/wp-content\/uploads\/2025\/11\/582805936_1387829956676417_4929196240520194986_n.jpg 1280w\" sizes=\"auto, (max-width: 1024px) 100vw, 1024px\" \/><\/figure>\n\n\n\n<figure class=\"wp-block-image size-large\"><img loading=\"lazy\" decoding=\"async\" width=\"1024\" height=\"683\" data-id=\"116614\" src=\"https:\/\/elmetropolitano.com.gt\/es\/wp-content\/uploads\/2025\/11\/583236619_1387830003343079_344429423535967990_n-1-1024x683.jpg\" alt=\"\" class=\"wp-image-116614\" srcset=\"https:\/\/elmetropolitano.com.gt\/es\/wp-content\/uploads\/2025\/11\/583236619_1387830003343079_344429423535967990_n-1-1024x683.jpg 1024w, https:\/\/elmetropolitano.com.gt\/es\/wp-content\/uploads\/2025\/11\/583236619_1387830003343079_344429423535967990_n-1-300x200.jpg 300w, https:\/\/elmetropolitano.com.gt\/es\/wp-content\/uploads\/2025\/11\/583236619_1387830003343079_344429423535967990_n-1-768x512.jpg 768w, https:\/\/elmetropolitano.com.gt\/es\/wp-content\/uploads\/2025\/11\/583236619_1387830003343079_344429423535967990_n-1.jpg 1080w\" sizes=\"auto, (max-width: 1024px) 100vw, 1024px\" \/><\/figure>\n\n\n\n<figure class=\"wp-block-image size-large\"><img loading=\"lazy\" decoding=\"async\" width=\"1024\" height=\"683\" data-id=\"116616\" src=\"https:\/\/elmetropolitano.com.gt\/es\/wp-content\/uploads\/2025\/11\/584150702_1387829973343082_2663208497689154332_n-1024x683.jpg\" alt=\"\" class=\"wp-image-116616\" srcset=\"https:\/\/elmetropolitano.com.gt\/es\/wp-content\/uploads\/2025\/11\/584150702_1387829973343082_2663208497689154332_n-1024x683.jpg 1024w, https:\/\/elmetropolitano.com.gt\/es\/wp-content\/uploads\/2025\/11\/584150702_1387829973343082_2663208497689154332_n-300x200.jpg 300w, https:\/\/elmetropolitano.com.gt\/es\/wp-content\/uploads\/2025\/11\/584150702_1387829973343082_2663208497689154332_n-768x512.jpg 768w, https:\/\/elmetropolitano.com.gt\/es\/wp-content\/uploads\/2025\/11\/584150702_1387829973343082_2663208497689154332_n.jpg 1472w\" sizes=\"auto, (max-width: 1024px) 100vw, 1024px\" \/><\/figure>\n\n\n\n<figure class=\"wp-block-image size-large\"><img loading=\"lazy\" decoding=\"async\" width=\"1024\" height=\"768\" data-id=\"116615\" src=\"https:\/\/elmetropolitano.com.gt\/es\/wp-content\/uploads\/2025\/11\/584522286_1387829943343085_6728951918814043087_n-1-1024x768.jpg\" alt=\"\" class=\"wp-image-116615\" srcset=\"https:\/\/elmetropolitano.com.gt\/es\/wp-content\/uploads\/2025\/11\/584522286_1387829943343085_6728951918814043087_n-1-1024x768.jpg 1024w, https:\/\/elmetropolitano.com.gt\/es\/wp-content\/uploads\/2025\/11\/584522286_1387829943343085_6728951918814043087_n-1-300x225.jpg 300w, https:\/\/elmetropolitano.com.gt\/es\/wp-content\/uploads\/2025\/11\/584522286_1387829943343085_6728951918814043087_n-1-768x576.jpg 768w, https:\/\/elmetropolitano.com.gt\/es\/wp-content\/uploads\/2025\/11\/584522286_1387829943343085_6728951918814043087_n-1.jpg 1500w\" sizes=\"auto, (max-width: 1024px) 100vw, 1024px\" \/><\/figure>\n\n\n\n<figure class=\"wp-block-image size-large\"><img loading=\"lazy\" decoding=\"async\" width=\"1024\" height=\"768\" data-id=\"116618\" src=\"https:\/\/elmetropolitano.com.gt\/es\/wp-content\/uploads\/2025\/11\/584522286_1387829943343085_6728951918814043087_n-1024x768.jpg\" alt=\"\" class=\"wp-image-116618\" srcset=\"https:\/\/elmetropolitano.com.gt\/es\/wp-content\/uploads\/2025\/11\/584522286_1387829943343085_6728951918814043087_n-1024x768.jpg 1024w, https:\/\/elmetropolitano.com.gt\/es\/wp-content\/uploads\/2025\/11\/584522286_1387829943343085_6728951918814043087_n-300x225.jpg 300w, https:\/\/elmetropolitano.com.gt\/es\/wp-content\/uploads\/2025\/11\/584522286_1387829943343085_6728951918814043087_n-768x576.jpg 768w, https:\/\/elmetropolitano.com.gt\/es\/wp-content\/uploads\/2025\/11\/584522286_1387829943343085_6728951918814043087_n.jpg 1500w\" sizes=\"auto, (max-width: 1024px) 100vw, 1024px\" \/><\/figure>\n\n\n\n<figure class=\"wp-block-image size-full\"><img loading=\"lazy\" decoding=\"async\" width=\"960\" height=\"720\" data-id=\"116613\" src=\"https:\/\/elmetropolitano.com.gt\/es\/wp-content\/uploads\/2025\/11\/584913337_1387828450009901_7512268639906300573_n.jpg\" alt=\"\" class=\"wp-image-116613\" srcset=\"https:\/\/elmetropolitano.com.gt\/es\/wp-content\/uploads\/2025\/11\/584913337_1387828450009901_7512268639906300573_n.jpg 960w, https:\/\/elmetropolitano.com.gt\/es\/wp-content\/uploads\/2025\/11\/584913337_1387828450009901_7512268639906300573_n-300x225.jpg 300w, https:\/\/elmetropolitano.com.gt\/es\/wp-content\/uploads\/2025\/11\/584913337_1387828450009901_7512268639906300573_n-768x576.jpg 768w\" sizes=\"auto, (max-width: 960px) 100vw, 960px\" \/><\/figure>\n<\/figure>\n","protected":false},"excerpt":{"rendered":"<p>La Zona Vial No. 1 de la Direcci\u00f3n General de Caminos inici\u00f3 los trabajos de reconformaci\u00f3n de la calle de terracer\u00eda, reposici\u00f3n de balasto y limpieza de cunetas en el tramo Suacit\u00e9 \u2013 Los Guates, en San Juan Sacatep\u00e9quez. Estas labores mejoran las condiciones de transitabilidad para una poblaci\u00f3n aproximada de 5,000 habitantes, optimizando el <a class=\"read-more\" href=\"https:\/\/elmetropolitano.com.gt\/es\/mejoran-calle-de-terraceria-en-suacite-san-juan-sacatepequez\/\">Leer m\u00e1s<\/a><\/p>\n","protected":false},"author":1,"featured_media":116612,"comment_status":"open","ping_status":"closed","sticky":false,"template":"","format":"standard","meta":{"footnotes":""},"categories":[3],"tags":[10],"class_list":["post-116611","post","type-post","status-publish","format-standard","has-post-thumbnail","hentry","category-locales","tag-locales"],"_links":{"self":[{"href":"https:\/\/elmetropolitano.com.gt\/es\/wp-json\/wp\/v2\/posts\/116611","targetHints":{"allow":["GET"]}}],"collection":[{"href":"https:\/\/elmetropolitano.com.gt\/es\/wp-json\/wp\/v2\/posts"}],"about":[{"href":"https:\/\/elmetropolitano.com.gt\/es\/wp-json\/wp\/v2\/types\/post"}],"author":[{"embeddable":true,"href":"https:\/\/elmetropolitano.com.gt\/es\/wp-json\/wp\/v2\/users\/1"}],"replies":[{"embeddable":true,"href":"https:\/\/elmetropolitano.com.gt\/es\/wp-json\/wp\/v2\/comments?post=116611"}],"version-history":[{"count":1,"href":"https:\/\/elmetropolitano.com.gt\/es\/wp-json\/wp\/v2\/posts\/116611\/revisions"}],"predecessor-version":[{"id":116619,"href":"https:\/\/elmetropolitano.com.gt\/es\/wp-json\/wp\/v2\/posts\/116611\/revisions\/116619"}],"wp:featuredmedia":[{"embeddable":true,"href":"https:\/\/elmetropolitano.com.gt\/es\/wp-json\/wp\/v2\/media\/116612"}],"wp:attachment":[{"href":"https:\/\/elmetropolitano.com.gt\/es\/wp-json\/wp\/v2\/media?parent=116611"}],"wp:term":[{"taxonomy":"category","embeddable":true,"href":"https:\/\/elmetropolitano.com.gt\/es\/wp-json\/wp\/v2\/categories?post=116611"},{"taxonomy":"post_tag","embeddable":true,"href":"https:\/\/elmetropolitano.com.gt\/es\/wp-json\/wp\/v2\/tags?post=116611"}],"curies":[{"name":"wp","href":"https:\/\/api.w.org\/{rel}","templated":true}]}}