{"id":116880,"date":"2025-11-21T15:04:44","date_gmt":"2025-11-21T21:04:44","guid":{"rendered":"https:\/\/elmetropolitano.com.gt\/es\/?p=116880"},"modified":"2025-11-21T15:04:45","modified_gmt":"2025-11-21T21:04:45","slug":"presidente-arevalo-destaca-el-fortalecimiento-institucional-y-la-dinamizacion-de-la-economia-del-pais","status":"publish","type":"post","link":"https:\/\/elmetropolitano.com.gt\/es\/presidente-arevalo-destaca-el-fortalecimiento-institucional-y-la-dinamizacion-de-la-economia-del-pais\/","title":{"rendered":"Presidente Ar\u00e9valo destaca el fortalecimiento institucional y la dinamizaci\u00f3n de la econom\u00eda del pa\u00eds"},"content":{"rendered":"\n<p>El presidente Bernardo Ar\u00e9valo lider\u00f3 este viernes la cuarta reuni\u00f3n de la Mesa Interinstitucional para el An\u00e1lisis de la Calificaci\u00f3n del Pa\u00eds (Minapa) 2025, en la que destac\u00f3 los avances en el fortalecimiento institucional y la dinamizaci\u00f3n de la econom\u00eda del pa\u00eds.<\/p>\n\n\n\n<p>Durante su mensaje, el mandatario indic\u00f3:<\/p><div class=\"elmet-contenido\" id=\"elmet-1784641511\"><div class=\"elmet-adlabel\">Anuncios<\/div><div style=\"margin-top: 20px;margin-right: 20px;margin-bottom: 20px;margin-left: 20px;\" id=\"elmet-2437092656\"><a href=\"https:\/\/www.facebook.com\/arrincuanantigua\/\" aria-label=\"cintillo-arrin-cual\"><img loading=\"lazy\" decoding=\"async\" src=\"https:\/\/elmetropolitano.com.gt\/es\/wp-content\/uploads\/2021\/11\/cintillo-arrin-cual-1.jpg\" alt=\"\"  srcset=\"https:\/\/elmetropolitano.com.gt\/es\/wp-content\/uploads\/2021\/11\/cintillo-arrin-cual-1.jpg 750w, https:\/\/elmetropolitano.com.gt\/es\/wp-content\/uploads\/2021\/11\/cintillo-arrin-cual-1-300x36.jpg 300w, https:\/\/elmetropolitano.com.gt\/es\/wp-content\/uploads\/2021\/11\/cintillo-arrin-cual-1-600x72.jpg 600w\" sizes=\"(max-width: 750px) 100vw, 750px\" width=\"750\" height=\"90\"   \/><\/a><\/div><\/div>\n\n\n\n<p>En esta reuni\u00f3n es un balance de estos dos a\u00f1os de trabajo intenso a favor del desarrollo econ\u00f3mico de Guatemala y a la mejora de la imagen internacional del pa\u00eds.<\/p>\n\n\n\n<p>El gobernante destac\u00f3 que esta mesa es el espacio que, con el respeto, empat\u00eda y con claridad se puede conversar sobre el futuro econ\u00f3mico y financiero de Guatemala.<\/p>\n\n\n\n<p>Dinamizaci\u00f3n de la econom\u00eda<\/p>\n\n\n\n<p>En su disertaci\u00f3n, el jefe del Ejecutivo resalt\u00f3 que durante dos a\u00f1os tras la instalaci\u00f3n de la Minapa, se han fortalecido las acciones para impulsar el desarrollo econ\u00f3mico, las inversiones, la estabilidad econ\u00f3mica y la lucha contra la corrupci\u00f3n.<\/p>\n\n\n\n<p>Y a\u00f1adi\u00f3:<\/p>\n\n\n\n<p>Con estas acciones la econom\u00eda ser\u00e1 m\u00e1s din\u00e1mica, creceremos de forma m\u00e1s influyente, esto si mejoramos la forma en la que somos percibidos por el mundo.<\/p>\n\n\n\n<p>Adem\u00e1s, destac\u00f3 que el combate a la corrupci\u00f3n se traduce en m\u00e1s y mejores servicios p\u00fablicos para la ciudadan\u00eda, con proyectos de salud y educaci\u00f3n, entre otros. La ciudadan\u00eda valora que enfrentemos la corrupci\u00f3n con valent\u00eda y seguridad, efatiz\u00f3.<\/p>\n\n\n\n<p>Adem\u00e1s, destac\u00f3 que dinamizar la econom\u00eda es hacerla m\u00e1s atractiva para las inversiones, porque se ha actuado con determinaci\u00f3n en inteligencia con reformas estructurales con mayor alcance, mejorando el clima de negocios y fortaleciendo el marco jur\u00eddico de Guatemala.<\/p>\n\n\n\n<p>Agencias de calificaci\u00f3n<\/p>\n\n\n\n<p>El presidente Ar\u00e9valo indic\u00f3 que este a\u00f1o fue muy positivo para Guatemala ya que se cont\u00f3 con la visita de tres calificadoras de riesgo, con el fin de que Guatemala alcance el grado de inversi\u00f3n.<\/p>\n\n\n\n<p>Al respecto se\u00f1al\u00f3:<\/p>\n\n\n\n<p>Nuestra acci\u00f3n ha sido reconocida por las agencias de calificaci\u00f3n que este a\u00f1o tomaron tres medidas positivas para Guatemala, permiti\u00e9ndonos alcanzar, la mejor nota crediticia de nuestra historia a un solo paso del grado de inversi\u00f3n.<\/p>\n\n\n\n<p>Resalt\u00f3 que, para alcanzar el grado de inversi\u00f3n se cont\u00f3 con la visita de delegaciones de las calificadoras de riesgo como Fitch Ratings, SPG Ratings LatAm y Moodys Ratings.<\/p>\n\n\n\n<p>Dichas calificadoras eval\u00faan la capacidad y voluntad de los emisores de deuda como empresas y gobiernos de cumplir puntual e \u00edntegramente sus obligaciones financieras.<\/p>\n\n\n\n<p>Fortalecimiento institucional<\/p>\n\n\n\n<p>En su mensaje, el presidente tambi\u00e9n destac\u00f3 el fortalecimiento institucional con la creaci\u00f3n de instituciones s\u00f3lidas que inspiren confianza a nivel nacional e internacional.<\/p>\n\n\n\n<p>Es indispensable crear instituciones s\u00f3lidas, que inspiren confianza, que provengan de forma efectiva la corrupci\u00f3n y que garanticen estabilidad del pa\u00eds, asegur\u00f3.<\/p>\n\n\n\n<p>Destac\u00f3 que con ello los socios internacionales conf\u00edan m\u00e1s en Guatemala para cooperar y comerciar, lo cual abrir\u00e1 oportunidades de nuevas inversiones en el futuro.<\/p>\n\n\n\n<p>El mandatario tambi\u00e9n refiri\u00f3 que estas acciones, incluyen que las elecciones del pr\u00f3ximo a\u00f1o de segundo grado, las cuales son importante para crear instituciones s\u00f3lidas y confiables. El a\u00f1o 2026 ser\u00e1 un a\u00f1o especialmente crucial para el proceso de reconstrucci\u00f3n de nuestras instituciones, asever\u00f3.<\/p>\n\n\n\n<p>Asimismo, refiri\u00f3 que mucho del trabajo que se ha hecho en esta mesa depende de que los procesos de selecci\u00f3n y autoridades en Corte de Constitucionalidad, en la Contralor\u00eda General de Cuentas, el Tribunal Supremo Electoral y el Ministerio P\u00fablico tengan est\u00e1ndares razonables de transparencia y legitimidad.<\/p>\n\n\n\n<p>El martes 11 de noviembre, en sesi\u00f3n plenaria, el Congreso de la Rep\u00fablica convoc\u00f3 oficialmente a la integraci\u00f3n de la Comisi\u00f3n de Postulaci\u00f3n que tendr\u00e1 a su cargo la conformaci\u00f3n de la planilla de candidatos a magistrados del Tribunal Supremo Electoral (TSE) para el per\u00edodo 2026-2031.<\/p>\n\n\n\n<p>Con la convocatoria se inicia un proceso clave de renovaci\u00f3n de autoridades del sistema de justicia que se tendr\u00e1 que llevar a cabo el pr\u00f3ximo a\u00f1o, designando nuevos magistrados del TSE y de la Corte de Constitucionalidad (CC) y nuevo fiscal general y jefe del Ministerio P\u00fablico (MP).<\/p>\n\n\n\n<p>Tambi\u00e9n se elegir\u00e1 al nuevo titular de la Contralor\u00eda General de Cuentas y nuevas autoridades de la Superintendencia de Bancos y del Banco de Guatemala.<\/p>\n\n\n\n<p>Texto Brenda Larios<\/p>\n\n\n\n<p>#econom\u00eda #metroredes <a href=\"http:\/\/www.elmetropolitano.com.gt\">www.elmetropolitano.com.gt<\/a> <a href=\"http:\/\/www.metroredes.com\">www.metroredes.com<\/a> <a href=\"http:\/\/www.elescuintleco.com\">www.elescuintleco.com<\/a><\/p>\n\n\n\n<figure class=\"wp-block-gallery has-nested-images columns-default is-cropped wp-block-gallery-1 is-layout-flex wp-block-gallery-is-layout-flex\">\n<figure class=\"wp-block-image size-full\"><img loading=\"lazy\" decoding=\"async\" width=\"680\" height=\"510\" data-id=\"116884\" src=\"https:\/\/elmetropolitano.com.gt\/es\/wp-content\/uploads\/2025\/11\/G6SdW18aQAArBbT.jpg\" alt=\"\" class=\"wp-image-116884\" srcset=\"https:\/\/elmetropolitano.com.gt\/es\/wp-content\/uploads\/2025\/11\/G6SdW18aQAArBbT.jpg 680w, https:\/\/elmetropolitano.com.gt\/es\/wp-content\/uploads\/2025\/11\/G6SdW18aQAArBbT-300x225.jpg 300w\" sizes=\"auto, (max-width: 680px) 100vw, 680px\" \/><\/figure>\n\n\n\n<figure class=\"wp-block-image size-large\"><img loading=\"lazy\" decoding=\"async\" width=\"680\" height=\"453\" data-id=\"116882\" src=\"https:\/\/elmetropolitano.com.gt\/es\/wp-content\/uploads\/2025\/11\/GdlRGc4W8AACuB0.jpg\" alt=\"\" class=\"wp-image-116882\" srcset=\"https:\/\/elmetropolitano.com.gt\/es\/wp-content\/uploads\/2025\/11\/GdlRGc4W8AACuB0.jpg 680w, https:\/\/elmetropolitano.com.gt\/es\/wp-content\/uploads\/2025\/11\/GdlRGc4W8AACuB0-300x200.jpg 300w\" sizes=\"auto, (max-width: 680px) 100vw, 680px\" \/><\/figure>\n\n\n\n<figure class=\"wp-block-image size-full\"><img loading=\"lazy\" decoding=\"async\" width=\"680\" height=\"453\" data-id=\"116883\" src=\"https:\/\/elmetropolitano.com.gt\/es\/wp-content\/uploads\/2025\/11\/GdlROSBWsAAIB6S.jpg\" alt=\"\" class=\"wp-image-116883\" srcset=\"https:\/\/elmetropolitano.com.gt\/es\/wp-content\/uploads\/2025\/11\/GdlROSBWsAAIB6S.jpg 680w, https:\/\/elmetropolitano.com.gt\/es\/wp-content\/uploads\/2025\/11\/GdlROSBWsAAIB6S-300x200.jpg 300w\" sizes=\"auto, (max-width: 680px) 100vw, 680px\" \/><\/figure>\n<\/figure>\n","protected":false},"excerpt":{"rendered":"<p>El presidente Bernardo Ar\u00e9valo lider\u00f3 este viernes la cuarta reuni\u00f3n de la Mesa Interinstitucional para el An\u00e1lisis de la Calificaci\u00f3n del Pa\u00eds (Minapa) 2025, en la que destac\u00f3 los avances en el fortalecimiento institucional y la dinamizaci\u00f3n de la econom\u00eda del pa\u00eds. Durante su mensaje, el mandatario indic\u00f3: En esta reuni\u00f3n es un balance de <a class=\"read-more\" href=\"https:\/\/elmetropolitano.com.gt\/es\/presidente-arevalo-destaca-el-fortalecimiento-institucional-y-la-dinamizacion-de-la-economia-del-pais\/\">Leer m\u00e1s<\/a><\/p>\n","protected":false},"author":1,"featured_media":116881,"comment_status":"open","ping_status":"closed","sticky":false,"template":"","format":"standard","meta":{"footnotes":""},"categories":[21],"tags":[20],"class_list":["post-116880","post","type-post","status-publish","format-standard","has-post-thumbnail","hentry","category-economia","tag-economia"],"_links":{"self":[{"href":"https:\/\/elmetropolitano.com.gt\/es\/wp-json\/wp\/v2\/posts\/116880","targetHints":{"allow":["GET"]}}],"collection":[{"href":"https:\/\/elmetropolitano.com.gt\/es\/wp-json\/wp\/v2\/posts"}],"about":[{"href":"https:\/\/elmetropolitano.com.gt\/es\/wp-json\/wp\/v2\/types\/post"}],"author":[{"embeddable":true,"href":"https:\/\/elmetropolitano.com.gt\/es\/wp-json\/wp\/v2\/users\/1"}],"replies":[{"embeddable":true,"href":"https:\/\/elmetropolitano.com.gt\/es\/wp-json\/wp\/v2\/comments?post=116880"}],"version-history":[{"count":1,"href":"https:\/\/elmetropolitano.com.gt\/es\/wp-json\/wp\/v2\/posts\/116880\/revisions"}],"predecessor-version":[{"id":116885,"href":"https:\/\/elmetropolitano.com.gt\/es\/wp-json\/wp\/v2\/posts\/116880\/revisions\/116885"}],"wp:featuredmedia":[{"embeddable":true,"href":"https:\/\/elmetropolitano.com.gt\/es\/wp-json\/wp\/v2\/media\/116881"}],"wp:attachment":[{"href":"https:\/\/elmetropolitano.com.gt\/es\/wp-json\/wp\/v2\/media?parent=116880"}],"wp:term":[{"taxonomy":"category","embeddable":true,"href":"https:\/\/elmetropolitano.com.gt\/es\/wp-json\/wp\/v2\/categories?post=116880"},{"taxonomy":"post_tag","embeddable":true,"href":"https:\/\/elmetropolitano.com.gt\/es\/wp-json\/wp\/v2\/tags?post=116880"}],"curies":[{"name":"wp","href":"https:\/\/api.w.org\/{rel}","templated":true}]}}