{"id":117092,"date":"2025-11-23T19:59:28","date_gmt":"2025-11-24T01:59:28","guid":{"rendered":"https:\/\/elmetropolitano.com.gt\/es\/?p=117092"},"modified":"2025-11-23T19:59:29","modified_gmt":"2025-11-24T01:59:29","slug":"el-partido-unionista-inicia-trabajo-territorial-en-villa-nueva-bajo-liderazgo-de-jorge-meono","status":"publish","type":"post","link":"https:\/\/elmetropolitano.com.gt\/es\/el-partido-unionista-inicia-trabajo-territorial-en-villa-nueva-bajo-liderazgo-de-jorge-meono\/","title":{"rendered":"El Partido Unionista inicia trabajo territorial en Villa Nueva bajo liderazgo de Jorge Meo\u00f1o"},"content":{"rendered":"\n<p><a><\/a>El Partido Unionista PU sostuvo una jornada de capacitaci\u00f3n pol\u00edtica en el municipio de Villa Nueva como parte del fortalecimiento de sus bases en el municipio<\/p>\n\n\n\n<p>En la actividad particip\u00f3 el secretario general, Sebasti\u00e1n Siero, quien encabez\u00f3 la reuni\u00f3n y comparti\u00f3 lineamientos sobre organizaci\u00f3n, formaci\u00f3n y trabajo comunitario.<\/p><div class=\"elmet-contenido\" id=\"elmet-4046778642\"><div class=\"elmet-adlabel\">Anuncios<\/div><div style=\"margin-top: 20px;margin-right: 20px;margin-bottom: 20px;margin-left: 20px;\" id=\"elmet-2341813680\"><a href=\"https:\/\/www.facebook.com\/arrincuanantigua\/\" aria-label=\"cintillo-arrin-cual\"><img loading=\"lazy\" decoding=\"async\" src=\"https:\/\/elmetropolitano.com.gt\/es\/wp-content\/uploads\/2021\/11\/cintillo-arrin-cual-1.jpg\" alt=\"\"  srcset=\"https:\/\/elmetropolitano.com.gt\/es\/wp-content\/uploads\/2021\/11\/cintillo-arrin-cual-1.jpg 750w, https:\/\/elmetropolitano.com.gt\/es\/wp-content\/uploads\/2021\/11\/cintillo-arrin-cual-1-300x36.jpg 300w, https:\/\/elmetropolitano.com.gt\/es\/wp-content\/uploads\/2021\/11\/cintillo-arrin-cual-1-600x72.jpg 600w\" sizes=\"(max-width: 750px) 100vw, 750px\" width=\"750\" height=\"90\"   \/><\/a><\/div><\/div>\n\n\n\n<p>Durante la jornada tambi\u00e9n particip\u00f3 el licenciado Jorge Meo\u00f1o, quien anunci\u00f3 que estar\u00e1 colaborando en procesos de formaci\u00f3n y capacitaci\u00f3n dentro del municipio, acompa\u00f1ado de vecinos de distintas zonas que se han sumado para impulsar jornadas de afiliaci\u00f3n y preparaci\u00f3n pol\u00edtica pero desde ya se le menciona como el precandidato a alcalde de los unionistas por Villa Nueva.<\/p>\n\n\n\n<p>Los organizadores destacaron que este esfuerzo busca retomar y reactivar equipos que anteriormente hab\u00edan trabajado en procesos de formaci\u00f3n territorial.<\/p>\n\n\n\n<p>Asimismo, el diputado Ronald Portillo tuvo una intervenci\u00f3n en la que comparti\u00f3 experiencias sobre la importancia de involucrarse en la pol\u00edtica local para promover cambios positivos en las comunidades y fortalecer la participaci\u00f3n ciudadana.<\/p>\n\n\n\n<p><a href=\"https:\/\/www.facebook.com\/hashtag\/partidounionista?__eep__=6&amp;__cft__[0]=AZWnf5hgArmhkuV7pumabjN00Uk4QowAn5CIjucsAH5IsD_htIoldhYBY-AttPFzfHTHHxf0g7kKboV9V3qv91KMcxdQ2nAc1Kwfd4oVyCpbRFPpxQSUelFz_ljQ5hWXzeS1RTyWE3E8aF3oUWkz8IJQXBhY0IXM7IYFwKV4TCqBGGDpglenTupgw6hFl-qsdYE&amp;__tn__=*NK-R\">#PartidoUnionista<\/a><a href=\"https:\/\/www.facebook.com\/hashtag\/metroredes?__eep__=6&amp;__cft__[0]=AZWnf5hgArmhkuV7pumabjN00Uk4QowAn5CIjucsAH5IsD_htIoldhYBY-AttPFzfHTHHxf0g7kKboV9V3qv91KMcxdQ2nAc1Kwfd4oVyCpbRFPpxQSUelFz_ljQ5hWXzeS1RTyWE3E8aF3oUWkz8IJQXBhY0IXM7IYFwKV4TCqBGGDpglenTupgw6hFl-qsdYE&amp;__tn__=*NK-R\">#metroredes<\/a><a href=\"https:\/\/www.facebook.com\/hashtag\/elecciones2027?__eep__=6&amp;__cft__[0]=AZWnf5hgArmhkuV7pumabjN00Uk4QowAn5CIjucsAH5IsD_htIoldhYBY-AttPFzfHTHHxf0g7kKboV9V3qv91KMcxdQ2nAc1Kwfd4oVyCpbRFPpxQSUelFz_ljQ5hWXzeS1RTyWE3E8aF3oUWkz8IJQXBhY0IXM7IYFwKV4TCqBGGDpglenTupgw6hFl-qsdYE&amp;__tn__=*NK-R\">#Elecciones2027<\/a><a href=\"https:\/\/www.facebook.com\/hashtag\/villanueva?__eep__=6&amp;__cft__[0]=AZWnf5hgArmhkuV7pumabjN00Uk4QowAn5CIjucsAH5IsD_htIoldhYBY-AttPFzfHTHHxf0g7kKboV9V3qv91KMcxdQ2nAc1Kwfd4oVyCpbRFPpxQSUelFz_ljQ5hWXzeS1RTyWE3E8aF3oUWkz8IJQXBhY0IXM7IYFwKV4TCqBGGDpglenTupgw6hFl-qsdYE&amp;__tn__=*NK-R\">#VillaNueva<\/a><\/p>\n\n\n\n<figure class=\"wp-block-gallery has-nested-images columns-default is-cropped wp-block-gallery-1 is-layout-flex wp-block-gallery-is-layout-flex\">\n<figure class=\"wp-block-image size-full\"><img loading=\"lazy\" decoding=\"async\" width=\"759\" height=\"550\" data-id=\"117096\" src=\"https:\/\/elmetropolitano.com.gt\/es\/wp-content\/uploads\/2025\/11\/587856024_1411224881002643_10815871130515861_n.jpg\" alt=\"\" class=\"wp-image-117096\" srcset=\"https:\/\/elmetropolitano.com.gt\/es\/wp-content\/uploads\/2025\/11\/587856024_1411224881002643_10815871130515861_n.jpg 759w, https:\/\/elmetropolitano.com.gt\/es\/wp-content\/uploads\/2025\/11\/587856024_1411224881002643_10815871130515861_n-300x217.jpg 300w\" sizes=\"auto, (max-width: 759px) 100vw, 759px\" \/><\/figure>\n\n\n\n<figure class=\"wp-block-image size-full\"><img loading=\"lazy\" decoding=\"async\" width=\"640\" height=\"578\" data-id=\"117094\" src=\"https:\/\/elmetropolitano.com.gt\/es\/wp-content\/uploads\/2025\/11\/587917359_1411224937669304_1867962202841284584_n.jpg\" alt=\"\" class=\"wp-image-117094\" srcset=\"https:\/\/elmetropolitano.com.gt\/es\/wp-content\/uploads\/2025\/11\/587917359_1411224937669304_1867962202841284584_n.jpg 640w, https:\/\/elmetropolitano.com.gt\/es\/wp-content\/uploads\/2025\/11\/587917359_1411224937669304_1867962202841284584_n-300x271.jpg 300w\" sizes=\"auto, (max-width: 640px) 100vw, 640px\" \/><\/figure>\n\n\n\n<figure class=\"wp-block-image size-full\"><img loading=\"lazy\" decoding=\"async\" width=\"754\" height=\"448\" data-id=\"117100\" src=\"https:\/\/elmetropolitano.com.gt\/es\/wp-content\/uploads\/2025\/11\/588424144_1411224877669310_5494362338035708548_n.jpg\" alt=\"\" class=\"wp-image-117100\" srcset=\"https:\/\/elmetropolitano.com.gt\/es\/wp-content\/uploads\/2025\/11\/588424144_1411224877669310_5494362338035708548_n.jpg 754w, https:\/\/elmetropolitano.com.gt\/es\/wp-content\/uploads\/2025\/11\/588424144_1411224877669310_5494362338035708548_n-300x178.jpg 300w\" sizes=\"auto, (max-width: 754px) 100vw, 754px\" \/><\/figure>\n\n\n\n<figure class=\"wp-block-image size-full\"><img loading=\"lazy\" decoding=\"async\" width=\"772\" height=\"565\" data-id=\"117095\" src=\"https:\/\/elmetropolitano.com.gt\/es\/wp-content\/uploads\/2025\/11\/588425100_1411224991002632_6817721969965929529_n-1.jpg\" alt=\"\" class=\"wp-image-117095\" srcset=\"https:\/\/elmetropolitano.com.gt\/es\/wp-content\/uploads\/2025\/11\/588425100_1411224991002632_6817721969965929529_n-1.jpg 772w, https:\/\/elmetropolitano.com.gt\/es\/wp-content\/uploads\/2025\/11\/588425100_1411224991002632_6817721969965929529_n-1-300x220.jpg 300w, https:\/\/elmetropolitano.com.gt\/es\/wp-content\/uploads\/2025\/11\/588425100_1411224991002632_6817721969965929529_n-1-768x562.jpg 768w\" sizes=\"auto, (max-width: 772px) 100vw, 772px\" \/><\/figure>\n\n\n\n<figure class=\"wp-block-image size-full\"><img loading=\"lazy\" decoding=\"async\" width=\"909\" height=\"517\" data-id=\"117097\" src=\"https:\/\/elmetropolitano.com.gt\/es\/wp-content\/uploads\/2025\/11\/588447153_1411224831002648_6088289306304482481_n.jpg\" alt=\"\" class=\"wp-image-117097\" srcset=\"https:\/\/elmetropolitano.com.gt\/es\/wp-content\/uploads\/2025\/11\/588447153_1411224831002648_6088289306304482481_n.jpg 909w, https:\/\/elmetropolitano.com.gt\/es\/wp-content\/uploads\/2025\/11\/588447153_1411224831002648_6088289306304482481_n-300x171.jpg 300w, https:\/\/elmetropolitano.com.gt\/es\/wp-content\/uploads\/2025\/11\/588447153_1411224831002648_6088289306304482481_n-768x437.jpg 768w\" sizes=\"auto, (max-width: 909px) 100vw, 909px\" \/><\/figure>\n\n\n\n<figure class=\"wp-block-image size-full\"><img loading=\"lazy\" decoding=\"async\" width=\"960\" height=\"546\" data-id=\"117101\" src=\"https:\/\/elmetropolitano.com.gt\/es\/wp-content\/uploads\/2025\/11\/589173378_1411224824335982_1709729310537092628_n.jpg\" alt=\"\" class=\"wp-image-117101\" srcset=\"https:\/\/elmetropolitano.com.gt\/es\/wp-content\/uploads\/2025\/11\/589173378_1411224824335982_1709729310537092628_n.jpg 960w, https:\/\/elmetropolitano.com.gt\/es\/wp-content\/uploads\/2025\/11\/589173378_1411224824335982_1709729310537092628_n-300x171.jpg 300w, https:\/\/elmetropolitano.com.gt\/es\/wp-content\/uploads\/2025\/11\/589173378_1411224824335982_1709729310537092628_n-768x437.jpg 768w\" sizes=\"auto, (max-width: 960px) 100vw, 960px\" \/><\/figure>\n\n\n\n<figure class=\"wp-block-image size-full\"><img loading=\"lazy\" decoding=\"async\" width=\"960\" height=\"480\" data-id=\"117098\" src=\"https:\/\/elmetropolitano.com.gt\/es\/wp-content\/uploads\/2025\/11\/589341594_1411224941002637_3797025823071072959_n.jpg\" alt=\"\" class=\"wp-image-117098\" srcset=\"https:\/\/elmetropolitano.com.gt\/es\/wp-content\/uploads\/2025\/11\/589341594_1411224941002637_3797025823071072959_n.jpg 960w, https:\/\/elmetropolitano.com.gt\/es\/wp-content\/uploads\/2025\/11\/589341594_1411224941002637_3797025823071072959_n-300x150.jpg 300w, https:\/\/elmetropolitano.com.gt\/es\/wp-content\/uploads\/2025\/11\/589341594_1411224941002637_3797025823071072959_n-768x384.jpg 768w\" sizes=\"auto, (max-width: 960px) 100vw, 960px\" \/><\/figure>\n\n\n\n<figure class=\"wp-block-image size-full\"><img loading=\"lazy\" decoding=\"async\" width=\"658\" height=\"477\" data-id=\"117099\" src=\"https:\/\/elmetropolitano.com.gt\/es\/wp-content\/uploads\/2025\/11\/589511754_1411224974335967_5460521335320456296_n.jpg\" alt=\"\" class=\"wp-image-117099\" srcset=\"https:\/\/elmetropolitano.com.gt\/es\/wp-content\/uploads\/2025\/11\/589511754_1411224974335967_5460521335320456296_n.jpg 658w, https:\/\/elmetropolitano.com.gt\/es\/wp-content\/uploads\/2025\/11\/589511754_1411224974335967_5460521335320456296_n-300x217.jpg 300w\" sizes=\"auto, (max-width: 658px) 100vw, 658px\" \/><\/figure>\n<\/figure>\n","protected":false},"excerpt":{"rendered":"<p>El Partido Unionista PU sostuvo una jornada de capacitaci\u00f3n pol\u00edtica en el municipio de Villa Nueva como parte del fortalecimiento de sus bases en el municipio En la actividad particip\u00f3 el secretario general, Sebasti\u00e1n Siero, quien encabez\u00f3 la reuni\u00f3n y comparti\u00f3 lineamientos sobre organizaci\u00f3n, formaci\u00f3n y trabajo comunitario. Durante la jornada tambi\u00e9n particip\u00f3 el licenciado <a class=\"read-more\" href=\"https:\/\/elmetropolitano.com.gt\/es\/el-partido-unionista-inicia-trabajo-territorial-en-villa-nueva-bajo-liderazgo-de-jorge-meono\/\">Leer m\u00e1s<\/a><\/p>\n","protected":false},"author":1,"featured_media":117093,"comment_status":"open","ping_status":"closed","sticky":false,"template":"","format":"standard","meta":{"footnotes":""},"categories":[3],"tags":[10],"class_list":["post-117092","post","type-post","status-publish","format-standard","has-post-thumbnail","hentry","category-locales","tag-locales"],"_links":{"self":[{"href":"https:\/\/elmetropolitano.com.gt\/es\/wp-json\/wp\/v2\/posts\/117092","targetHints":{"allow":["GET"]}}],"collection":[{"href":"https:\/\/elmetropolitano.com.gt\/es\/wp-json\/wp\/v2\/posts"}],"about":[{"href":"https:\/\/elmetropolitano.com.gt\/es\/wp-json\/wp\/v2\/types\/post"}],"author":[{"embeddable":true,"href":"https:\/\/elmetropolitano.com.gt\/es\/wp-json\/wp\/v2\/users\/1"}],"replies":[{"embeddable":true,"href":"https:\/\/elmetropolitano.com.gt\/es\/wp-json\/wp\/v2\/comments?post=117092"}],"version-history":[{"count":1,"href":"https:\/\/elmetropolitano.com.gt\/es\/wp-json\/wp\/v2\/posts\/117092\/revisions"}],"predecessor-version":[{"id":117102,"href":"https:\/\/elmetropolitano.com.gt\/es\/wp-json\/wp\/v2\/posts\/117092\/revisions\/117102"}],"wp:featuredmedia":[{"embeddable":true,"href":"https:\/\/elmetropolitano.com.gt\/es\/wp-json\/wp\/v2\/media\/117093"}],"wp:attachment":[{"href":"https:\/\/elmetropolitano.com.gt\/es\/wp-json\/wp\/v2\/media?parent=117092"}],"wp:term":[{"taxonomy":"category","embeddable":true,"href":"https:\/\/elmetropolitano.com.gt\/es\/wp-json\/wp\/v2\/categories?post=117092"},{"taxonomy":"post_tag","embeddable":true,"href":"https:\/\/elmetropolitano.com.gt\/es\/wp-json\/wp\/v2\/tags?post=117092"}],"curies":[{"name":"wp","href":"https:\/\/api.w.org\/{rel}","templated":true}]}}