{"id":117150,"date":"2025-11-24T10:29:04","date_gmt":"2025-11-24T16:29:04","guid":{"rendered":"https:\/\/elmetropolitano.com.gt\/es\/?p=117150"},"modified":"2025-11-24T10:29:05","modified_gmt":"2025-11-24T16:29:05","slug":"entregan-reconocimiento-al-alcalde-de-el-tejar","status":"publish","type":"post","link":"https:\/\/elmetropolitano.com.gt\/es\/entregan-reconocimiento-al-alcalde-de-el-tejar\/","title":{"rendered":"Entregan reconocimiento al alcalde de El Tejar"},"content":{"rendered":"\n<p>El alcalde del municipio de El Tejar, Axel Figueroa, recibi\u00f3 un merecido reconocimiento por parte de CONADER, Consejo Nacional Del Deporte La Educaci\u00f3n F\u00edsica y La Recreaci\u00f3n.<\/p>\n\n\n\n<p>Este reconocimiento destaca al municipio tejare\u00f1o como un territorio activo en el deporte, saludable, pac\u00edfico y feliz.<\/p><div class=\"elmet-contenido\" id=\"elmet-3519479248\"><div class=\"elmet-adlabel\">Anuncios<\/div><div style=\"margin-top: 20px;margin-right: 20px;margin-bottom: 20px;margin-left: 20px;\" id=\"elmet-3193260920\"><a href=\"https:\/\/www.facebook.com\/arrincuanantigua\/\" aria-label=\"cintillo-arrin-cual\"><img loading=\"lazy\" decoding=\"async\" src=\"https:\/\/elmetropolitano.com.gt\/es\/wp-content\/uploads\/2021\/11\/cintillo-arrin-cual-1.jpg\" alt=\"\"  srcset=\"https:\/\/elmetropolitano.com.gt\/es\/wp-content\/uploads\/2021\/11\/cintillo-arrin-cual-1.jpg 750w, https:\/\/elmetropolitano.com.gt\/es\/wp-content\/uploads\/2021\/11\/cintillo-arrin-cual-1-300x36.jpg 300w, https:\/\/elmetropolitano.com.gt\/es\/wp-content\/uploads\/2021\/11\/cintillo-arrin-cual-1-600x72.jpg 600w\" sizes=\"(max-width: 750px) 100vw, 750px\" width=\"750\" height=\"90\"   \/><\/a><\/div><\/div>\n\n\n\n<p>Este importante logro reafirma el compromiso de la administraci\u00f3n municipal del alcalde Figueroa con la promoci\u00f3n y el apoyo del deporte, la sana convivencia y el bienestar integral de toda la poblaci\u00f3n.<\/p>\n\n\n\n<p>Texto Oscar E. Villalobos R.<\/p>\n\n\n\n<p>#ElTejar #reconocimiento #metroredes<\/p>\n\n\n\n<figure class=\"wp-block-gallery has-nested-images columns-default is-cropped wp-block-gallery-1 is-layout-flex wp-block-gallery-is-layout-flex\">\n<figure class=\"wp-block-image size-large\"><img loading=\"lazy\" decoding=\"async\" width=\"1024\" height=\"566\" data-id=\"117153\" src=\"https:\/\/elmetropolitano.com.gt\/es\/wp-content\/uploads\/2025\/11\/903256b9-4a6f-4c84-b8ba-bf1a7af1c163-1-1024x566.jpg\" alt=\"\" class=\"wp-image-117153\" srcset=\"https:\/\/elmetropolitano.com.gt\/es\/wp-content\/uploads\/2025\/11\/903256b9-4a6f-4c84-b8ba-bf1a7af1c163-1-1024x566.jpg 1024w, https:\/\/elmetropolitano.com.gt\/es\/wp-content\/uploads\/2025\/11\/903256b9-4a6f-4c84-b8ba-bf1a7af1c163-1-300x166.jpg 300w, https:\/\/elmetropolitano.com.gt\/es\/wp-content\/uploads\/2025\/11\/903256b9-4a6f-4c84-b8ba-bf1a7af1c163-1-768x425.jpg 768w, https:\/\/elmetropolitano.com.gt\/es\/wp-content\/uploads\/2025\/11\/903256b9-4a6f-4c84-b8ba-bf1a7af1c163-1.jpg 1280w\" sizes=\"auto, (max-width: 1024px) 100vw, 1024px\" \/><\/figure>\n\n\n\n<figure class=\"wp-block-image size-large\"><img loading=\"lazy\" decoding=\"async\" width=\"1024\" height=\"721\" data-id=\"117152\" src=\"https:\/\/elmetropolitano.com.gt\/es\/wp-content\/uploads\/2025\/11\/cd27b0a6-38bc-4ac0-8586-373190f7d66e-1024x721.jpg\" alt=\"\" class=\"wp-image-117152\" srcset=\"https:\/\/elmetropolitano.com.gt\/es\/wp-content\/uploads\/2025\/11\/cd27b0a6-38bc-4ac0-8586-373190f7d66e-1024x721.jpg 1024w, https:\/\/elmetropolitano.com.gt\/es\/wp-content\/uploads\/2025\/11\/cd27b0a6-38bc-4ac0-8586-373190f7d66e-300x211.jpg 300w, https:\/\/elmetropolitano.com.gt\/es\/wp-content\/uploads\/2025\/11\/cd27b0a6-38bc-4ac0-8586-373190f7d66e-768x541.jpg 768w, https:\/\/elmetropolitano.com.gt\/es\/wp-content\/uploads\/2025\/11\/cd27b0a6-38bc-4ac0-8586-373190f7d66e.jpg 1122w\" sizes=\"auto, (max-width: 1024px) 100vw, 1024px\" \/><\/figure>\n<\/figure>\n","protected":false},"excerpt":{"rendered":"<p>El alcalde del municipio de El Tejar, Axel Figueroa, recibi\u00f3 un merecido reconocimiento por parte de CONADER, Consejo Nacional Del Deporte La Educaci\u00f3n F\u00edsica y La Recreaci\u00f3n. Este reconocimiento destaca al municipio tejare\u00f1o como un territorio activo en el deporte, saludable, pac\u00edfico y feliz. Este importante logro reafirma el compromiso de la administraci\u00f3n municipal del <a class=\"read-more\" href=\"https:\/\/elmetropolitano.com.gt\/es\/entregan-reconocimiento-al-alcalde-de-el-tejar\/\">Leer m\u00e1s<\/a><\/p>\n","protected":false},"author":1,"featured_media":117151,"comment_status":"open","ping_status":"closed","sticky":false,"template":"","format":"standard","meta":{"footnotes":""},"categories":[4],"tags":[13],"class_list":["post-117150","post","type-post","status-publish","format-standard","has-post-thumbnail","hentry","category-departamentales","tag-departamentales"],"_links":{"self":[{"href":"https:\/\/elmetropolitano.com.gt\/es\/wp-json\/wp\/v2\/posts\/117150","targetHints":{"allow":["GET"]}}],"collection":[{"href":"https:\/\/elmetropolitano.com.gt\/es\/wp-json\/wp\/v2\/posts"}],"about":[{"href":"https:\/\/elmetropolitano.com.gt\/es\/wp-json\/wp\/v2\/types\/post"}],"author":[{"embeddable":true,"href":"https:\/\/elmetropolitano.com.gt\/es\/wp-json\/wp\/v2\/users\/1"}],"replies":[{"embeddable":true,"href":"https:\/\/elmetropolitano.com.gt\/es\/wp-json\/wp\/v2\/comments?post=117150"}],"version-history":[{"count":1,"href":"https:\/\/elmetropolitano.com.gt\/es\/wp-json\/wp\/v2\/posts\/117150\/revisions"}],"predecessor-version":[{"id":117154,"href":"https:\/\/elmetropolitano.com.gt\/es\/wp-json\/wp\/v2\/posts\/117150\/revisions\/117154"}],"wp:featuredmedia":[{"embeddable":true,"href":"https:\/\/elmetropolitano.com.gt\/es\/wp-json\/wp\/v2\/media\/117151"}],"wp:attachment":[{"href":"https:\/\/elmetropolitano.com.gt\/es\/wp-json\/wp\/v2\/media?parent=117150"}],"wp:term":[{"taxonomy":"category","embeddable":true,"href":"https:\/\/elmetropolitano.com.gt\/es\/wp-json\/wp\/v2\/categories?post=117150"},{"taxonomy":"post_tag","embeddable":true,"href":"https:\/\/elmetropolitano.com.gt\/es\/wp-json\/wp\/v2\/tags?post=117150"}],"curies":[{"name":"wp","href":"https:\/\/api.w.org\/{rel}","templated":true}]}}