{"id":117239,"date":"2025-11-25T09:41:52","date_gmt":"2025-11-25T15:41:52","guid":{"rendered":"https:\/\/elmetropolitano.com.gt\/es\/?p=117239"},"modified":"2025-11-25T09:41:54","modified_gmt":"2025-11-25T15:41:54","slug":"se-habian-robado-una-rastra-en-zacapa","status":"publish","type":"post","link":"https:\/\/elmetropolitano.com.gt\/es\/se-habian-robado-una-rastra-en-zacapa\/","title":{"rendered":"Se hab\u00edan robado una rastra en Zacapa"},"content":{"rendered":"\n<p><a><\/a>En el kil\u00f3metro 138, R\u00edo Hondo, Zacapa, agentes de la Polic\u00eda Nacional Civil PNC detuvieron a Carlos de 27 a\u00f1os, y Ottoniel \u201cde 39 a\u00f1os, quienes se desplazaban en un cabezal con placas C-337BNC, remolcando una rastra gris sin placas.<\/p>\n\n\n\n<p>Durante la identificaci\u00f3n, el propietario de la rastra lleg\u00f3 al lugar y reconoci\u00f3 el veh\u00edculo como suyo, informando a las autoridades que hab\u00eda sido robado el pasado 20 de noviembre en un parqueo ubicado en el kil\u00f3metro 134 de la misma ruta.<\/p><div class=\"elmet-contenido\" id=\"elmet-2060565018\"><div class=\"elmet-adlabel\">Anuncios<\/div><div style=\"margin-top: 20px;margin-right: 20px;margin-bottom: 20px;margin-left: 20px;\" id=\"elmet-890020634\"><a href=\"https:\/\/www.facebook.com\/arrincuanantigua\/\" aria-label=\"cintillo-arrin-cual\"><img loading=\"lazy\" decoding=\"async\" src=\"https:\/\/elmetropolitano.com.gt\/es\/wp-content\/uploads\/2021\/11\/cintillo-arrin-cual-1.jpg\" alt=\"\"  srcset=\"https:\/\/elmetropolitano.com.gt\/es\/wp-content\/uploads\/2021\/11\/cintillo-arrin-cual-1.jpg 750w, https:\/\/elmetropolitano.com.gt\/es\/wp-content\/uploads\/2021\/11\/cintillo-arrin-cual-1-300x36.jpg 300w, https:\/\/elmetropolitano.com.gt\/es\/wp-content\/uploads\/2021\/11\/cintillo-arrin-cual-1-600x72.jpg 600w\" sizes=\"(max-width: 750px) 100vw, 750px\" width=\"750\" height=\"90\"   \/><\/a><\/div><\/div>\n\n\n\n<p>Ante esto, solicit\u00f3 apoyo policial, lo que permiti\u00f3 la inmediata aprehensi\u00f3n de los dos individuos.<\/p>\n\n\n\n<p>Los detenidos fueron puestos a disposici\u00f3n de las autoridades correspondientes para continuar con el proceso legal.<\/p>\n\n\n\n<p><a href=\"https:\/\/www.facebook.com\/hashtag\/pncdeguatemala?__eep__=6&amp;__cft__[0]=AZVsv10kjl9LpAswNfYRAPj7r2T-eo87MLJgbYsl4bmFYVrexBlpOssjhqJgpSUtOez-13SNuP-koRazsleCPL05rztEoHRVkBRz4X1I9xxmgtBJ3FbMM44FmTn5i5rQGvlqsSTuRw-EsylhtZoB-hK2Z6OgL9hsFYVmaTCgyaqg986z6sCnKt3t5-Ibcnxd5Vo&amp;__tn__=*NK-R\">#PNCdeGuatemala<\/a><a href=\"https:\/\/www.facebook.com\/hashtag\/riohondo?__eep__=6&amp;__cft__[0]=AZVsv10kjl9LpAswNfYRAPj7r2T-eo87MLJgbYsl4bmFYVrexBlpOssjhqJgpSUtOez-13SNuP-koRazsleCPL05rztEoHRVkBRz4X1I9xxmgtBJ3FbMM44FmTn5i5rQGvlqsSTuRw-EsylhtZoB-hK2Z6OgL9hsFYVmaTCgyaqg986z6sCnKt3t5-Ibcnxd5Vo&amp;__tn__=*NK-R\">#RioHondo<\/a><\/p>\n\n\n\n<figure class=\"wp-block-gallery has-nested-images columns-default is-cropped wp-block-gallery-1 is-layout-flex wp-block-gallery-is-layout-flex\">\n<figure class=\"wp-block-image size-large\"><img loading=\"lazy\" decoding=\"async\" width=\"1024\" height=\"576\" data-id=\"117242\" src=\"https:\/\/elmetropolitano.com.gt\/es\/wp-content\/uploads\/2025\/11\/588397231_1393752489417497_1760689098589321056_n-1024x576.jpg\" alt=\"\" class=\"wp-image-117242\" srcset=\"https:\/\/elmetropolitano.com.gt\/es\/wp-content\/uploads\/2025\/11\/588397231_1393752489417497_1760689098589321056_n-1024x576.jpg 1024w, https:\/\/elmetropolitano.com.gt\/es\/wp-content\/uploads\/2025\/11\/588397231_1393752489417497_1760689098589321056_n-300x169.jpg 300w, https:\/\/elmetropolitano.com.gt\/es\/wp-content\/uploads\/2025\/11\/588397231_1393752489417497_1760689098589321056_n-768x432.jpg 768w, https:\/\/elmetropolitano.com.gt\/es\/wp-content\/uploads\/2025\/11\/588397231_1393752489417497_1760689098589321056_n.jpg 1500w\" sizes=\"auto, (max-width: 1024px) 100vw, 1024px\" \/><\/figure>\n\n\n\n<figure class=\"wp-block-image size-large\"><img loading=\"lazy\" decoding=\"async\" width=\"1024\" height=\"576\" data-id=\"117243\" src=\"https:\/\/elmetropolitano.com.gt\/es\/wp-content\/uploads\/2025\/11\/588467854_1393752509417495_6906489231902552717_n-1024x576.jpg\" alt=\"\" class=\"wp-image-117243\" srcset=\"https:\/\/elmetropolitano.com.gt\/es\/wp-content\/uploads\/2025\/11\/588467854_1393752509417495_6906489231902552717_n-1024x576.jpg 1024w, https:\/\/elmetropolitano.com.gt\/es\/wp-content\/uploads\/2025\/11\/588467854_1393752509417495_6906489231902552717_n-300x169.jpg 300w, https:\/\/elmetropolitano.com.gt\/es\/wp-content\/uploads\/2025\/11\/588467854_1393752509417495_6906489231902552717_n-768x432.jpg 768w, https:\/\/elmetropolitano.com.gt\/es\/wp-content\/uploads\/2025\/11\/588467854_1393752509417495_6906489231902552717_n.jpg 1500w\" sizes=\"auto, (max-width: 1024px) 100vw, 1024px\" \/><\/figure>\n\n\n\n<figure class=\"wp-block-image size-large\"><img loading=\"lazy\" decoding=\"async\" width=\"1024\" height=\"576\" data-id=\"117241\" src=\"https:\/\/elmetropolitano.com.gt\/es\/wp-content\/uploads\/2025\/11\/589724648_1393752486084164_252313098217950206_n-1-1024x576.jpg\" alt=\"\" class=\"wp-image-117241\" srcset=\"https:\/\/elmetropolitano.com.gt\/es\/wp-content\/uploads\/2025\/11\/589724648_1393752486084164_252313098217950206_n-1-1024x576.jpg 1024w, https:\/\/elmetropolitano.com.gt\/es\/wp-content\/uploads\/2025\/11\/589724648_1393752486084164_252313098217950206_n-1-300x169.jpg 300w, https:\/\/elmetropolitano.com.gt\/es\/wp-content\/uploads\/2025\/11\/589724648_1393752486084164_252313098217950206_n-1-768x432.jpg 768w, https:\/\/elmetropolitano.com.gt\/es\/wp-content\/uploads\/2025\/11\/589724648_1393752486084164_252313098217950206_n-1.jpg 1500w\" sizes=\"auto, (max-width: 1024px) 100vw, 1024px\" \/><\/figure>\n<\/figure>\n","protected":false},"excerpt":{"rendered":"<p>En el kil\u00f3metro 138, R\u00edo Hondo, Zacapa, agentes de la Polic\u00eda Nacional Civil PNC detuvieron a Carlos de 27 a\u00f1os, y Ottoniel \u201cde 39 a\u00f1os, quienes se desplazaban en un cabezal con placas C-337BNC, remolcando una rastra gris sin placas. Durante la identificaci\u00f3n, el propietario de la rastra lleg\u00f3 al lugar y reconoci\u00f3 el veh\u00edculo <a class=\"read-more\" href=\"https:\/\/elmetropolitano.com.gt\/es\/se-habian-robado-una-rastra-en-zacapa\/\">Leer m\u00e1s<\/a><\/p>\n","protected":false},"author":1,"featured_media":117240,"comment_status":"open","ping_status":"closed","sticky":false,"template":"","format":"standard","meta":{"footnotes":""},"categories":[4],"tags":[13],"class_list":["post-117239","post","type-post","status-publish","format-standard","has-post-thumbnail","hentry","category-departamentales","tag-departamentales"],"_links":{"self":[{"href":"https:\/\/elmetropolitano.com.gt\/es\/wp-json\/wp\/v2\/posts\/117239","targetHints":{"allow":["GET"]}}],"collection":[{"href":"https:\/\/elmetropolitano.com.gt\/es\/wp-json\/wp\/v2\/posts"}],"about":[{"href":"https:\/\/elmetropolitano.com.gt\/es\/wp-json\/wp\/v2\/types\/post"}],"author":[{"embeddable":true,"href":"https:\/\/elmetropolitano.com.gt\/es\/wp-json\/wp\/v2\/users\/1"}],"replies":[{"embeddable":true,"href":"https:\/\/elmetropolitano.com.gt\/es\/wp-json\/wp\/v2\/comments?post=117239"}],"version-history":[{"count":1,"href":"https:\/\/elmetropolitano.com.gt\/es\/wp-json\/wp\/v2\/posts\/117239\/revisions"}],"predecessor-version":[{"id":117244,"href":"https:\/\/elmetropolitano.com.gt\/es\/wp-json\/wp\/v2\/posts\/117239\/revisions\/117244"}],"wp:featuredmedia":[{"embeddable":true,"href":"https:\/\/elmetropolitano.com.gt\/es\/wp-json\/wp\/v2\/media\/117240"}],"wp:attachment":[{"href":"https:\/\/elmetropolitano.com.gt\/es\/wp-json\/wp\/v2\/media?parent=117239"}],"wp:term":[{"taxonomy":"category","embeddable":true,"href":"https:\/\/elmetropolitano.com.gt\/es\/wp-json\/wp\/v2\/categories?post=117239"},{"taxonomy":"post_tag","embeddable":true,"href":"https:\/\/elmetropolitano.com.gt\/es\/wp-json\/wp\/v2\/tags?post=117239"}],"curies":[{"name":"wp","href":"https:\/\/api.w.org\/{rel}","templated":true}]}}