{"id":118089,"date":"2025-12-06T16:16:12","date_gmt":"2025-12-06T22:16:12","guid":{"rendered":"https:\/\/elmetropolitano.com.gt\/es\/?p=118089"},"modified":"2025-12-06T16:16:13","modified_gmt":"2025-12-06T22:16:13","slug":"la-flaca-y-mama-osa-capturados-por-extorsion-en-san-pedro-ayampuc","status":"publish","type":"post","link":"https:\/\/elmetropolitano.com.gt\/es\/la-flaca-y-mama-osa-capturados-por-extorsion-en-san-pedro-ayampuc\/","title":{"rendered":"\u201cla Flaca\u201d y \u201cmam\u00e1 Osa\u201d capturados por extorsi\u00f3n en San Pedro Ayampuc"},"content":{"rendered":"\n<p><a><\/a>Keyla Abigail Barillas G\u00f3mez, alias \u00abLa Flaca\u00bb, de 24 a\u00f1os, terrorista pandillera del barrio 18, fue detenida por investigadores de la DIPANDA en la colonia Lomas de San Jos\u00e9, San Pedro Ayampuc, en un operativo antiextorsiones. Esta pandillera tiene una orden de captura por extorsi\u00f3n emitida el 10 de noviembre por un juzgado de Guatemala.<\/p>\n\n\n\n<p>Alias \u201cLa Flaca\u201d fue detenida por extorsi\u00f3n en el pasado 12 de abril, tras un cateo realizado por investigadores de la <a href=\"https:\/\/www.facebook.com\/hashtag\/dipanda?__eep__=6&amp;__cft__[0]=AZXXOAUGDUe-0FsR4-XvNBhDUbIoi-ZKQuDjyXiC4FebM-HwdvcRECiTFY7ye_Yj5NsYgY0QIc9UtZq0yFT7GxIC152OgfZ_4VQ2P1fqH9g5K-HfRlPudZwZRWyTWVQMwyg4tBk8hS6MkHV6RlOWqGzseQ4UcNk2wztv184rq78sZ6sqbuzm5s0vTdLPD2jMJ_Q&amp;__tn__=*NK-R\">#DIPANDA<\/a> y fiscales en su residencia en la colonia Lomas de San Jos\u00e9, San Pedro Ayampuc; pero dos d\u00edas despu\u00e9s recobr\u00f3 su libertad.<\/p><div class=\"elmet-contenido\" id=\"elmet-924962539\"><div class=\"elmet-adlabel\">Anuncios<\/div><div style=\"margin-top: 20px;margin-right: 20px;margin-bottom: 20px;margin-left: 20px;\" id=\"elmet-1167405862\"><a href=\"https:\/\/www.facebook.com\/arrincuanantigua\/\" aria-label=\"cintillo-arrin-cual\"><img loading=\"lazy\" decoding=\"async\" src=\"https:\/\/elmetropolitano.com.gt\/es\/wp-content\/uploads\/2021\/11\/cintillo-arrin-cual-1.jpg\" alt=\"\"  srcset=\"https:\/\/elmetropolitano.com.gt\/es\/wp-content\/uploads\/2021\/11\/cintillo-arrin-cual-1.jpg 750w, https:\/\/elmetropolitano.com.gt\/es\/wp-content\/uploads\/2021\/11\/cintillo-arrin-cual-1-300x36.jpg 300w, https:\/\/elmetropolitano.com.gt\/es\/wp-content\/uploads\/2021\/11\/cintillo-arrin-cual-1-600x72.jpg 600w\" sizes=\"(max-width: 750px) 100vw, 750px\" width=\"750\" height=\"90\"   \/><\/a><\/div><\/div>\n\n\n\n<p>En otro operativo antiextorsiones, polic\u00edas de la comisar\u00eda 11 en la zona 3 capitalina, detuvieron a Cindy Marleni M\u00e9rida Rodr\u00edguez, alias \u00abMam\u00e1 Osa\u00bb de 40 a\u00f1os, por el delito de extorsi\u00f3n y complicidad, girada por un juzgado de Guatemala el 27 de noviembre. Esta mujer tambi\u00e9n fue detenida en el a\u00f1o 2016 por robo.<\/p>\n\n\n\n<p><a href=\"https:\/\/www.facebook.com\/hashtag\/pncdeguatemala?__eep__=6&amp;__cft__[0]=AZXXOAUGDUe-0FsR4-XvNBhDUbIoi-ZKQuDjyXiC4FebM-HwdvcRECiTFY7ye_Yj5NsYgY0QIc9UtZq0yFT7GxIC152OgfZ_4VQ2P1fqH9g5K-HfRlPudZwZRWyTWVQMwyg4tBk8hS6MkHV6RlOWqGzseQ4UcNk2wztv184rq78sZ6sqbuzm5s0vTdLPD2jMJ_Q&amp;__tn__=*NK-R\">#PNCdeGuatemala<\/a><a href=\"https:\/\/www.facebook.com\/hashtag\/metroredes?__eep__=6&amp;__cft__[0]=AZXXOAUGDUe-0FsR4-XvNBhDUbIoi-ZKQuDjyXiC4FebM-HwdvcRECiTFY7ye_Yj5NsYgY0QIc9UtZq0yFT7GxIC152OgfZ_4VQ2P1fqH9g5K-HfRlPudZwZRWyTWVQMwyg4tBk8hS6MkHV6RlOWqGzseQ4UcNk2wztv184rq78sZ6sqbuzm5s0vTdLPD2jMJ_Q&amp;__tn__=*NK-R\">#metroredes<\/a> <a href=\"https:\/\/www.facebook.com\/hashtag\/seguridadcontransparencia?__eep__=6&amp;__cft__[0]=AZXXOAUGDUe-0FsR4-XvNBhDUbIoi-ZKQuDjyXiC4FebM-HwdvcRECiTFY7ye_Yj5NsYgY0QIc9UtZq0yFT7GxIC152OgfZ_4VQ2P1fqH9g5K-HfRlPudZwZRWyTWVQMwyg4tBk8hS6MkHV6RlOWqGzseQ4UcNk2wztv184rq78sZ6sqbuzm5s0vTdLPD2jMJ_Q&amp;__tn__=*NK-R\">#SeguridadConTransparencia<\/a> <a href=\"https:\/\/www.facebook.com\/hashtag\/protegeryservir?__eep__=6&amp;__cft__[0]=AZXXOAUGDUe-0FsR4-XvNBhDUbIoi-ZKQuDjyXiC4FebM-HwdvcRECiTFY7ye_Yj5NsYgY0QIc9UtZq0yFT7GxIC152OgfZ_4VQ2P1fqH9g5K-HfRlPudZwZRWyTWVQMwyg4tBk8hS6MkHV6RlOWqGzseQ4UcNk2wztv184rq78sZ6sqbuzm5s0vTdLPD2jMJ_Q&amp;__tn__=*NK-R\">#ProtegerYServir<\/a><\/p>\n\n\n\n<figure class=\"wp-block-gallery has-nested-images columns-default is-cropped wp-block-gallery-1 is-layout-flex wp-block-gallery-is-layout-flex\">\n<figure class=\"wp-block-image size-large\"><img loading=\"lazy\" decoding=\"async\" width=\"1024\" height=\"576\" data-id=\"118091\" src=\"https:\/\/elmetropolitano.com.gt\/es\/wp-content\/uploads\/2025\/12\/595752335_1402755825183830_2942472582680807974_n-1024x576.jpg\" alt=\"\" class=\"wp-image-118091\" srcset=\"https:\/\/elmetropolitano.com.gt\/es\/wp-content\/uploads\/2025\/12\/595752335_1402755825183830_2942472582680807974_n-1024x576.jpg 1024w, https:\/\/elmetropolitano.com.gt\/es\/wp-content\/uploads\/2025\/12\/595752335_1402755825183830_2942472582680807974_n-300x169.jpg 300w, https:\/\/elmetropolitano.com.gt\/es\/wp-content\/uploads\/2025\/12\/595752335_1402755825183830_2942472582680807974_n-768x432.jpg 768w, https:\/\/elmetropolitano.com.gt\/es\/wp-content\/uploads\/2025\/12\/595752335_1402755825183830_2942472582680807974_n-1536x864.jpg 1536w, https:\/\/elmetropolitano.com.gt\/es\/wp-content\/uploads\/2025\/12\/595752335_1402755825183830_2942472582680807974_n.jpg 1600w\" sizes=\"auto, (max-width: 1024px) 100vw, 1024px\" \/><\/figure>\n\n\n\n<figure class=\"wp-block-image size-large\"><img loading=\"lazy\" decoding=\"async\" width=\"1024\" height=\"576\" data-id=\"118092\" src=\"https:\/\/elmetropolitano.com.gt\/es\/wp-content\/uploads\/2025\/12\/595809418_1402755828517163_6841334553026984625_n-1-1024x576.jpg\" alt=\"\" class=\"wp-image-118092\" srcset=\"https:\/\/elmetropolitano.com.gt\/es\/wp-content\/uploads\/2025\/12\/595809418_1402755828517163_6841334553026984625_n-1-1024x576.jpg 1024w, https:\/\/elmetropolitano.com.gt\/es\/wp-content\/uploads\/2025\/12\/595809418_1402755828517163_6841334553026984625_n-1-300x169.jpg 300w, https:\/\/elmetropolitano.com.gt\/es\/wp-content\/uploads\/2025\/12\/595809418_1402755828517163_6841334553026984625_n-1-768x432.jpg 768w, https:\/\/elmetropolitano.com.gt\/es\/wp-content\/uploads\/2025\/12\/595809418_1402755828517163_6841334553026984625_n-1-1536x864.jpg 1536w, https:\/\/elmetropolitano.com.gt\/es\/wp-content\/uploads\/2025\/12\/595809418_1402755828517163_6841334553026984625_n-1.jpg 1600w\" sizes=\"auto, (max-width: 1024px) 100vw, 1024px\" \/><\/figure>\n<\/figure>\n","protected":false},"excerpt":{"rendered":"<p>Keyla Abigail Barillas G\u00f3mez, alias \u00abLa Flaca\u00bb, de 24 a\u00f1os, terrorista pandillera del barrio 18, fue detenida por investigadores de la DIPANDA en la colonia Lomas de San Jos\u00e9, San Pedro Ayampuc, en un operativo antiextorsiones. Esta pandillera tiene una orden de captura por extorsi\u00f3n emitida el 10 de noviembre por un juzgado de Guatemala. <a class=\"read-more\" href=\"https:\/\/elmetropolitano.com.gt\/es\/la-flaca-y-mama-osa-capturados-por-extorsion-en-san-pedro-ayampuc\/\">Leer m\u00e1s<\/a><\/p>\n","protected":false},"author":1,"featured_media":118090,"comment_status":"open","ping_status":"closed","sticky":false,"template":"","format":"standard","meta":{"footnotes":""},"categories":[89],"tags":[88],"class_list":["post-118089","post","type-post","status-publish","format-standard","has-post-thumbnail","hentry","category-metrosucesos","tag-metrosucesos"],"_links":{"self":[{"href":"https:\/\/elmetropolitano.com.gt\/es\/wp-json\/wp\/v2\/posts\/118089","targetHints":{"allow":["GET"]}}],"collection":[{"href":"https:\/\/elmetropolitano.com.gt\/es\/wp-json\/wp\/v2\/posts"}],"about":[{"href":"https:\/\/elmetropolitano.com.gt\/es\/wp-json\/wp\/v2\/types\/post"}],"author":[{"embeddable":true,"href":"https:\/\/elmetropolitano.com.gt\/es\/wp-json\/wp\/v2\/users\/1"}],"replies":[{"embeddable":true,"href":"https:\/\/elmetropolitano.com.gt\/es\/wp-json\/wp\/v2\/comments?post=118089"}],"version-history":[{"count":1,"href":"https:\/\/elmetropolitano.com.gt\/es\/wp-json\/wp\/v2\/posts\/118089\/revisions"}],"predecessor-version":[{"id":118093,"href":"https:\/\/elmetropolitano.com.gt\/es\/wp-json\/wp\/v2\/posts\/118089\/revisions\/118093"}],"wp:featuredmedia":[{"embeddable":true,"href":"https:\/\/elmetropolitano.com.gt\/es\/wp-json\/wp\/v2\/media\/118090"}],"wp:attachment":[{"href":"https:\/\/elmetropolitano.com.gt\/es\/wp-json\/wp\/v2\/media?parent=118089"}],"wp:term":[{"taxonomy":"category","embeddable":true,"href":"https:\/\/elmetropolitano.com.gt\/es\/wp-json\/wp\/v2\/categories?post=118089"},{"taxonomy":"post_tag","embeddable":true,"href":"https:\/\/elmetropolitano.com.gt\/es\/wp-json\/wp\/v2\/tags?post=118089"}],"curies":[{"name":"wp","href":"https:\/\/api.w.org\/{rel}","templated":true}]}}