{"id":118116,"date":"2025-12-06T16:34:18","date_gmt":"2025-12-06T22:34:18","guid":{"rendered":"https:\/\/elmetropolitano.com.gt\/es\/?p=118116"},"modified":"2025-12-06T16:34:19","modified_gmt":"2025-12-06T22:34:19","slug":"neto-bran-es-un-alcalde-felizmente-rebelde","status":"publish","type":"post","link":"https:\/\/elmetropolitano.com.gt\/es\/neto-bran-es-un-alcalde-felizmente-rebelde\/","title":{"rendered":"Neto Bran es un alcalde felizmente rebelde"},"content":{"rendered":"\n<p><a><\/a>Neto Bran, parece disfrutar a lo m\u00e1ximo su investidura de alcalde y, como no le debe nada a ning\u00fan partido pol\u00edtico ni a los financistas, se da el lujo de hacer lo que quiera, porque al fin y al cabo, el puesto en la comuna se lo gan\u00f3 a puro pulso y a golpe de calcet\u00edn.<\/p>\n\n\n\n<p>As\u00ed que, sus detractores se tendr\u00e1n que aguantar, porque Neto Bran, es el alcalde que un d\u00eda puede ser cucurucho y hacer su turno en las procesiones de Semana Santa; otro d\u00eda puede ser el romano que castig\u00f3 a Jesucristo; una ma\u00f1ana puede ser un polic\u00eda de tr\u00e1nsito; una tarde convertirse bombero municipal, un domingo ser mesero de McDonald y hasta disfrazarse de \u00abcowboy\u00bb con pistola en la cintura para promover los famosos chicharrones de su pueblo natal<\/p><div class=\"elmet-contenido\" id=\"elmet-4289706408\"><div class=\"elmet-adlabel\">Anuncios<\/div><div style=\"margin-top: 20px;margin-right: 20px;margin-bottom: 20px;margin-left: 20px;\" id=\"elmet-1001396756\"><a href=\"https:\/\/www.facebook.com\/arrincuanantigua\/\" aria-label=\"cintillo-arrin-cual\"><img loading=\"lazy\" decoding=\"async\" src=\"https:\/\/elmetropolitano.com.gt\/es\/wp-content\/uploads\/2021\/11\/cintillo-arrin-cual-1.jpg\" alt=\"\"  srcset=\"https:\/\/elmetropolitano.com.gt\/es\/wp-content\/uploads\/2021\/11\/cintillo-arrin-cual-1.jpg 750w, https:\/\/elmetropolitano.com.gt\/es\/wp-content\/uploads\/2021\/11\/cintillo-arrin-cual-1-300x36.jpg 300w, https:\/\/elmetropolitano.com.gt\/es\/wp-content\/uploads\/2021\/11\/cintillo-arrin-cual-1-600x72.jpg 600w\" sizes=\"(max-width: 750px) 100vw, 750px\" width=\"750\" height=\"90\"   \/><\/a><\/div><\/div>\n\n\n\n<p>A Neto Bran, no le preocupa el ministerio p\u00fablico, ni mucho menos sus detractores, porque sencillamente lleg\u00f3 a la alcald\u00eda para hacerla funcionar.<\/p>\n\n\n\n<p>Y, claro, conociendo lo jodido que somos los guatemaltecos, Neto, est\u00e1 expuesto a las cr\u00edticas, a la envidia, a la intriga, y no faltar\u00e1 alguno por ah\u00ed que tambi\u00e9n lo quiera ver en el bote.<\/p>\n\n\n\n<p>Hasta el momento no se ha dejado contaminar, a pesar que lo traen cortito con los fondos municipales que por ley le corresponden. A ver cu\u00e1nto aguanta porque Mixco es una plaza con potencial pol\u00edtico muy grande que se necesita para ganar la presidencia y su futuro pol\u00edtico es prometedor, que solo le de tiempo al tiempo.<\/p>\n\n\n\n<p>No tengo el gusto de conocerlo, pero no me hace falta, con solo darme cuenta de su versatilidad puedo asegurar que que Neto Bran, es un alcalde felizmente rebelde<\/p>\n\n\n\n<p>Periodista Byron V\u00e1squez<\/p>\n\n\n\n<figure class=\"wp-block-gallery has-nested-images columns-default is-cropped wp-block-gallery-1 is-layout-flex wp-block-gallery-is-layout-flex\">\n<figure class=\"wp-block-image size-large\"><img loading=\"lazy\" decoding=\"async\" width=\"640\" height=\"960\" data-id=\"118118\" src=\"https:\/\/elmetropolitano.com.gt\/es\/wp-content\/uploads\/2025\/12\/596929596_1403319141794165_9041361505659527990_n-1.jpg\" alt=\"\" class=\"wp-image-118118\" srcset=\"https:\/\/elmetropolitano.com.gt\/es\/wp-content\/uploads\/2025\/12\/596929596_1403319141794165_9041361505659527990_n-1.jpg 640w, https:\/\/elmetropolitano.com.gt\/es\/wp-content\/uploads\/2025\/12\/596929596_1403319141794165_9041361505659527990_n-1-200x300.jpg 200w\" sizes=\"auto, (max-width: 640px) 100vw, 640px\" \/><\/figure>\n<\/figure>\n","protected":false},"excerpt":{"rendered":"<p>Neto Bran, parece disfrutar a lo m\u00e1ximo su investidura de alcalde y, como no le debe nada a ning\u00fan partido pol\u00edtico ni a los financistas, se da el lujo de hacer lo que quiera, porque al fin y al cabo, el puesto en la comuna se lo gan\u00f3 a puro pulso y a golpe de <a class=\"read-more\" href=\"https:\/\/elmetropolitano.com.gt\/es\/neto-bran-es-un-alcalde-felizmente-rebelde\/\">Leer m\u00e1s<\/a><\/p>\n","protected":false},"author":1,"featured_media":118117,"comment_status":"open","ping_status":"closed","sticky":false,"template":"","format":"standard","meta":{"footnotes":""},"categories":[3],"tags":[10],"class_list":["post-118116","post","type-post","status-publish","format-standard","has-post-thumbnail","hentry","category-locales","tag-locales"],"_links":{"self":[{"href":"https:\/\/elmetropolitano.com.gt\/es\/wp-json\/wp\/v2\/posts\/118116","targetHints":{"allow":["GET"]}}],"collection":[{"href":"https:\/\/elmetropolitano.com.gt\/es\/wp-json\/wp\/v2\/posts"}],"about":[{"href":"https:\/\/elmetropolitano.com.gt\/es\/wp-json\/wp\/v2\/types\/post"}],"author":[{"embeddable":true,"href":"https:\/\/elmetropolitano.com.gt\/es\/wp-json\/wp\/v2\/users\/1"}],"replies":[{"embeddable":true,"href":"https:\/\/elmetropolitano.com.gt\/es\/wp-json\/wp\/v2\/comments?post=118116"}],"version-history":[{"count":1,"href":"https:\/\/elmetropolitano.com.gt\/es\/wp-json\/wp\/v2\/posts\/118116\/revisions"}],"predecessor-version":[{"id":118119,"href":"https:\/\/elmetropolitano.com.gt\/es\/wp-json\/wp\/v2\/posts\/118116\/revisions\/118119"}],"wp:featuredmedia":[{"embeddable":true,"href":"https:\/\/elmetropolitano.com.gt\/es\/wp-json\/wp\/v2\/media\/118117"}],"wp:attachment":[{"href":"https:\/\/elmetropolitano.com.gt\/es\/wp-json\/wp\/v2\/media?parent=118116"}],"wp:term":[{"taxonomy":"category","embeddable":true,"href":"https:\/\/elmetropolitano.com.gt\/es\/wp-json\/wp\/v2\/categories?post=118116"},{"taxonomy":"post_tag","embeddable":true,"href":"https:\/\/elmetropolitano.com.gt\/es\/wp-json\/wp\/v2\/tags?post=118116"}],"curies":[{"name":"wp","href":"https:\/\/api.w.org\/{rel}","templated":true}]}}