{"id":118128,"date":"2025-12-07T19:57:44","date_gmt":"2025-12-08T01:57:44","guid":{"rendered":"https:\/\/elmetropolitano.com.gt\/es\/?p=118128"},"modified":"2025-12-07T19:57:46","modified_gmt":"2025-12-08T01:57:46","slug":"presidente-y-vicepresidenta-conmemoran-el-104-aniversario-de-la-fag","status":"publish","type":"post","link":"https:\/\/elmetropolitano.com.gt\/es\/presidente-y-vicepresidenta-conmemoran-el-104-aniversario-de-la-fag\/","title":{"rendered":"Presidente y vicepresidenta conmemoran el 104 aniversario de la FAG"},"content":{"rendered":"\n<p><a><\/a>El presidente Bernardo Ar\u00e9valo, junto a la vicemandataria, Karin Herrera, participaron en los actos de conmemoraci\u00f3n de los 104 a\u00f1os de la fundaci\u00f3n de la Fuerza A\u00e9rea Guatemalteca (FAG).<\/p>\n\n\n\n<p>\u201cEstamos celebrando la trayectoria, el legado y la vocaci\u00f3n de servicio de una fuerza militar que desde sus or\u00edgenes ha sido determinante para la seguridad del espacio a\u00e9reo guatemalteco\u201d expres\u00f3 en su discurso el Presidente Ar\u00e9valo<\/p><div class=\"elmet-contenido\" id=\"elmet-2713961148\"><div class=\"elmet-adlabel\">Anuncios<\/div><div style=\"margin-top: 20px;margin-right: 20px;margin-bottom: 20px;margin-left: 20px;\" id=\"elmet-2243123278\"><a href=\"https:\/\/www.facebook.com\/arrincuanantigua\/\" aria-label=\"cintillo-arrin-cual\"><img loading=\"lazy\" decoding=\"async\" src=\"https:\/\/elmetropolitano.com.gt\/es\/wp-content\/uploads\/2021\/11\/cintillo-arrin-cual-1.jpg\" alt=\"\"  srcset=\"https:\/\/elmetropolitano.com.gt\/es\/wp-content\/uploads\/2021\/11\/cintillo-arrin-cual-1.jpg 750w, https:\/\/elmetropolitano.com.gt\/es\/wp-content\/uploads\/2021\/11\/cintillo-arrin-cual-1-300x36.jpg 300w, https:\/\/elmetropolitano.com.gt\/es\/wp-content\/uploads\/2021\/11\/cintillo-arrin-cual-1-600x72.jpg 600w\" sizes=\"(max-width: 750px) 100vw, 750px\" width=\"750\" height=\"90\"   \/><\/a><\/div><\/div>\n\n\n\n<p>La Fuerza A\u00e9rea Guatemalteca es una de las dependencias del Ej\u00e9rcito y constituye la fuerza de aire de la instituci\u00f3n. Entre su misi\u00f3n est\u00e1 velar por la poblaci\u00f3n en situaciones de calamidad p\u00fablica, entre otras.<\/p>\n\n\n\n<p>La FAG fue fundada en 1921 para proteger el espacio a\u00e9reo de Guatemala, conmemorando logros y sacrificios a lo largo de d\u00e9cadas.<\/p>\n\n\n\n<p>Su aporte al pa\u00eds<\/p>\n\n\n\n<p>El presidente Ar\u00e9valo destac\u00f3 la importancia de la labor de la FAG en la protecci\u00f3n de la seguridad a\u00e9rea y su ayuda humanitaria para responder a emergencias, desastres naturales, incendios forestales y evacuaciones m\u00e9dicas.<\/p>\n\n\n\n<p>Ellos han brindado apoyo directo a instituciones del Estado y ayuda a los guatemaltecos en los momentos m\u00e1s dif\u00edciles.<\/p>\n\n\n\n<p>Adem\u00e1s, resalt\u00f3 su aporte en la lucha contra el narcotr\u00e1fico y crimen organizado en el pa\u00eds, que ya muestra resultados tangibles.<\/p>\n\n\n\n<p>Reestructuraci\u00f3n y modernizaci\u00f3n<\/p>\n\n\n\n<p>El jefe del Ejecutivo resalt\u00f3 tambi\u00e9n que las fuerzas de aire necesitan mejoras para fortalecer la instituci\u00f3n.<\/p>\n\n\n\n<p>He instruido al ministro de la Defensa Nacional a realizar un diagn\u00f3stico profundo de las capacidades, fortaleza de las tres fuerzas de aire, mar y tierra para su modernizaci\u00f3n integral.<\/p>\n\n\n\n<p>Estas acciones incluyen en la FAG la actualizaci\u00f3n de aeronaves, material y equipo a\u00e9reo indispensable para cumplir con las misiones asignadas.<\/p>\n\n\n\n<p>Tambi\u00e9n se fortalecer\u00e1 la tecnificaci\u00f3n y capacitaci\u00f3n del personal con el fin de asegurar una operaci\u00f3n m\u00e1s eficiente con las aeronaves actuales y las nuevas aeronaves que se eran adquiridas para su fortalecimiento.<\/p>\n\n\n\n<p>Como nuevos helic\u00f3pteros Bell 407, aviones Twin Otter, aeronaves de apoyo t\u00e1ctico entre otros sistemas esenciales para las capacidades de la Fuerza A\u00e9rea Guatemalteca.<\/p>\n\n\n\n<p>Asimismo, se est\u00e1n fortaleciendo las capacidades del personal de la FAG con apoyo de pa\u00edses cooperantes como Estados Unidos, Canad\u00e1, la Rep\u00fablica de China (Taiw\u00e1n), Alemania y Colombia entre otros.<\/p>\n\n\n\n<p>Nuevo comando a\u00e9reo<\/p>\n\n\n\n<p>El presidente tambi\u00e9n inform\u00f3 que en la reestructuraci\u00f3n de las fuerzas armadas del pa\u00eds se incluye la creaci\u00f3n de un comando a\u00e9reo m\u00e1s profesional, m\u00e1s competente y preparada para servir al pueblo.<\/p>\n\n\n\n<p>El ministerio de la Defensa Nacional incluy\u00f3 en la modernizaci\u00f3n que en el a\u00f1o 2027 se inicien las acciones para que la FAG cuente con un comando a\u00e9reo del sur renovado, construido desde cero como parte del fortalecimiento integral del Ej\u00e9rcito de Guatemala.<\/p>\n\n\n\n<p>Este deber\u00e1 contar con est\u00e1ndares de modernidad y funcionalidad para fortalecer las capacidades en defensa dele espacio a\u00e9reo, incremente la eficiencia de la ayuda humanitaria, mejores las operaciones de supresi\u00f3n de los incendios forestales y la lucha contra el narcotr\u00e1fico.<\/p>\n\n\n\n<p>Texto: Brenda Larios<\/p>\n\n\n\n<p><a href=\"https:\/\/www.facebook.com\/hashtag\/ejercitogt?__eep__=6&amp;__cft__[0]=AZWkyovSJIaOUlxAXfjEd1BSsEo2yFkVa5qg-_iToipWAQEC2OUz5BUl41n8UaZRIEun1qdBbgtedQUZ8ZMclO6nFVGhGPrdLrUjIvTXQx-YZwYXch-AQOUmdhWKCy9NfEWl2gbHFh1d4IXxMMCAJ8kLdZHu30kd0za8hF6tbHPlhHJqM9d_nbNbd0WLElAc3OY&amp;__tn__=*NK-R\">#EjercitoGT<\/a><a href=\"https:\/\/www.facebook.com\/hashtag\/fag?__eep__=6&amp;__cft__[0]=AZWkyovSJIaOUlxAXfjEd1BSsEo2yFkVa5qg-_iToipWAQEC2OUz5BUl41n8UaZRIEun1qdBbgtedQUZ8ZMclO6nFVGhGPrdLrUjIvTXQx-YZwYXch-AQOUmdhWKCy9NfEWl2gbHFh1d4IXxMMCAJ8kLdZHu30kd0za8hF6tbHPlhHJqM9d_nbNbd0WLElAc3OY&amp;__tn__=*NK-R\">#FAG<\/a><a href=\"https:\/\/www.facebook.com\/hashtag\/metroredes?__eep__=6&amp;__cft__[0]=AZWkyovSJIaOUlxAXfjEd1BSsEo2yFkVa5qg-_iToipWAQEC2OUz5BUl41n8UaZRIEun1qdBbgtedQUZ8ZMclO6nFVGhGPrdLrUjIvTXQx-YZwYXch-AQOUmdhWKCy9NfEWl2gbHFh1d4IXxMMCAJ8kLdZHu30kd0za8hF6tbHPlhHJqM9d_nbNbd0WLElAc3OY&amp;__tn__=*NK-R\">#Metroredes<\/a><\/p>\n\n\n\n<figure class=\"wp-block-gallery has-nested-images columns-default is-cropped wp-block-gallery-1 is-layout-flex wp-block-gallery-is-layout-flex\">\n<figure class=\"wp-block-image size-large\"><img loading=\"lazy\" decoding=\"async\" width=\"1024\" height=\"512\" data-id=\"118138\" src=\"https:\/\/elmetropolitano.com.gt\/es\/wp-content\/uploads\/2025\/12\/595746683_1403395015119911_4466489439096160963_n-1-1024x512.jpg\" alt=\"\" class=\"wp-image-118138\" srcset=\"https:\/\/elmetropolitano.com.gt\/es\/wp-content\/uploads\/2025\/12\/595746683_1403395015119911_4466489439096160963_n-1-1024x512.jpg 1024w, https:\/\/elmetropolitano.com.gt\/es\/wp-content\/uploads\/2025\/12\/595746683_1403395015119911_4466489439096160963_n-1-300x150.jpg 300w, https:\/\/elmetropolitano.com.gt\/es\/wp-content\/uploads\/2025\/12\/595746683_1403395015119911_4466489439096160963_n-1-768x384.jpg 768w, https:\/\/elmetropolitano.com.gt\/es\/wp-content\/uploads\/2025\/12\/595746683_1403395015119911_4466489439096160963_n-1.jpg 1140w\" sizes=\"auto, (max-width: 1024px) 100vw, 1024px\" \/><\/figure>\n\n\n\n<figure class=\"wp-block-image size-large\"><img loading=\"lazy\" decoding=\"async\" width=\"518\" height=\"389\" data-id=\"118130\" src=\"https:\/\/elmetropolitano.com.gt\/es\/wp-content\/uploads\/2025\/12\/595963286_1403393561786723_7217564703428401551_n.jpg\" alt=\"\" class=\"wp-image-118130\" srcset=\"https:\/\/elmetropolitano.com.gt\/es\/wp-content\/uploads\/2025\/12\/595963286_1403393561786723_7217564703428401551_n.jpg 518w, https:\/\/elmetropolitano.com.gt\/es\/wp-content\/uploads\/2025\/12\/595963286_1403393561786723_7217564703428401551_n-300x225.jpg 300w\" sizes=\"auto, (max-width: 518px) 100vw, 518px\" \/><\/figure>\n\n\n\n<figure class=\"wp-block-image size-large\"><img loading=\"lazy\" decoding=\"async\" width=\"518\" height=\"388\" data-id=\"118134\" src=\"https:\/\/elmetropolitano.com.gt\/es\/wp-content\/uploads\/2025\/12\/596022961_1403393471786732_265362152939819032_n.jpg\" alt=\"\" class=\"wp-image-118134\" srcset=\"https:\/\/elmetropolitano.com.gt\/es\/wp-content\/uploads\/2025\/12\/596022961_1403393471786732_265362152939819032_n.jpg 518w, https:\/\/elmetropolitano.com.gt\/es\/wp-content\/uploads\/2025\/12\/596022961_1403393471786732_265362152939819032_n-300x225.jpg 300w\" sizes=\"auto, (max-width: 518px) 100vw, 518px\" \/><\/figure>\n\n\n\n<figure class=\"wp-block-image size-large\"><img loading=\"lazy\" decoding=\"async\" width=\"517\" height=\"388\" data-id=\"118136\" src=\"https:\/\/elmetropolitano.com.gt\/es\/wp-content\/uploads\/2025\/12\/596107051_1403393705120042_1419154450432933128_n.jpg\" alt=\"\" class=\"wp-image-118136\" srcset=\"https:\/\/elmetropolitano.com.gt\/es\/wp-content\/uploads\/2025\/12\/596107051_1403393705120042_1419154450432933128_n.jpg 517w, https:\/\/elmetropolitano.com.gt\/es\/wp-content\/uploads\/2025\/12\/596107051_1403393705120042_1419154450432933128_n-300x225.jpg 300w\" sizes=\"auto, (max-width: 517px) 100vw, 517px\" \/><\/figure>\n\n\n\n<figure class=\"wp-block-image size-large\"><img loading=\"lazy\" decoding=\"async\" width=\"518\" height=\"389\" data-id=\"118132\" src=\"https:\/\/elmetropolitano.com.gt\/es\/wp-content\/uploads\/2025\/12\/596255729_1403393458453400_4626717900360366875_n.jpg\" alt=\"\" class=\"wp-image-118132\" srcset=\"https:\/\/elmetropolitano.com.gt\/es\/wp-content\/uploads\/2025\/12\/596255729_1403393458453400_4626717900360366875_n.jpg 518w, https:\/\/elmetropolitano.com.gt\/es\/wp-content\/uploads\/2025\/12\/596255729_1403393458453400_4626717900360366875_n-300x225.jpg 300w\" sizes=\"auto, (max-width: 518px) 100vw, 518px\" \/><\/figure>\n\n\n\n<figure class=\"wp-block-image size-large\"><img loading=\"lazy\" decoding=\"async\" width=\"517\" height=\"388\" data-id=\"118135\" src=\"https:\/\/elmetropolitano.com.gt\/es\/wp-content\/uploads\/2025\/12\/596944643_1403393608453385_2601902959012384500_n.jpg\" alt=\"\" class=\"wp-image-118135\" srcset=\"https:\/\/elmetropolitano.com.gt\/es\/wp-content\/uploads\/2025\/12\/596944643_1403393608453385_2601902959012384500_n.jpg 517w, https:\/\/elmetropolitano.com.gt\/es\/wp-content\/uploads\/2025\/12\/596944643_1403393608453385_2601902959012384500_n-300x225.jpg 300w\" sizes=\"auto, (max-width: 517px) 100vw, 517px\" \/><\/figure>\n\n\n\n<figure class=\"wp-block-image size-large\"><img loading=\"lazy\" decoding=\"async\" width=\"517\" height=\"388\" data-id=\"118133\" src=\"https:\/\/elmetropolitano.com.gt\/es\/wp-content\/uploads\/2025\/12\/596949609_1403393711786708_8157981850600934877_n.jpg\" alt=\"\" class=\"wp-image-118133\" srcset=\"https:\/\/elmetropolitano.com.gt\/es\/wp-content\/uploads\/2025\/12\/596949609_1403393711786708_8157981850600934877_n.jpg 517w, https:\/\/elmetropolitano.com.gt\/es\/wp-content\/uploads\/2025\/12\/596949609_1403393711786708_8157981850600934877_n-300x225.jpg 300w\" sizes=\"auto, (max-width: 517px) 100vw, 517px\" \/><\/figure>\n\n\n\n<figure class=\"wp-block-image size-large\"><img loading=\"lazy\" decoding=\"async\" width=\"517\" height=\"388\" data-id=\"118137\" src=\"https:\/\/elmetropolitano.com.gt\/es\/wp-content\/uploads\/2025\/12\/596955221_1403393745120038_9126467820225990878_n.jpg\" alt=\"\" class=\"wp-image-118137\" srcset=\"https:\/\/elmetropolitano.com.gt\/es\/wp-content\/uploads\/2025\/12\/596955221_1403393745120038_9126467820225990878_n.jpg 517w, https:\/\/elmetropolitano.com.gt\/es\/wp-content\/uploads\/2025\/12\/596955221_1403393745120038_9126467820225990878_n-300x225.jpg 300w\" sizes=\"auto, (max-width: 517px) 100vw, 517px\" \/><\/figure>\n\n\n\n<figure class=\"wp-block-image size-large\"><img loading=\"lazy\" decoding=\"async\" width=\"516\" height=\"290\" data-id=\"118131\" src=\"https:\/\/elmetropolitano.com.gt\/es\/wp-content\/uploads\/2025\/12\/597041467_1403393418453404_8565268153010940505_n.jpg\" alt=\"\" class=\"wp-image-118131\" srcset=\"https:\/\/elmetropolitano.com.gt\/es\/wp-content\/uploads\/2025\/12\/597041467_1403393418453404_8565268153010940505_n.jpg 516w, https:\/\/elmetropolitano.com.gt\/es\/wp-content\/uploads\/2025\/12\/597041467_1403393418453404_8565268153010940505_n-300x169.jpg 300w\" sizes=\"auto, (max-width: 516px) 100vw, 516px\" \/><\/figure>\n<\/figure>\n","protected":false},"excerpt":{"rendered":"<p>El presidente Bernardo Ar\u00e9valo, junto a la vicemandataria, Karin Herrera, participaron en los actos de conmemoraci\u00f3n de los 104 a\u00f1os de la fundaci\u00f3n de la Fuerza A\u00e9rea Guatemalteca (FAG). \u201cEstamos celebrando la trayectoria, el legado y la vocaci\u00f3n de servicio de una fuerza militar que desde sus or\u00edgenes ha sido determinante para la seguridad del <a class=\"read-more\" href=\"https:\/\/elmetropolitano.com.gt\/es\/presidente-y-vicepresidenta-conmemoran-el-104-aniversario-de-la-fag\/\">Leer m\u00e1s<\/a><\/p>\n","protected":false},"author":1,"featured_media":118129,"comment_status":"open","ping_status":"closed","sticky":false,"template":"","format":"standard","meta":{"footnotes":""},"categories":[2],"tags":[12],"class_list":["post-118128","post","type-post","status-publish","format-standard","has-post-thumbnail","hentry","category-nacionales","tag-nacionales"],"_links":{"self":[{"href":"https:\/\/elmetropolitano.com.gt\/es\/wp-json\/wp\/v2\/posts\/118128","targetHints":{"allow":["GET"]}}],"collection":[{"href":"https:\/\/elmetropolitano.com.gt\/es\/wp-json\/wp\/v2\/posts"}],"about":[{"href":"https:\/\/elmetropolitano.com.gt\/es\/wp-json\/wp\/v2\/types\/post"}],"author":[{"embeddable":true,"href":"https:\/\/elmetropolitano.com.gt\/es\/wp-json\/wp\/v2\/users\/1"}],"replies":[{"embeddable":true,"href":"https:\/\/elmetropolitano.com.gt\/es\/wp-json\/wp\/v2\/comments?post=118128"}],"version-history":[{"count":1,"href":"https:\/\/elmetropolitano.com.gt\/es\/wp-json\/wp\/v2\/posts\/118128\/revisions"}],"predecessor-version":[{"id":118139,"href":"https:\/\/elmetropolitano.com.gt\/es\/wp-json\/wp\/v2\/posts\/118128\/revisions\/118139"}],"wp:featuredmedia":[{"embeddable":true,"href":"https:\/\/elmetropolitano.com.gt\/es\/wp-json\/wp\/v2\/media\/118129"}],"wp:attachment":[{"href":"https:\/\/elmetropolitano.com.gt\/es\/wp-json\/wp\/v2\/media?parent=118128"}],"wp:term":[{"taxonomy":"category","embeddable":true,"href":"https:\/\/elmetropolitano.com.gt\/es\/wp-json\/wp\/v2\/categories?post=118128"},{"taxonomy":"post_tag","embeddable":true,"href":"https:\/\/elmetropolitano.com.gt\/es\/wp-json\/wp\/v2\/tags?post=118128"}],"curies":[{"name":"wp","href":"https:\/\/api.w.org\/{rel}","templated":true}]}}