{"id":118149,"date":"2025-12-07T20:02:37","date_gmt":"2025-12-08T02:02:37","guid":{"rendered":"https:\/\/elmetropolitano.com.gt\/es\/?p=118149"},"modified":"2025-12-07T20:02:38","modified_gmt":"2025-12-08T02:02:38","slug":"alcalde-de-masagua-nelson-marroquin-muere-tras-ataque-armado-durante-desfile-navideno","status":"publish","type":"post","link":"https:\/\/elmetropolitano.com.gt\/es\/alcalde-de-masagua-nelson-marroquin-muere-tras-ataque-armado-durante-desfile-navideno\/","title":{"rendered":"Alcalde de Masagua, Nelson Marroqu\u00edn, muere tras ataque armado durante desfile navide\u00f1o"},"content":{"rendered":"\n<p><a><\/a>El alcalde municipal de Masagua, Nelson Marroqu\u00edn, falleci\u00f3 la noche de este s\u00e1bado, luego de resultar herido en un ataque armado que se registr\u00f3 en la aldea Obero, mientras se desarrollaba un desfile navide\u00f1o.<\/p>\n\n\n\n<p>De acuerdo con el reporte de los bomberos Municipales Departamentales, en el hecho violento tambi\u00e9n result\u00f3 herido un integrante del equipo de seguridad del jefe edil.<\/p><div class=\"elmet-contenido\" id=\"elmet-3390393859\"><div class=\"elmet-adlabel\">Anuncios<\/div><div style=\"margin-top: 20px;margin-right: 20px;margin-bottom: 20px;margin-left: 20px;\" id=\"elmet-3227347453\"><a href=\"https:\/\/www.facebook.com\/arrincuanantigua\/\" aria-label=\"cintillo-arrin-cual\"><img loading=\"lazy\" decoding=\"async\" src=\"https:\/\/elmetropolitano.com.gt\/es\/wp-content\/uploads\/2021\/11\/cintillo-arrin-cual-1.jpg\" alt=\"\"  srcset=\"https:\/\/elmetropolitano.com.gt\/es\/wp-content\/uploads\/2021\/11\/cintillo-arrin-cual-1.jpg 750w, https:\/\/elmetropolitano.com.gt\/es\/wp-content\/uploads\/2021\/11\/cintillo-arrin-cual-1-300x36.jpg 300w, https:\/\/elmetropolitano.com.gt\/es\/wp-content\/uploads\/2021\/11\/cintillo-arrin-cual-1-600x72.jpg 600w\" sizes=\"(max-width: 750px) 100vw, 750px\" width=\"750\" height=\"90\"   \/><\/a><\/div><\/div>\n\n\n\n<p>Ambos fueron trasladados de inmediato a la emergencia del Hospital Nacional en la cabecera departamental de Escuintla pero falleci\u00f3 a su ingreso<\/p>\n\n\n\n<p>Este hecho se suma a otros casos de violencia ocurridos en el departamento de Escuintla lo que evidencia que los vecinos est\u00e1n derrodillas ante la delincuencia com\u00fan y organizada.<\/p>\n\n\n\n<p><a href=\"https:\/\/www.facebook.com\/hashtag\/violencia?__eep__=6&amp;__cft__[0]=AZU4zo6baxgjQTgicAongAxCm6AfvIBGnLU_vu8-b6IdRmXM0K9P5alQr5imUfW7xdngEmbduHsPhKM1icIVgG_Ues3oRYWCbQohyTCb7Am5_r6xh6mkD1kvN_g3fJuw9kgKHm19qDzUoYA3ZXZX5u3f&amp;__tn__=*NK-R\">#Violencia<\/a><a href=\"https:\/\/www.facebook.com\/hashtag\/escuintla?__eep__=6&amp;__cft__[0]=AZU4zo6baxgjQTgicAongAxCm6AfvIBGnLU_vu8-b6IdRmXM0K9P5alQr5imUfW7xdngEmbduHsPhKM1icIVgG_Ues3oRYWCbQohyTCb7Am5_r6xh6mkD1kvN_g3fJuw9kgKHm19qDzUoYA3ZXZX5u3f&amp;__tn__=*NK-R\">#Escuintla<\/a><a href=\"https:\/\/www.facebook.com\/hashtag\/metroredes?__eep__=6&amp;__cft__[0]=AZU4zo6baxgjQTgicAongAxCm6AfvIBGnLU_vu8-b6IdRmXM0K9P5alQr5imUfW7xdngEmbduHsPhKM1icIVgG_Ues3oRYWCbQohyTCb7Am5_r6xh6mkD1kvN_g3fJuw9kgKHm19qDzUoYA3ZXZX5u3f&amp;__tn__=*NK-R\">#metroredes<\/a><\/p>\n","protected":false},"excerpt":{"rendered":"<p>El alcalde municipal de Masagua, Nelson Marroqu\u00edn, falleci\u00f3 la noche de este s\u00e1bado, luego de resultar herido en un ataque armado que se registr\u00f3 en la aldea Obero, mientras se desarrollaba un desfile navide\u00f1o. De acuerdo con el reporte de los bomberos Municipales Departamentales, en el hecho violento tambi\u00e9n result\u00f3 herido un integrante del equipo <a class=\"read-more\" href=\"https:\/\/elmetropolitano.com.gt\/es\/alcalde-de-masagua-nelson-marroquin-muere-tras-ataque-armado-durante-desfile-navideno\/\">Leer m\u00e1s<\/a><\/p>\n","protected":false},"author":1,"featured_media":118150,"comment_status":"open","ping_status":"closed","sticky":false,"template":"","format":"standard","meta":{"footnotes":""},"categories":[4],"tags":[13],"class_list":["post-118149","post","type-post","status-publish","format-standard","has-post-thumbnail","hentry","category-departamentales","tag-departamentales"],"_links":{"self":[{"href":"https:\/\/elmetropolitano.com.gt\/es\/wp-json\/wp\/v2\/posts\/118149","targetHints":{"allow":["GET"]}}],"collection":[{"href":"https:\/\/elmetropolitano.com.gt\/es\/wp-json\/wp\/v2\/posts"}],"about":[{"href":"https:\/\/elmetropolitano.com.gt\/es\/wp-json\/wp\/v2\/types\/post"}],"author":[{"embeddable":true,"href":"https:\/\/elmetropolitano.com.gt\/es\/wp-json\/wp\/v2\/users\/1"}],"replies":[{"embeddable":true,"href":"https:\/\/elmetropolitano.com.gt\/es\/wp-json\/wp\/v2\/comments?post=118149"}],"version-history":[{"count":1,"href":"https:\/\/elmetropolitano.com.gt\/es\/wp-json\/wp\/v2\/posts\/118149\/revisions"}],"predecessor-version":[{"id":118151,"href":"https:\/\/elmetropolitano.com.gt\/es\/wp-json\/wp\/v2\/posts\/118149\/revisions\/118151"}],"wp:featuredmedia":[{"embeddable":true,"href":"https:\/\/elmetropolitano.com.gt\/es\/wp-json\/wp\/v2\/media\/118150"}],"wp:attachment":[{"href":"https:\/\/elmetropolitano.com.gt\/es\/wp-json\/wp\/v2\/media?parent=118149"}],"wp:term":[{"taxonomy":"category","embeddable":true,"href":"https:\/\/elmetropolitano.com.gt\/es\/wp-json\/wp\/v2\/categories?post=118149"},{"taxonomy":"post_tag","embeddable":true,"href":"https:\/\/elmetropolitano.com.gt\/es\/wp-json\/wp\/v2\/tags?post=118149"}],"curies":[{"name":"wp","href":"https:\/\/api.w.org\/{rel}","templated":true}]}}