{"id":118152,"date":"2025-12-07T20:03:55","date_gmt":"2025-12-08T02:03:55","guid":{"rendered":"https:\/\/elmetropolitano.com.gt\/es\/?p=118152"},"modified":"2025-12-07T20:03:57","modified_gmt":"2025-12-08T02:03:57","slug":"presidente-arevalo-condena-asesinato-de-alcalde-de-masagua-y-gira-instrucciones-para-capturar-a-responsables","status":"publish","type":"post","link":"https:\/\/elmetropolitano.com.gt\/es\/presidente-arevalo-condena-asesinato-de-alcalde-de-masagua-y-gira-instrucciones-para-capturar-a-responsables\/","title":{"rendered":"Presidente Ar\u00e9valo condena asesinato de alcalde de Masagua y gira instrucciones para capturar a responsables"},"content":{"rendered":"\n<p><a><\/a>El presidente Bernardo Ar\u00e9valo conden\u00f3 el asesinato del alcalde de Masagua, Nelson Marroqu\u00edn, ocurrido la noche de este s\u00e1bado 6 de diciembre durante un evento de desfile navide\u00f1o en la aldea Obero<\/p>\n\n\n\n<p>\u201cExpreso mi total repudio por el asesinato del alcalde de Masagua Nelson Luciano Marroqu\u00edn Marroqu\u00edn\u201d, escribi\u00f3 el Mandatario en su cuenta oficial de X.<\/p><div class=\"elmet-contenido\" id=\"elmet-668087798\"><div class=\"elmet-adlabel\">Anuncios<\/div><div style=\"margin-top: 20px;margin-right: 20px;margin-bottom: 20px;margin-left: 20px;\" id=\"elmet-523325804\"><a href=\"https:\/\/www.facebook.com\/arrincuanantigua\/\" aria-label=\"cintillo-arrin-cual\"><img loading=\"lazy\" decoding=\"async\" src=\"https:\/\/elmetropolitano.com.gt\/es\/wp-content\/uploads\/2021\/11\/cintillo-arrin-cual-1.jpg\" alt=\"\"  srcset=\"https:\/\/elmetropolitano.com.gt\/es\/wp-content\/uploads\/2021\/11\/cintillo-arrin-cual-1.jpg 750w, https:\/\/elmetropolitano.com.gt\/es\/wp-content\/uploads\/2021\/11\/cintillo-arrin-cual-1-300x36.jpg 300w, https:\/\/elmetropolitano.com.gt\/es\/wp-content\/uploads\/2021\/11\/cintillo-arrin-cual-1-600x72.jpg 600w\" sizes=\"(max-width: 750px) 100vw, 750px\" width=\"750\" height=\"90\"   \/><\/a><\/div><\/div>\n\n\n\n<p>Adem\u00e1s, el presidente Ar\u00e9valo gir\u00f3 instrucciones al ministro de Gobernaci\u00f3n, Marco Antonio Villeda, \u201cpara que los responsables de este acto deleznable sean puestos ante la ley\u201d.<\/p>\n\n\n\n<p>En su publicaci\u00f3n, el Jefe del Ejecutivo agreg\u00f3 que su Gobierno est\u00e1 trabajando para disminuir los \u00edndices de criminalidad: \u201cReitero a las y los guatemaltecos que estamos movilizando todo tipo de recursos para frenar la violencia y responder con firmeza a estos hechos\u201d<\/p>\n","protected":false},"excerpt":{"rendered":"<p>El presidente Bernardo Ar\u00e9valo conden\u00f3 el asesinato del alcalde de Masagua, Nelson Marroqu\u00edn, ocurrido la noche de este s\u00e1bado 6 de diciembre durante un evento de desfile navide\u00f1o en la aldea Obero \u201cExpreso mi total repudio por el asesinato del alcalde de Masagua Nelson Luciano Marroqu\u00edn Marroqu\u00edn\u201d, escribi\u00f3 el Mandatario en su cuenta oficial de <a class=\"read-more\" href=\"https:\/\/elmetropolitano.com.gt\/es\/presidente-arevalo-condena-asesinato-de-alcalde-de-masagua-y-gira-instrucciones-para-capturar-a-responsables\/\">Leer m\u00e1s<\/a><\/p>\n","protected":false},"author":1,"featured_media":118153,"comment_status":"open","ping_status":"closed","sticky":false,"template":"","format":"standard","meta":{"footnotes":""},"categories":[1],"tags":[],"class_list":["post-118152","post","type-post","status-publish","format-standard","has-post-thumbnail","hentry","category-uncategorized"],"_links":{"self":[{"href":"https:\/\/elmetropolitano.com.gt\/es\/wp-json\/wp\/v2\/posts\/118152","targetHints":{"allow":["GET"]}}],"collection":[{"href":"https:\/\/elmetropolitano.com.gt\/es\/wp-json\/wp\/v2\/posts"}],"about":[{"href":"https:\/\/elmetropolitano.com.gt\/es\/wp-json\/wp\/v2\/types\/post"}],"author":[{"embeddable":true,"href":"https:\/\/elmetropolitano.com.gt\/es\/wp-json\/wp\/v2\/users\/1"}],"replies":[{"embeddable":true,"href":"https:\/\/elmetropolitano.com.gt\/es\/wp-json\/wp\/v2\/comments?post=118152"}],"version-history":[{"count":1,"href":"https:\/\/elmetropolitano.com.gt\/es\/wp-json\/wp\/v2\/posts\/118152\/revisions"}],"predecessor-version":[{"id":118154,"href":"https:\/\/elmetropolitano.com.gt\/es\/wp-json\/wp\/v2\/posts\/118152\/revisions\/118154"}],"wp:featuredmedia":[{"embeddable":true,"href":"https:\/\/elmetropolitano.com.gt\/es\/wp-json\/wp\/v2\/media\/118153"}],"wp:attachment":[{"href":"https:\/\/elmetropolitano.com.gt\/es\/wp-json\/wp\/v2\/media?parent=118152"}],"wp:term":[{"taxonomy":"category","embeddable":true,"href":"https:\/\/elmetropolitano.com.gt\/es\/wp-json\/wp\/v2\/categories?post=118152"},{"taxonomy":"post_tag","embeddable":true,"href":"https:\/\/elmetropolitano.com.gt\/es\/wp-json\/wp\/v2\/tags?post=118152"}],"curies":[{"name":"wp","href":"https:\/\/api.w.org\/{rel}","templated":true}]}}