{"id":118244,"date":"2025-12-09T11:59:50","date_gmt":"2025-12-09T17:59:50","guid":{"rendered":"https:\/\/elmetropolitano.com.gt\/es\/?p=118244"},"modified":"2025-12-09T11:59:52","modified_gmt":"2025-12-09T17:59:52","slug":"con-una-inversion-que-supera-los-q100-millones-grupo-andares-inaugura-oficialmente-la-primera-fase-de-andares-doce","status":"publish","type":"post","link":"https:\/\/elmetropolitano.com.gt\/es\/con-una-inversion-que-supera-los-q100-millones-grupo-andares-inaugura-oficialmente-la-primera-fase-de-andares-doce\/","title":{"rendered":"Con una inversi\u00f3n que supera los Q100 millones, Grupo Andares inaugura oficialmente la primera fase de Andares Doce"},"content":{"rendered":"\n<p>Grupo Andares, con el respaldo de 25 a\u00f1os de experiencia, invierte m\u00e1s de Q100 millones en el desarrollo de Andares Doce, un desarrollo residencial con \u00e1rea comercial ubicado en la Avenida Petapa y 43 calle de la zona 12. Este hito incluye la inauguraci\u00f3n de su primera torre de un complejo de tres edificios de apartamentos, la apertura de su nueva plaza de conveniencia y la colocaci\u00f3n de la primera piedra para iniciar la construcci\u00f3n de su segunda fase.<\/p>\n\n\n\n<p>Andares Doce presenta un concepto enfocado en la naturaleza, al contar con un \u00e1rea verde interna de m\u00e1s de 3,000 m\u00b2 y estar rodeado de 20 manzanas de vegetaci\u00f3n, una caracter\u00edstica distintiva en el sector.<\/p><div class=\"elmet-contenido\" id=\"elmet-2083045739\"><div class=\"elmet-adlabel\">Anuncios<\/div><div style=\"margin-top: 20px;margin-right: 20px;margin-bottom: 20px;margin-left: 20px;\" id=\"elmet-1001259028\"><a href=\"https:\/\/www.facebook.com\/arrincuanantigua\/\" aria-label=\"cintillo-arrin-cual\"><img loading=\"lazy\" decoding=\"async\" src=\"https:\/\/elmetropolitano.com.gt\/es\/wp-content\/uploads\/2021\/11\/cintillo-arrin-cual-1.jpg\" alt=\"\"  srcset=\"https:\/\/elmetropolitano.com.gt\/es\/wp-content\/uploads\/2021\/11\/cintillo-arrin-cual-1.jpg 750w, https:\/\/elmetropolitano.com.gt\/es\/wp-content\/uploads\/2021\/11\/cintillo-arrin-cual-1-300x36.jpg 300w, https:\/\/elmetropolitano.com.gt\/es\/wp-content\/uploads\/2021\/11\/cintillo-arrin-cual-1-600x72.jpg 600w\" sizes=\"(max-width: 750px) 100vw, 750px\" width=\"750\" height=\"90\"   \/><\/a><\/div><\/div>\n\n\n\n<p>Primera fase se inaugura con todas sus unidades vendidas<\/p>\n\n\n\n<p>La primera torre del proyecto, compuesta por 180 apartamentos, se inaugura oficialmente con el 100% de sus unidades vendidas.<\/p>\n\n\n\n<p>Andares Doce se distingue por su combinaci\u00f3n de caracter\u00edsticas, entre las que destacan una extensa \u00e1rea verde de m\u00e1s de 3,000 m\u00b2, un dise\u00f1o que ofrece privacidad con pocas unidades por nivel y la excelente calidad de sus acabados.<\/p>\n\n\n\n<p>Adicionalmente, su ubicaci\u00f3n estrat\u00e9gica a 500 metros de la Calzada Atanasio Tzul, conexi\u00f3n a Aguilar Batres y con acceso a v\u00edas alternas como la VAS, ha sido otro factor relevante para los residentes del proyecto.<\/p>\n\n\n\n<p>Una nueva plaza de conveniencia para la zona<\/p>\n\n\n\n<p>Esta etapa tambi\u00e9n da vida a una plaza comercial que se convierte en un punto de conveniencia y servicios para los residentes y el sector. Con 10 locales comerciales, acerca marcas como Tecniscan, Taco Bell, La Torre Express, Sarita, Isopan y The Kombi Station, para facilitar el d\u00eda a d\u00eda de los residentes y visitantes con opciones de gastronom\u00eda y servicios.<\/p>\n\n\n\n<p>El \u00e1rea comercial cuenta con horarios flexibles e inicialmente con55 espacios de parqueo exclusivos y sin costo para visitantes, con un acceso independiente al de los residentes para asegurar un tr\u00e1nsito ordenado.<\/p>\n\n\n\n<p>Inicia la segunda etapa del proyecto<\/p>\n\n\n\n<p>Adicionalmente a la inauguraci\u00f3n del proyecto, se realiz\u00f3 el acto simb\u00f3lico de colocaci\u00f3n de la primera piedra de la segunda torre. Esta fase, que se contempla entregar en el segundo trimestre de 2027, forma parte del proyecto total de Andares Doce, que se conformar\u00e1 por tres torres residenciales y aproximadamente 540 apartamentos.<\/p>\n\n\n\n<p>\u201cHoy es un d\u00eda de gran alegr\u00eda, ya que adem\u00e1s de inaugurar estos espacios, estamos dando vida a una comunidad. Andares Doce es la prueba de que se puede vivir en la ciudad rodeado de naturaleza y con comodidades al alcance de la mano. Con la apertura de nuestra plaza de conveniencia y el inicio de la fase 2, seguimos comprometidos con nuestra visi\u00f3n de crear proyectos que aporten valor y generen desarrollo econ\u00f3mico en los sectores donde operamos\u201d, expres\u00f3 Diana Zelaya, gerente general de Grupo Andares.<\/p>\n\n\n\n<p>Con la entrega de esta primera fase, Andares Doce se consolida como un proyecto clave para la transformaci\u00f3n de la zona 12, aportando infraestructura de calidad, los mejores precios de la zona, impulsando la econom\u00eda local con la generaci\u00f3n de m\u00e1s de 500 empleos directos e indirectos; y creando un nuevo punto de conveniencia para la comunidad. De esta manera, Grupo Andares reafirma su visi\u00f3n de construir proyectos que generan valor y bienestar.<\/p>\n\n\n\n<p><a href=\"https:\/\/www.facebook.com\/hashtag\/andaresdoce?__eep__=6&amp;__cft__[0]=AZXWpCvRqr9qqeCg2gya2p5ovRctoCzRlhAUFSA661oSZRF4uKUbhyeT2B5P-E96VK-WTUlic2XXVw2asmD2rNRO7fOO8QiyBxezOQgd5WAV1aIOkG4ZlvXCw8toQl0espIXbSMiltHljQsJ4x5u2W_CFgB40Ijh0OYI5Z_EUzJiMJ558zvFuqTi8DqI1ba_VR0&amp;__tn__=*NK-R\">#AndaresDoce<\/a><a href=\"https:\/\/www.facebook.com\/hashtag\/viviendapropia?__eep__=6&amp;__cft__[0]=AZXWpCvRqr9qqeCg2gya2p5ovRctoCzRlhAUFSA661oSZRF4uKUbhyeT2B5P-E96VK-WTUlic2XXVw2asmD2rNRO7fOO8QiyBxezOQgd5WAV1aIOkG4ZlvXCw8toQl0espIXbSMiltHljQsJ4x5u2W_CFgB40Ijh0OYI5Z_EUzJiMJ558zvFuqTi8DqI1ba_VR0&amp;__tn__=*NK-R\">#viviendapropia<\/a> <a href=\"https:\/\/www.facebook.com\/hashtag\/grupoandaresgt?__eep__=6&amp;__cft__[0]=AZXWpCvRqr9qqeCg2gya2p5ovRctoCzRlhAUFSA661oSZRF4uKUbhyeT2B5P-E96VK-WTUlic2XXVw2asmD2rNRO7fOO8QiyBxezOQgd5WAV1aIOkG4ZlvXCw8toQl0espIXbSMiltHljQsJ4x5u2W_CFgB40Ijh0OYI5Z_EUzJiMJ558zvFuqTi8DqI1ba_VR0&amp;__tn__=*NK-R\">#grupoandaresgt<\/a><a href=\"https:\/\/www.facebook.com\/hashtag\/metroredes?__eep__=6&amp;__cft__[0]=AZXWpCvRqr9qqeCg2gya2p5ovRctoCzRlhAUFSA661oSZRF4uKUbhyeT2B5P-E96VK-WTUlic2XXVw2asmD2rNRO7fOO8QiyBxezOQgd5WAV1aIOkG4ZlvXCw8toQl0espIXbSMiltHljQsJ4x5u2W_CFgB40Ijh0OYI5Z_EUzJiMJ558zvFuqTi8DqI1ba_VR0&amp;__tn__=*NK-R\">#metroredes<\/a><a href=\"https:\/\/www.facebook.com\/hashtag\/viviendaparatodos?__eep__=6&amp;__cft__[0]=AZXWpCvRqr9qqeCg2gya2p5ovRctoCzRlhAUFSA661oSZRF4uKUbhyeT2B5P-E96VK-WTUlic2XXVw2asmD2rNRO7fOO8QiyBxezOQgd5WAV1aIOkG4ZlvXCw8toQl0espIXbSMiltHljQsJ4x5u2W_CFgB40Ijh0OYI5Z_EUzJiMJ558zvFuqTi8DqI1ba_VR0&amp;__tn__=*NK-R\">#ViviendaParaTodos<\/a><\/p>\n\n\n\n<p><a href=\"http:\/\/www.elmetropolitano.com.gt\/?fbclid=IwZXh0bgNhZW0CMTAAYnJpZBExaThSMlUzTm4yMGo5S2x3Y3NydGMGYXBwX2lkEDIyMjAzOTE3ODgyMDA4OTIAAR6Tln1QYyCFBgLzYXlzI6OSxsJsV3xwj1_Jky9sNlGvoUof3qy53XAS53eqOg_aem_kJ_xt-jFGRSysRuA_WyTiw\" target=\"_blank\" rel=\"noreferrer noopener\">www.elmetropolitano.com.gt<\/a> <a href=\"https:\/\/l.facebook.com\/l.php?u=http%3A%2F%2Fwww.metroredes.com%2F%3Ffbclid%3DIwZXh0bgNhZW0CMTAAYnJpZBExaThSMlUzTm4yMGo5S2x3Y3NydGMGYXBwX2lkEDIyMjAzOTE3ODgyMDA4OTIAAR7zpBHQRZqE9jbKEyhaFStBYjEyJ9qa7u6B3Wjs7xuXGO3Mf3llhZbHhfYABQ_aem_-t1s1GJMtlOmuQVq96mqAw&amp;h=AT14KuKIYYDegV8IJcyDF-upqvyP3o5OjCO5CcA7d8_FlKPyZrSGnI-lrvFzXDFf9QfRD4-_sekFMzha872zOA-ULKfyRHo04Rwj_1A14F9_3_ra3t5aLuZTk1wcQDvqd6JEaQiFBVhvn7Fm4fs3JSfN8gAGGTLe&amp;__tn__=-UK-R&amp;c[0]=AT1_959Sh8zis7G5ypPTTOh4huWxP7u1rKoiQ1dgoXxcWZ2SBoxD4vvt2w-jVyVhC3jSvRaXL0XRgcNLFuRLBtvV5UT4YBs_7Y4LuiZqPmlHn15gJ6nBAW3nJClTvFAHbwBB25rC_4gKh6IHfi0zXnyi_TMXbKO8hs5G-PfgysDg78qU9VtLrwOoFgjsZ0ilT-XCYidTvhh4JXuhKbwzTeJCPQ\" target=\"_blank\" rel=\"noreferrer noopener\">www.metroredes.com<\/a><\/p>\n\n\n\n<figure class=\"wp-block-gallery has-nested-images columns-default is-cropped wp-block-gallery-1 is-layout-flex wp-block-gallery-is-layout-flex\">\n<figure class=\"wp-block-image size-large\"><img loading=\"lazy\" decoding=\"async\" width=\"1024\" height=\"732\" data-id=\"118247\" src=\"https:\/\/elmetropolitano.com.gt\/es\/wp-content\/uploads\/2025\/12\/596004353_1405003898292356_7720165741754143182_n-1024x732.jpg\" alt=\"\" class=\"wp-image-118247\" srcset=\"https:\/\/elmetropolitano.com.gt\/es\/wp-content\/uploads\/2025\/12\/596004353_1405003898292356_7720165741754143182_n-1024x732.jpg 1024w, https:\/\/elmetropolitano.com.gt\/es\/wp-content\/uploads\/2025\/12\/596004353_1405003898292356_7720165741754143182_n-300x214.jpg 300w, https:\/\/elmetropolitano.com.gt\/es\/wp-content\/uploads\/2025\/12\/596004353_1405003898292356_7720165741754143182_n-768x549.jpg 768w, https:\/\/elmetropolitano.com.gt\/es\/wp-content\/uploads\/2025\/12\/596004353_1405003898292356_7720165741754143182_n-1536x1097.jpg 1536w, https:\/\/elmetropolitano.com.gt\/es\/wp-content\/uploads\/2025\/12\/596004353_1405003898292356_7720165741754143182_n.jpg 2048w\" sizes=\"auto, (max-width: 1024px) 100vw, 1024px\" \/><\/figure>\n\n\n\n<figure class=\"wp-block-image size-large\"><img loading=\"lazy\" decoding=\"async\" width=\"1024\" height=\"640\" data-id=\"118248\" src=\"https:\/\/elmetropolitano.com.gt\/es\/wp-content\/uploads\/2025\/12\/596213003_1405003831625696_7568139572582261803_n-1024x640.jpg\" alt=\"\" class=\"wp-image-118248\" srcset=\"https:\/\/elmetropolitano.com.gt\/es\/wp-content\/uploads\/2025\/12\/596213003_1405003831625696_7568139572582261803_n-1024x640.jpg 1024w, https:\/\/elmetropolitano.com.gt\/es\/wp-content\/uploads\/2025\/12\/596213003_1405003831625696_7568139572582261803_n-300x188.jpg 300w, https:\/\/elmetropolitano.com.gt\/es\/wp-content\/uploads\/2025\/12\/596213003_1405003831625696_7568139572582261803_n-768x480.jpg 768w, https:\/\/elmetropolitano.com.gt\/es\/wp-content\/uploads\/2025\/12\/596213003_1405003831625696_7568139572582261803_n-1536x960.jpg 1536w, https:\/\/elmetropolitano.com.gt\/es\/wp-content\/uploads\/2025\/12\/596213003_1405003831625696_7568139572582261803_n.jpg 2048w\" sizes=\"auto, (max-width: 1024px) 100vw, 1024px\" \/><\/figure>\n\n\n\n<figure class=\"wp-block-image size-large\"><img loading=\"lazy\" decoding=\"async\" width=\"1024\" height=\"683\" data-id=\"118246\" src=\"https:\/\/elmetropolitano.com.gt\/es\/wp-content\/uploads\/2025\/12\/596393227_1405003858292360_5349157609896452311_n-1-1024x683.jpg\" alt=\"\" class=\"wp-image-118246\" srcset=\"https:\/\/elmetropolitano.com.gt\/es\/wp-content\/uploads\/2025\/12\/596393227_1405003858292360_5349157609896452311_n-1-1024x683.jpg 1024w, https:\/\/elmetropolitano.com.gt\/es\/wp-content\/uploads\/2025\/12\/596393227_1405003858292360_5349157609896452311_n-1-300x200.jpg 300w, https:\/\/elmetropolitano.com.gt\/es\/wp-content\/uploads\/2025\/12\/596393227_1405003858292360_5349157609896452311_n-1-768x512.jpg 768w, https:\/\/elmetropolitano.com.gt\/es\/wp-content\/uploads\/2025\/12\/596393227_1405003858292360_5349157609896452311_n-1-1536x1024.jpg 1536w, https:\/\/elmetropolitano.com.gt\/es\/wp-content\/uploads\/2025\/12\/596393227_1405003858292360_5349157609896452311_n-1.jpg 2048w\" sizes=\"auto, (max-width: 1024px) 100vw, 1024px\" \/><\/figure>\n\n\n\n<figure class=\"wp-block-image size-large\"><img loading=\"lazy\" decoding=\"async\" width=\"1024\" height=\"710\" data-id=\"118249\" src=\"https:\/\/elmetropolitano.com.gt\/es\/wp-content\/uploads\/2025\/12\/596928306_1405003828292363_2300572007514259597_n-1024x710.jpg\" alt=\"\" class=\"wp-image-118249\" srcset=\"https:\/\/elmetropolitano.com.gt\/es\/wp-content\/uploads\/2025\/12\/596928306_1405003828292363_2300572007514259597_n-1024x710.jpg 1024w, https:\/\/elmetropolitano.com.gt\/es\/wp-content\/uploads\/2025\/12\/596928306_1405003828292363_2300572007514259597_n-300x208.jpg 300w, https:\/\/elmetropolitano.com.gt\/es\/wp-content\/uploads\/2025\/12\/596928306_1405003828292363_2300572007514259597_n-768x532.jpg 768w, https:\/\/elmetropolitano.com.gt\/es\/wp-content\/uploads\/2025\/12\/596928306_1405003828292363_2300572007514259597_n-1536x1064.jpg 1536w, https:\/\/elmetropolitano.com.gt\/es\/wp-content\/uploads\/2025\/12\/596928306_1405003828292363_2300572007514259597_n.jpg 2048w\" sizes=\"auto, (max-width: 1024px) 100vw, 1024px\" \/><\/figure>\n<\/figure>\n","protected":false},"excerpt":{"rendered":"<p>Grupo Andares, con el respaldo de 25 a\u00f1os de experiencia, invierte m\u00e1s de Q100 millones en el desarrollo de Andares Doce, un desarrollo residencial con \u00e1rea comercial ubicado en la Avenida Petapa y 43 calle de la zona 12. Este hito incluye la inauguraci\u00f3n de su primera torre de un complejo de tres edificios de <a class=\"read-more\" href=\"https:\/\/elmetropolitano.com.gt\/es\/con-una-inversion-que-supera-los-q100-millones-grupo-andares-inaugura-oficialmente-la-primera-fase-de-andares-doce\/\">Leer m\u00e1s<\/a><\/p>\n","protected":false},"author":1,"featured_media":118245,"comment_status":"open","ping_status":"closed","sticky":false,"template":"","format":"standard","meta":{"footnotes":""},"categories":[31],"tags":[32],"class_list":["post-118244","post","type-post","status-publish","format-standard","has-post-thumbnail","hentry","category-metroimpulso","tag-metroimpulso"],"_links":{"self":[{"href":"https:\/\/elmetropolitano.com.gt\/es\/wp-json\/wp\/v2\/posts\/118244","targetHints":{"allow":["GET"]}}],"collection":[{"href":"https:\/\/elmetropolitano.com.gt\/es\/wp-json\/wp\/v2\/posts"}],"about":[{"href":"https:\/\/elmetropolitano.com.gt\/es\/wp-json\/wp\/v2\/types\/post"}],"author":[{"embeddable":true,"href":"https:\/\/elmetropolitano.com.gt\/es\/wp-json\/wp\/v2\/users\/1"}],"replies":[{"embeddable":true,"href":"https:\/\/elmetropolitano.com.gt\/es\/wp-json\/wp\/v2\/comments?post=118244"}],"version-history":[{"count":1,"href":"https:\/\/elmetropolitano.com.gt\/es\/wp-json\/wp\/v2\/posts\/118244\/revisions"}],"predecessor-version":[{"id":118250,"href":"https:\/\/elmetropolitano.com.gt\/es\/wp-json\/wp\/v2\/posts\/118244\/revisions\/118250"}],"wp:featuredmedia":[{"embeddable":true,"href":"https:\/\/elmetropolitano.com.gt\/es\/wp-json\/wp\/v2\/media\/118245"}],"wp:attachment":[{"href":"https:\/\/elmetropolitano.com.gt\/es\/wp-json\/wp\/v2\/media?parent=118244"}],"wp:term":[{"taxonomy":"category","embeddable":true,"href":"https:\/\/elmetropolitano.com.gt\/es\/wp-json\/wp\/v2\/categories?post=118244"},{"taxonomy":"post_tag","embeddable":true,"href":"https:\/\/elmetropolitano.com.gt\/es\/wp-json\/wp\/v2\/tags?post=118244"}],"curies":[{"name":"wp","href":"https:\/\/api.w.org\/{rel}","templated":true}]}}