{"id":118375,"date":"2025-12-11T13:26:52","date_gmt":"2025-12-11T19:26:52","guid":{"rendered":"https:\/\/elmetropolitano.com.gt\/es\/?p=118375"},"modified":"2025-12-11T13:26:54","modified_gmt":"2025-12-11T19:26:54","slug":"guatemala-y-estados-unidos-avanzan-en-la-lucha-contra-el-narcotrafico","status":"publish","type":"post","link":"https:\/\/elmetropolitano.com.gt\/es\/guatemala-y-estados-unidos-avanzan-en-la-lucha-contra-el-narcotrafico\/","title":{"rendered":"Guatemala y Estados Unidos avanzan en la lucha contra el narcotr\u00e1fico"},"content":{"rendered":"\n<p><a><\/a>El presidente Bernardo Ar\u00e9valo destac\u00f3 los esfuerzos que Guatemala ha hecho en la lucha contra el narcotr\u00e1fico y crimen organizado y resalt\u00f3 el apoyo del Gobierno de los Estados Unidos a al pa\u00eds.<\/p>\n\n\n\n<p>Durante La Ronda, en el municipio de San Jacinto, Chiquimula, el mandatario indic\u00f3 que \u201cGuatemala est\u00e1 combatiendo frontalmente al narcotr\u00e1fico. El Gobierno, las fuerzas de seguridad, protegen el territorio, a nuestra gente y nuestra integridad\u201d<\/p><div class=\"elmet-contenido\" id=\"elmet-3243872700\"><div class=\"elmet-adlabel\">Anuncios<\/div><div style=\"margin-top: 20px;margin-right: 20px;margin-bottom: 20px;margin-left: 20px;\" id=\"elmet-654978099\"><a href=\"https:\/\/www.facebook.com\/arrincuanantigua\/\" aria-label=\"cintillo-arrin-cual\"><img loading=\"lazy\" decoding=\"async\" src=\"https:\/\/elmetropolitano.com.gt\/es\/wp-content\/uploads\/2021\/11\/cintillo-arrin-cual-1.jpg\" alt=\"\"  srcset=\"https:\/\/elmetropolitano.com.gt\/es\/wp-content\/uploads\/2021\/11\/cintillo-arrin-cual-1.jpg 750w, https:\/\/elmetropolitano.com.gt\/es\/wp-content\/uploads\/2021\/11\/cintillo-arrin-cual-1-300x36.jpg 300w, https:\/\/elmetropolitano.com.gt\/es\/wp-content\/uploads\/2021\/11\/cintillo-arrin-cual-1-600x72.jpg 600w\" sizes=\"(max-width: 750px) 100vw, 750px\" width=\"750\" height=\"90\"   \/><\/a><\/div><\/div>\n\n\n\n<p>El Presidente dijo estas palabras al titular de la Administraci\u00f3n de Control de Drogas de Estados Unidos (DEA, por sus siglas en ingl\u00e9s), Terrance Cole, durante su visita a Guatemala.<\/p>\n\n\n\n<p>Extraditables<\/p>\n\n\n\n<p>Durante la reuni\u00f3n en el Palacio Nacional de la Cultura, se inform\u00f3 sobre los operativos de seguridad que desarrollan las fuerzas policiales en el pa\u00eds.<\/p>\n\n\n\n<p>Al respecto, el gobernante manifest\u00f3 que \u201cayer tuvimos la visita de la DEA. Su visita ha sido un s\u00edmbolo de que los gobiernos est\u00e1n plenamente coordinados para proteger a los pueblos. Ha sido una muestra de la absoluta cooperaci\u00f3n entre los pa\u00edses en el combate al narcotr\u00e1fico\u201d<\/p>\n\n\n\n<p>Tambi\u00e9n resalt\u00f3 que es una cooperaci\u00f3n que se expresa en la extradici\u00f3n de tres personas requeridas por Estados Unidos. Los extraditados son el colombiano V\u00edctor Hugo Moreno, alias Chispa, y los guatemaltecos Pedro \u00c1ngel Ortiz, alias Guerrillero, y Esdras Gamaliel Carbajal, alias Keka.<\/p>\n\n\n\n<p>Los logros<\/p>\n\n\n\n<p>Adem\u00e1s, el mandatario destac\u00f3 que a esto se suman los logros como la incautaci\u00f3n de 11 toneladas de productos il\u00edcitos en lo que va del a\u00f1o, y la incautaci\u00f3n de una tonelada de precursores de fentanilo.<\/p>\n\n\n\n<p>Acerca de ello el Presidente enfatiz\u00f3 que en el 2025 \u201cse ha duplicado el n\u00famero de extradiciones respecto a 2024, y se suma la importancia que el FBI haya desplazado una fuerza de tarea para trabajar con el Ministerio de Gobernaci\u00f3n\u201d<\/p>\n\n\n\n<p>Resalt\u00f3 que tambi\u00e9n se han fortalecido las operaciones con las fuerzas de seguridad en aire, mar y tierra y puntos fronterizos del pa\u00eds.<\/p>\n\n\n\n<p>Hemos hecho esfuerzos para combatir el narcotr\u00e1fico en todas sus dimensiones y las redes de toda el \u00e1rea, a\u00f1adi\u00f3.<\/p>\n\n\n\n<p>Asimismo, agradeci\u00f3 la colaboraci\u00f3n de Estados Unidos en diferentes operativos de seguridad.<\/p>\n\n\n\n<p>Texto: Brenda Larios<\/p>\n\n\n\n<p><a href=\"https:\/\/www.facebook.com\/hashtag\/narcotrafico?__eep__=6&amp;__cft__[0]=AZba-F4evS8liSckkN2mv--3t9C73xteEEOqGGcZBQPSh56pizok_SwLziT9LrQpOkzksFM4T_yPSS58auc6lP3ZfcBPSWX6YcS-ize0yUSC2QzMrV4dOPU1dop6f4sFfTGpnvvbyGstApIaYBAwTKo4wrghedKlKhQjLx2_Mtjv2_V_IsaXGCDZfOckCViyIvk&amp;__tn__=*NK-R\">#Narcotrafico<\/a><a href=\"https:\/\/www.facebook.com\/hashtag\/dea?__eep__=6&amp;__cft__[0]=AZba-F4evS8liSckkN2mv--3t9C73xteEEOqGGcZBQPSh56pizok_SwLziT9LrQpOkzksFM4T_yPSS58auc6lP3ZfcBPSWX6YcS-ize0yUSC2QzMrV4dOPU1dop6f4sFfTGpnvvbyGstApIaYBAwTKo4wrghedKlKhQjLx2_Mtjv2_V_IsaXGCDZfOckCViyIvk&amp;__tn__=*NK-R\">#DEA<\/a><\/p>\n","protected":false},"excerpt":{"rendered":"<p>El presidente Bernardo Ar\u00e9valo destac\u00f3 los esfuerzos que Guatemala ha hecho en la lucha contra el narcotr\u00e1fico y crimen organizado y resalt\u00f3 el apoyo del Gobierno de los Estados Unidos a al pa\u00eds. Durante La Ronda, en el municipio de San Jacinto, Chiquimula, el mandatario indic\u00f3 que \u201cGuatemala est\u00e1 combatiendo frontalmente al narcotr\u00e1fico. El Gobierno, <a class=\"read-more\" href=\"https:\/\/elmetropolitano.com.gt\/es\/guatemala-y-estados-unidos-avanzan-en-la-lucha-contra-el-narcotrafico\/\">Leer m\u00e1s<\/a><\/p>\n","protected":false},"author":1,"featured_media":118376,"comment_status":"open","ping_status":"closed","sticky":false,"template":"","format":"standard","meta":{"footnotes":""},"categories":[2],"tags":[12],"class_list":["post-118375","post","type-post","status-publish","format-standard","has-post-thumbnail","hentry","category-nacionales","tag-nacionales"],"_links":{"self":[{"href":"https:\/\/elmetropolitano.com.gt\/es\/wp-json\/wp\/v2\/posts\/118375","targetHints":{"allow":["GET"]}}],"collection":[{"href":"https:\/\/elmetropolitano.com.gt\/es\/wp-json\/wp\/v2\/posts"}],"about":[{"href":"https:\/\/elmetropolitano.com.gt\/es\/wp-json\/wp\/v2\/types\/post"}],"author":[{"embeddable":true,"href":"https:\/\/elmetropolitano.com.gt\/es\/wp-json\/wp\/v2\/users\/1"}],"replies":[{"embeddable":true,"href":"https:\/\/elmetropolitano.com.gt\/es\/wp-json\/wp\/v2\/comments?post=118375"}],"version-history":[{"count":1,"href":"https:\/\/elmetropolitano.com.gt\/es\/wp-json\/wp\/v2\/posts\/118375\/revisions"}],"predecessor-version":[{"id":118377,"href":"https:\/\/elmetropolitano.com.gt\/es\/wp-json\/wp\/v2\/posts\/118375\/revisions\/118377"}],"wp:featuredmedia":[{"embeddable":true,"href":"https:\/\/elmetropolitano.com.gt\/es\/wp-json\/wp\/v2\/media\/118376"}],"wp:attachment":[{"href":"https:\/\/elmetropolitano.com.gt\/es\/wp-json\/wp\/v2\/media?parent=118375"}],"wp:term":[{"taxonomy":"category","embeddable":true,"href":"https:\/\/elmetropolitano.com.gt\/es\/wp-json\/wp\/v2\/categories?post=118375"},{"taxonomy":"post_tag","embeddable":true,"href":"https:\/\/elmetropolitano.com.gt\/es\/wp-json\/wp\/v2\/tags?post=118375"}],"curies":[{"name":"wp","href":"https:\/\/api.w.org\/{rel}","templated":true}]}}