{"id":118471,"date":"2025-12-12T13:13:25","date_gmt":"2025-12-12T19:13:25","guid":{"rendered":"https:\/\/elmetropolitano.com.gt\/es\/?p=118471"},"modified":"2025-12-12T13:13:27","modified_gmt":"2025-12-12T19:13:27","slug":"alcalde-yener-plaza-gestiona-obras-para-el-municipio-de-san-lucas-sacatepequez","status":"publish","type":"post","link":"https:\/\/elmetropolitano.com.gt\/es\/alcalde-yener-plaza-gestiona-obras-para-el-municipio-de-san-lucas-sacatepequez\/","title":{"rendered":"Alcalde Yener Plaza gestiona obras para el municipio de San Lucas Sacatep\u00e9quez"},"content":{"rendered":"\n<p>San Lucas Sacatep\u00e9quez avanza en la consolidaci\u00f3n de obras prioritarias que responden a necesidades hist\u00f3ricas de la poblaci\u00f3n, fortaleciendo la salud p\u00fablica, la educaci\u00f3n y la movilidad vial del municipio. En el marco de la planificaci\u00f3n municipal y del trabajo articulado con instancias de desarrollo, se impulsan tres proyectos de alto impacto que marcan un paso firme hacia un crecimiento ordenado y sostenible.<\/p>\n\n\n\n<p>Uno de los proyectos m\u00e1s esperados por los vecinos es la Construcci\u00f3n del Sistema de Tratamiento de Aguas Residuales en Cant\u00f3n Chituc, zona 6, que permitir\u00e1 conducir adecuadamente las aguas servidas hacia una planta de tratamiento. Esta obra representa un avance significativo en la protecci\u00f3n de la salud p\u00fablica y del medio ambiente, contribuyendo a la reducci\u00f3n de la contaminaci\u00f3n y al cuidado de los recursos naturales del municipio.<\/p><div class=\"elmet-contenido\" id=\"elmet-3936542370\"><div class=\"elmet-adlabel\">Anuncios<\/div><div style=\"margin-top: 20px;margin-right: 20px;margin-bottom: 20px;margin-left: 20px;\" id=\"elmet-3919780387\"><a href=\"https:\/\/www.facebook.com\/arrincuanantigua\/\" aria-label=\"cintillo-arrin-cual\"><img loading=\"lazy\" decoding=\"async\" src=\"https:\/\/elmetropolitano.com.gt\/es\/wp-content\/uploads\/2021\/11\/cintillo-arrin-cual-1.jpg\" alt=\"\"  srcset=\"https:\/\/elmetropolitano.com.gt\/es\/wp-content\/uploads\/2021\/11\/cintillo-arrin-cual-1.jpg 750w, https:\/\/elmetropolitano.com.gt\/es\/wp-content\/uploads\/2021\/11\/cintillo-arrin-cual-1-300x36.jpg 300w, https:\/\/elmetropolitano.com.gt\/es\/wp-content\/uploads\/2021\/11\/cintillo-arrin-cual-1-600x72.jpg 600w\" sizes=\"(max-width: 750px) 100vw, 750px\" width=\"750\" height=\"90\"   \/><\/a><\/div><\/div>\n\n\n\n<p>En el \u00e1mbito educativo, se prioriza la Ampliaci\u00f3n de la Escuela Primaria de Aldea El Manzanillo, zona 6, una intervenci\u00f3n orientada a mejorar la infraestructura escolar y brindar espacios dignos y adecuados para la ni\u00f1ez y juventud. La obra busca fortalecer el proceso educativo, reconociendo que la inversi\u00f3n en educaci\u00f3n es fundamental para el desarrollo social y econ\u00f3mico de San Lucas Sacatep\u00e9quez.<\/p>\n\n\n\n<p>Asimismo, se ejecutar\u00e1 el Mejoramiento de la calle curva del sector Sacurun, v\u00eda alterna hacia Aldea Choacorral, zona 2, una intervenci\u00f3n clave en una ruta de alto tr\u00e1nsito. Este proyecto mejorar\u00e1 la movilidad y la seguridad vial, beneficiando directamente a vecinos y usuarios de esta importante v\u00eda alterna.<\/p>\n\n\n\n<p>Estas obras reflejan una planificaci\u00f3n responsable, el trabajo coordinado entre los distintos niveles de gobierno y el compromiso permanente con el desarrollo integral del municipio. San Lucas Sacatep\u00e9quez contin\u00faa avanzando con proyectos que responden a necesidades reales de la poblaci\u00f3n y que sientan bases s\u00f3lidas para un futuro m\u00e1s ordenado, seguro y sostenible.<\/p>\n\n\n\n<p>#YenerPlaza #MuniSanLucas #metroredes <a href=\"http:\/\/www.elmetropolitano.com.gt\">www.elmetropolitano.com.gt<\/a> <a href=\"http:\/\/www.metroredes.com\">www.metroredes.com<\/a><\/p>\n\n\n\n<figure class=\"wp-block-gallery has-nested-images columns-default is-cropped wp-block-gallery-1 is-layout-flex wp-block-gallery-is-layout-flex\">\n<figure class=\"wp-block-image size-large\"><img loading=\"lazy\" decoding=\"async\" width=\"1024\" height=\"768\" data-id=\"118477\" src=\"https:\/\/elmetropolitano.com.gt\/es\/wp-content\/uploads\/2025\/12\/9059b329-120a-4d55-aa79-e3710a9baeee-1-1024x768.jpg\" alt=\"\" class=\"wp-image-118477\" srcset=\"https:\/\/elmetropolitano.com.gt\/es\/wp-content\/uploads\/2025\/12\/9059b329-120a-4d55-aa79-e3710a9baeee-1-1024x768.jpg 1024w, https:\/\/elmetropolitano.com.gt\/es\/wp-content\/uploads\/2025\/12\/9059b329-120a-4d55-aa79-e3710a9baeee-1-300x225.jpg 300w, https:\/\/elmetropolitano.com.gt\/es\/wp-content\/uploads\/2025\/12\/9059b329-120a-4d55-aa79-e3710a9baeee-1-768x576.jpg 768w, https:\/\/elmetropolitano.com.gt\/es\/wp-content\/uploads\/2025\/12\/9059b329-120a-4d55-aa79-e3710a9baeee-1.jpg 1280w\" sizes=\"auto, (max-width: 1024px) 100vw, 1024px\" \/><\/figure>\n\n\n\n<figure class=\"wp-block-image size-large\"><img loading=\"lazy\" decoding=\"async\" width=\"1024\" height=\"768\" data-id=\"118476\" src=\"https:\/\/elmetropolitano.com.gt\/es\/wp-content\/uploads\/2025\/12\/c7104bb0-a35b-479f-a3dd-15c706591151-1024x768.jpg\" alt=\"\" class=\"wp-image-118476\" srcset=\"https:\/\/elmetropolitano.com.gt\/es\/wp-content\/uploads\/2025\/12\/c7104bb0-a35b-479f-a3dd-15c706591151-1024x768.jpg 1024w, https:\/\/elmetropolitano.com.gt\/es\/wp-content\/uploads\/2025\/12\/c7104bb0-a35b-479f-a3dd-15c706591151-300x225.jpg 300w, https:\/\/elmetropolitano.com.gt\/es\/wp-content\/uploads\/2025\/12\/c7104bb0-a35b-479f-a3dd-15c706591151-768x576.jpg 768w, https:\/\/elmetropolitano.com.gt\/es\/wp-content\/uploads\/2025\/12\/c7104bb0-a35b-479f-a3dd-15c706591151.jpg 1280w\" sizes=\"auto, (max-width: 1024px) 100vw, 1024px\" \/><\/figure>\n\n\n\n<figure class=\"wp-block-image size-large\"><img loading=\"lazy\" decoding=\"async\" width=\"979\" height=\"734\" data-id=\"118475\" src=\"https:\/\/elmetropolitano.com.gt\/es\/wp-content\/uploads\/2025\/12\/d852ad3e-f367-4bd3-9dc7-1f25b997ed6c.jpg\" alt=\"\" class=\"wp-image-118475\" srcset=\"https:\/\/elmetropolitano.com.gt\/es\/wp-content\/uploads\/2025\/12\/d852ad3e-f367-4bd3-9dc7-1f25b997ed6c.jpg 979w, https:\/\/elmetropolitano.com.gt\/es\/wp-content\/uploads\/2025\/12\/d852ad3e-f367-4bd3-9dc7-1f25b997ed6c-300x225.jpg 300w, https:\/\/elmetropolitano.com.gt\/es\/wp-content\/uploads\/2025\/12\/d852ad3e-f367-4bd3-9dc7-1f25b997ed6c-768x576.jpg 768w\" sizes=\"auto, (max-width: 979px) 100vw, 979px\" \/><\/figure>\n\n\n\n<figure class=\"wp-block-image size-large\"><img loading=\"lazy\" decoding=\"async\" width=\"1024\" height=\"768\" data-id=\"118474\" src=\"https:\/\/elmetropolitano.com.gt\/es\/wp-content\/uploads\/2025\/12\/d886ba0b-aaf6-424a-afa7-4104b3f34b53-1024x768.jpg\" alt=\"\" class=\"wp-image-118474\" srcset=\"https:\/\/elmetropolitano.com.gt\/es\/wp-content\/uploads\/2025\/12\/d886ba0b-aaf6-424a-afa7-4104b3f34b53-1024x768.jpg 1024w, https:\/\/elmetropolitano.com.gt\/es\/wp-content\/uploads\/2025\/12\/d886ba0b-aaf6-424a-afa7-4104b3f34b53-300x225.jpg 300w, https:\/\/elmetropolitano.com.gt\/es\/wp-content\/uploads\/2025\/12\/d886ba0b-aaf6-424a-afa7-4104b3f34b53-768x576.jpg 768w, https:\/\/elmetropolitano.com.gt\/es\/wp-content\/uploads\/2025\/12\/d886ba0b-aaf6-424a-afa7-4104b3f34b53.jpg 1280w\" sizes=\"auto, (max-width: 1024px) 100vw, 1024px\" \/><\/figure>\n\n\n\n<figure class=\"wp-block-image size-large\"><img loading=\"lazy\" decoding=\"async\" width=\"1024\" height=\"768\" data-id=\"118478\" src=\"https:\/\/elmetropolitano.com.gt\/es\/wp-content\/uploads\/2025\/12\/db161938-34a3-4bc3-9204-c175e29156dd-1024x768.jpg\" alt=\"\" class=\"wp-image-118478\" srcset=\"https:\/\/elmetropolitano.com.gt\/es\/wp-content\/uploads\/2025\/12\/db161938-34a3-4bc3-9204-c175e29156dd-1024x768.jpg 1024w, https:\/\/elmetropolitano.com.gt\/es\/wp-content\/uploads\/2025\/12\/db161938-34a3-4bc3-9204-c175e29156dd-300x225.jpg 300w, https:\/\/elmetropolitano.com.gt\/es\/wp-content\/uploads\/2025\/12\/db161938-34a3-4bc3-9204-c175e29156dd-768x576.jpg 768w, https:\/\/elmetropolitano.com.gt\/es\/wp-content\/uploads\/2025\/12\/db161938-34a3-4bc3-9204-c175e29156dd.jpg 1376w\" sizes=\"auto, (max-width: 1024px) 100vw, 1024px\" \/><\/figure>\n\n\n\n<figure class=\"wp-block-image size-large\"><img loading=\"lazy\" decoding=\"async\" width=\"954\" height=\"715\" data-id=\"118473\" src=\"https:\/\/elmetropolitano.com.gt\/es\/wp-content\/uploads\/2025\/12\/eb489910-99d1-4956-8966-6d42e36eded3.jpg\" alt=\"\" class=\"wp-image-118473\" srcset=\"https:\/\/elmetropolitano.com.gt\/es\/wp-content\/uploads\/2025\/12\/eb489910-99d1-4956-8966-6d42e36eded3.jpg 954w, https:\/\/elmetropolitano.com.gt\/es\/wp-content\/uploads\/2025\/12\/eb489910-99d1-4956-8966-6d42e36eded3-300x225.jpg 300w, https:\/\/elmetropolitano.com.gt\/es\/wp-content\/uploads\/2025\/12\/eb489910-99d1-4956-8966-6d42e36eded3-768x576.jpg 768w\" sizes=\"auto, (max-width: 954px) 100vw, 954px\" \/><\/figure>\n<\/figure>\n","protected":false},"excerpt":{"rendered":"<p>San Lucas Sacatep\u00e9quez avanza en la consolidaci\u00f3n de obras prioritarias que responden a necesidades hist\u00f3ricas de la poblaci\u00f3n, fortaleciendo la salud p\u00fablica, la educaci\u00f3n y la movilidad vial del municipio. En el marco de la planificaci\u00f3n municipal y del trabajo articulado con instancias de desarrollo, se impulsan tres proyectos de alto impacto que marcan un <a class=\"read-more\" href=\"https:\/\/elmetropolitano.com.gt\/es\/alcalde-yener-plaza-gestiona-obras-para-el-municipio-de-san-lucas-sacatepequez\/\">Leer m\u00e1s<\/a><\/p>\n","protected":false},"author":1,"featured_media":118472,"comment_status":"open","ping_status":"closed","sticky":false,"template":"","format":"standard","meta":{"footnotes":""},"categories":[3],"tags":[10],"class_list":["post-118471","post","type-post","status-publish","format-standard","has-post-thumbnail","hentry","category-locales","tag-locales"],"_links":{"self":[{"href":"https:\/\/elmetropolitano.com.gt\/es\/wp-json\/wp\/v2\/posts\/118471","targetHints":{"allow":["GET"]}}],"collection":[{"href":"https:\/\/elmetropolitano.com.gt\/es\/wp-json\/wp\/v2\/posts"}],"about":[{"href":"https:\/\/elmetropolitano.com.gt\/es\/wp-json\/wp\/v2\/types\/post"}],"author":[{"embeddable":true,"href":"https:\/\/elmetropolitano.com.gt\/es\/wp-json\/wp\/v2\/users\/1"}],"replies":[{"embeddable":true,"href":"https:\/\/elmetropolitano.com.gt\/es\/wp-json\/wp\/v2\/comments?post=118471"}],"version-history":[{"count":1,"href":"https:\/\/elmetropolitano.com.gt\/es\/wp-json\/wp\/v2\/posts\/118471\/revisions"}],"predecessor-version":[{"id":118479,"href":"https:\/\/elmetropolitano.com.gt\/es\/wp-json\/wp\/v2\/posts\/118471\/revisions\/118479"}],"wp:featuredmedia":[{"embeddable":true,"href":"https:\/\/elmetropolitano.com.gt\/es\/wp-json\/wp\/v2\/media\/118472"}],"wp:attachment":[{"href":"https:\/\/elmetropolitano.com.gt\/es\/wp-json\/wp\/v2\/media?parent=118471"}],"wp:term":[{"taxonomy":"category","embeddable":true,"href":"https:\/\/elmetropolitano.com.gt\/es\/wp-json\/wp\/v2\/categories?post=118471"},{"taxonomy":"post_tag","embeddable":true,"href":"https:\/\/elmetropolitano.com.gt\/es\/wp-json\/wp\/v2\/tags?post=118471"}],"curies":[{"name":"wp","href":"https:\/\/api.w.org\/{rel}","templated":true}]}}