{"id":118506,"date":"2025-12-13T10:22:58","date_gmt":"2025-12-13T16:22:58","guid":{"rendered":"https:\/\/elmetropolitano.com.gt\/es\/?p=118506"},"modified":"2025-12-13T10:23:06","modified_gmt":"2025-12-13T16:23:06","slug":"diputado-ronalth-ochaeta-fiscaliza-o-defiende-casos-particulares-que-no-es-funcion-de-la-fiscalizacion","status":"publish","type":"post","link":"https:\/\/elmetropolitano.com.gt\/es\/diputado-ronalth-ochaeta-fiscaliza-o-defiende-casos-particulares-que-no-es-funcion-de-la-fiscalizacion\/","title":{"rendered":"Diputado Ronalth Ochaeta fiscaliza o defiende casos particulares que no es funci\u00f3n de la fiscalizaci\u00f3n"},"content":{"rendered":"\n<p>En su labor de fiscalizaci\u00f3n el diputado Ronalth Iv\u00e1n Ochaeta Aguilar llev\u00f3 a cabo una reuni\u00f3n con autoridades del Instituto Guatemalteco de Seguridad Social para abordar el incumplimiento de un contrato de arrendamiento y el atraso en el pago de renta de un inmueble en Alta Verapaz.<\/p>\n\n\n\n<p>Este contrato, que data de 2023, est\u00e1 vigente por dos a\u00f1os, pero no se han emitido los pagos correspondientes.<\/p><div class=\"elmet-contenido\" id=\"elmet-1650939279\"><div class=\"elmet-adlabel\">Anuncios<\/div><div style=\"margin-top: 20px;margin-right: 20px;margin-bottom: 20px;margin-left: 20px;\" id=\"elmet-2230213339\"><a href=\"https:\/\/www.facebook.com\/arrincuanantigua\/\" aria-label=\"cintillo-arrin-cual\"><img loading=\"lazy\" decoding=\"async\" src=\"https:\/\/elmetropolitano.com.gt\/es\/wp-content\/uploads\/2021\/11\/cintillo-arrin-cual-1.jpg\" alt=\"\"  srcset=\"https:\/\/elmetropolitano.com.gt\/es\/wp-content\/uploads\/2021\/11\/cintillo-arrin-cual-1.jpg 750w, https:\/\/elmetropolitano.com.gt\/es\/wp-content\/uploads\/2021\/11\/cintillo-arrin-cual-1-300x36.jpg 300w, https:\/\/elmetropolitano.com.gt\/es\/wp-content\/uploads\/2021\/11\/cintillo-arrin-cual-1-600x72.jpg 600w\" sizes=\"(max-width: 750px) 100vw, 750px\" width=\"750\" height=\"90\"   \/><\/a><\/div><\/div>\n\n\n\n<p>En seguimiento al tema, el legislador anunci\u00f3 que el pr\u00f3ximo viernes se har\u00e1 una visita ocular en el inmueble, que actualmente funciona como bodega del Seguro Social. Esta acci\u00f3n busca acelerar la resoluci\u00f3n de la deuda de arrendamiento y asegurar que la entidad cumpla con sus obligaciones contractuales en la regi\u00f3n.<\/p>\n\n\n\n<p>La pregunta que se hace en el ambiente del Congreso de la Rep\u00fablica es, si defender los intereses del sector privado en este caso el pago de una renta es fiscalizar \u00bfA Qui\u00e9n est\u00e1 beneficiando el diputado? Se le pagan 66 mil mensuales para que legisle, no defienda los intereses de personas en particular.<\/p>\n\n\n\n<p><a href=\"https:\/\/www.facebook.com\/hashtag\/congresogt?__eep__=6&amp;__cft__[0]=AZa1QS92FDQlupFQ3nJ8Jd_cK83uPduDP5XdXP71UMJE4RT4WwwD3iq9_VleLEQ_dISSBWA7i-qObjhBLEiEoQIlpikHhVIYYphaEpd4zSnT25EV8GFqy3VrvAr7RUckgTaUepQ_Pgi3sne7RvFvtOBUTjr4aHRHzYlb6PyHIhqBzw&amp;__tn__=*NK-R\">#CongresoGT<\/a><a href=\"https:\/\/www.facebook.com\/hashtag\/igss?__eep__=6&amp;__cft__[0]=AZa1QS92FDQlupFQ3nJ8Jd_cK83uPduDP5XdXP71UMJE4RT4WwwD3iq9_VleLEQ_dISSBWA7i-qObjhBLEiEoQIlpikHhVIYYphaEpd4zSnT25EV8GFqy3VrvAr7RUckgTaUepQ_Pgi3sne7RvFvtOBUTjr4aHRHzYlb6PyHIhqBzw&amp;__tn__=*NK-R\">#IGSS<\/a><a href=\"https:\/\/www.facebook.com\/hashtag\/fiscalizaciongt?__eep__=6&amp;__cft__[0]=AZa1QS92FDQlupFQ3nJ8Jd_cK83uPduDP5XdXP71UMJE4RT4WwwD3iq9_VleLEQ_dISSBWA7i-qObjhBLEiEoQIlpikHhVIYYphaEpd4zSnT25EV8GFqy3VrvAr7RUckgTaUepQ_Pgi3sne7RvFvtOBUTjr4aHRHzYlb6PyHIhqBzw&amp;__tn__=*NK-R\">#fiscalizaciongt<\/a><a href=\"https:\/\/www.facebook.com\/hashtag\/altaverapaz?__eep__=6&amp;__cft__[0]=AZa1QS92FDQlupFQ3nJ8Jd_cK83uPduDP5XdXP71UMJE4RT4WwwD3iq9_VleLEQ_dISSBWA7i-qObjhBLEiEoQIlpikHhVIYYphaEpd4zSnT25EV8GFqy3VrvAr7RUckgTaUepQ_Pgi3sne7RvFvtOBUTjr4aHRHzYlb6PyHIhqBzw&amp;__tn__=*NK-R\">#Altaverapaz<\/a><\/p>\n\n\n\n<figure class=\"wp-block-gallery has-nested-images columns-default is-cropped wp-block-gallery-1 is-layout-flex wp-block-gallery-is-layout-flex\">\n<figure class=\"wp-block-image size-large\"><img loading=\"lazy\" decoding=\"async\" width=\"1024\" height=\"682\" data-id=\"118508\" src=\"https:\/\/elmetropolitano.com.gt\/es\/wp-content\/uploads\/2025\/12\/597878008_1408375037955242_2151378897389679819_n-1-1024x682.jpg\" alt=\"\" class=\"wp-image-118508\" srcset=\"https:\/\/elmetropolitano.com.gt\/es\/wp-content\/uploads\/2025\/12\/597878008_1408375037955242_2151378897389679819_n-1-1024x682.jpg 1024w, https:\/\/elmetropolitano.com.gt\/es\/wp-content\/uploads\/2025\/12\/597878008_1408375037955242_2151378897389679819_n-1-300x200.jpg 300w, https:\/\/elmetropolitano.com.gt\/es\/wp-content\/uploads\/2025\/12\/597878008_1408375037955242_2151378897389679819_n-1-768x511.jpg 768w, https:\/\/elmetropolitano.com.gt\/es\/wp-content\/uploads\/2025\/12\/597878008_1408375037955242_2151378897389679819_n-1.jpg 1500w\" sizes=\"auto, (max-width: 1024px) 100vw, 1024px\" \/><\/figure>\n\n\n\n<figure class=\"wp-block-image size-large\"><img loading=\"lazy\" decoding=\"async\" width=\"1024\" height=\"682\" data-id=\"118511\" src=\"https:\/\/elmetropolitano.com.gt\/es\/wp-content\/uploads\/2025\/12\/598797412_1408375044621908_6387196125764674249_n-1024x682.jpg\" alt=\"\" class=\"wp-image-118511\" srcset=\"https:\/\/elmetropolitano.com.gt\/es\/wp-content\/uploads\/2025\/12\/598797412_1408375044621908_6387196125764674249_n-1024x682.jpg 1024w, https:\/\/elmetropolitano.com.gt\/es\/wp-content\/uploads\/2025\/12\/598797412_1408375044621908_6387196125764674249_n-300x200.jpg 300w, https:\/\/elmetropolitano.com.gt\/es\/wp-content\/uploads\/2025\/12\/598797412_1408375044621908_6387196125764674249_n-768x511.jpg 768w, https:\/\/elmetropolitano.com.gt\/es\/wp-content\/uploads\/2025\/12\/598797412_1408375044621908_6387196125764674249_n.jpg 1500w\" sizes=\"auto, (max-width: 1024px) 100vw, 1024px\" \/><\/figure>\n\n\n\n<figure class=\"wp-block-image size-large\"><img loading=\"lazy\" decoding=\"async\" width=\"1024\" height=\"682\" data-id=\"118509\" src=\"https:\/\/elmetropolitano.com.gt\/es\/wp-content\/uploads\/2025\/12\/598803446_1408375011288578_6542862158525201613_n-1024x682.jpg\" alt=\"\" class=\"wp-image-118509\" srcset=\"https:\/\/elmetropolitano.com.gt\/es\/wp-content\/uploads\/2025\/12\/598803446_1408375011288578_6542862158525201613_n-1024x682.jpg 1024w, https:\/\/elmetropolitano.com.gt\/es\/wp-content\/uploads\/2025\/12\/598803446_1408375011288578_6542862158525201613_n-300x200.jpg 300w, https:\/\/elmetropolitano.com.gt\/es\/wp-content\/uploads\/2025\/12\/598803446_1408375011288578_6542862158525201613_n-768x511.jpg 768w, https:\/\/elmetropolitano.com.gt\/es\/wp-content\/uploads\/2025\/12\/598803446_1408375011288578_6542862158525201613_n.jpg 1500w\" sizes=\"auto, (max-width: 1024px) 100vw, 1024px\" \/><\/figure>\n\n\n\n<figure class=\"wp-block-image size-large\"><img loading=\"lazy\" decoding=\"async\" width=\"1024\" height=\"682\" data-id=\"118510\" src=\"https:\/\/elmetropolitano.com.gt\/es\/wp-content\/uploads\/2025\/12\/599945687_1408375007955245_1870163352765962980_n-1024x682.jpg\" alt=\"\" class=\"wp-image-118510\" srcset=\"https:\/\/elmetropolitano.com.gt\/es\/wp-content\/uploads\/2025\/12\/599945687_1408375007955245_1870163352765962980_n-1024x682.jpg 1024w, https:\/\/elmetropolitano.com.gt\/es\/wp-content\/uploads\/2025\/12\/599945687_1408375007955245_1870163352765962980_n-300x200.jpg 300w, https:\/\/elmetropolitano.com.gt\/es\/wp-content\/uploads\/2025\/12\/599945687_1408375007955245_1870163352765962980_n-768x511.jpg 768w, https:\/\/elmetropolitano.com.gt\/es\/wp-content\/uploads\/2025\/12\/599945687_1408375007955245_1870163352765962980_n.jpg 1500w\" sizes=\"auto, (max-width: 1024px) 100vw, 1024px\" \/><\/figure>\n<\/figure>\n","protected":false},"excerpt":{"rendered":"<p>En su labor de fiscalizaci\u00f3n el diputado Ronalth Iv\u00e1n Ochaeta Aguilar llev\u00f3 a cabo una reuni\u00f3n con autoridades del Instituto Guatemalteco de Seguridad Social para abordar el incumplimiento de un contrato de arrendamiento y el atraso en el pago de renta de un inmueble en Alta Verapaz. Este contrato, que data de 2023, est\u00e1 vigente <a class=\"read-more\" href=\"https:\/\/elmetropolitano.com.gt\/es\/diputado-ronalth-ochaeta-fiscaliza-o-defiende-casos-particulares-que-no-es-funcion-de-la-fiscalizacion\/\">Leer m\u00e1s<\/a><\/p>\n","protected":false},"author":1,"featured_media":118507,"comment_status":"open","ping_status":"closed","sticky":false,"template":"","format":"standard","meta":{"footnotes":""},"categories":[2],"tags":[12],"class_list":["post-118506","post","type-post","status-publish","format-standard","has-post-thumbnail","hentry","category-nacionales","tag-nacionales"],"_links":{"self":[{"href":"https:\/\/elmetropolitano.com.gt\/es\/wp-json\/wp\/v2\/posts\/118506","targetHints":{"allow":["GET"]}}],"collection":[{"href":"https:\/\/elmetropolitano.com.gt\/es\/wp-json\/wp\/v2\/posts"}],"about":[{"href":"https:\/\/elmetropolitano.com.gt\/es\/wp-json\/wp\/v2\/types\/post"}],"author":[{"embeddable":true,"href":"https:\/\/elmetropolitano.com.gt\/es\/wp-json\/wp\/v2\/users\/1"}],"replies":[{"embeddable":true,"href":"https:\/\/elmetropolitano.com.gt\/es\/wp-json\/wp\/v2\/comments?post=118506"}],"version-history":[{"count":1,"href":"https:\/\/elmetropolitano.com.gt\/es\/wp-json\/wp\/v2\/posts\/118506\/revisions"}],"predecessor-version":[{"id":118512,"href":"https:\/\/elmetropolitano.com.gt\/es\/wp-json\/wp\/v2\/posts\/118506\/revisions\/118512"}],"wp:featuredmedia":[{"embeddable":true,"href":"https:\/\/elmetropolitano.com.gt\/es\/wp-json\/wp\/v2\/media\/118507"}],"wp:attachment":[{"href":"https:\/\/elmetropolitano.com.gt\/es\/wp-json\/wp\/v2\/media?parent=118506"}],"wp:term":[{"taxonomy":"category","embeddable":true,"href":"https:\/\/elmetropolitano.com.gt\/es\/wp-json\/wp\/v2\/categories?post=118506"},{"taxonomy":"post_tag","embeddable":true,"href":"https:\/\/elmetropolitano.com.gt\/es\/wp-json\/wp\/v2\/tags?post=118506"}],"curies":[{"name":"wp","href":"https:\/\/api.w.org\/{rel}","templated":true}]}}