{"id":118748,"date":"2025-12-17T18:12:07","date_gmt":"2025-12-18T00:12:07","guid":{"rendered":"https:\/\/elmetropolitano.com.gt\/es\/?p=118748"},"modified":"2025-12-17T18:12:10","modified_gmt":"2025-12-18T00:12:10","slug":"se-acerca-nuevo-frente-frio-y-estas-son-las-recomendaciones-agropecuarias","status":"publish","type":"post","link":"https:\/\/elmetropolitano.com.gt\/es\/se-acerca-nuevo-frente-frio-y-estas-son-las-recomendaciones-agropecuarias\/","title":{"rendered":"Se acerca nuevo frente fr\u00edo y estas son las recomendaciones agropecuarias"},"content":{"rendered":"\n<p><a><\/a>Lluvias en el norte del pa\u00eds, descenso de temperaturas, vientos acelerados y riesgo de heladas en zonas altas, son las consecuencias de la aproximaci\u00f3n de un nuevo frente fr\u00edo, por lo cual el Ministerio de Agricultura, Ganader\u00eda y Alimentaci\u00f3n (MAGA), monitorea 12 departamentos y 125 municipios ante posibles afectaciones en la producci\u00f3n agr\u00edcola y pecuaria.<\/p>\n\n\n\n<p>De acuerdo con el an\u00e1lisis agrometeorol\u00f3gico elaborado por el Centro de Informaci\u00f3n Estrat\u00e9gica Agropecuaria (CIEA), con base en el pron\u00f3stico del Instituto Nacional de Sismolog\u00eda, Vulcanolog\u00eda, Meteorolog\u00eda e Hidrolog\u00eda (INSIVUMEH), se prev\u00e9n lluvias con mayor incidencia en el departamento de Izabal.<\/p><div class=\"elmet-contenido\" id=\"elmet-267088453\"><div class=\"elmet-adlabel\">Anuncios<\/div><div style=\"margin-top: 20px;margin-right: 20px;margin-bottom: 20px;margin-left: 20px;\" id=\"elmet-1833138411\"><a href=\"https:\/\/www.facebook.com\/arrincuanantigua\/\" aria-label=\"cintillo-arrin-cual\"><img loading=\"lazy\" decoding=\"async\" src=\"https:\/\/elmetropolitano.com.gt\/es\/wp-content\/uploads\/2021\/11\/cintillo-arrin-cual-1.jpg\" alt=\"\"  srcset=\"https:\/\/elmetropolitano.com.gt\/es\/wp-content\/uploads\/2021\/11\/cintillo-arrin-cual-1.jpg 750w, https:\/\/elmetropolitano.com.gt\/es\/wp-content\/uploads\/2021\/11\/cintillo-arrin-cual-1-300x36.jpg 300w, https:\/\/elmetropolitano.com.gt\/es\/wp-content\/uploads\/2021\/11\/cintillo-arrin-cual-1-600x72.jpg 600w\" sizes=\"(max-width: 750px) 100vw, 750px\" width=\"750\" height=\"90\"   \/><\/a><\/div><\/div>\n\n\n\n<p>Existe la probabilidad de heladas en el occidente y el altiplano central, as\u00ed como la presencia de vientos acelerados en distintas \u00e1reas del territorio nacional.<\/p>\n\n\n\n<p>Las condiciones de fr\u00edo m\u00e1s severas se registrar\u00edan San Marcos, Huehuetenango, Quich\u00e9, Quetzaltenango, Totonicap\u00e1n y Solol\u00e1, en donde la temperatura podr\u00eda descender por debajo de los cinco grados cent\u00edgrados. Ello afectar\u00eda cultivos de granos b\u00e1sicos, caf\u00e9, hortalizas y pastos.<\/p>\n\n\n\n<p>En Jutiapa y Santa Rosa, los vientos acelerados representan un factor de riesgo para plantaciones de caf\u00e9, pi\u00f1a, mel\u00f3n y \u00e1reas de pastoreo.<\/p>\n\n\n\n<p>Debido a dichas condiciones clim\u00e1ticas, el Viceministerio de Desarrollo Econ\u00f3mico Rural (VIDER) recomienda a los productores asegurar invernaderos, t\u00faneles y estructuras livianas, as\u00ed como implementar pr\u00e1cticas para conservar la humedad del suelo y aprovechar las lluvias ligeras para la recarga superficial.<\/p>\n\n\n\n<p>En tanto que, el Viceministerio de Sanidad Agropecuaria y Regulaciones (VISAR), enfatiza la importancia de reforzar el manejo del ganado y otras especies, especialmente cr\u00edas, para evitar afectaciones por bajas temperaturas.<\/p>\n\n\n\n<p>El MAGA, mantendr\u00e1 la vigilancia clim\u00e1tica durante la semana y continuar\u00e1 emitiendo recomendaciones t\u00e9cnicas oportunas, con el objetivo de proteger la producci\u00f3n agr\u00edcola y la sanidad animal frente a los efectos del frente fr\u00edo.<\/p>\n\n\n\n<p><a href=\"https:\/\/www.facebook.com\/hashtag\/maga?__eep__=6&amp;__cft__[0]=AZZOBo6vqU40eiPDbp-ZlBx7SpmU96ro6FdN02EKfxSzPkGfLhdQdA7pBS7RFwPfCwsNYAF5MhdeK90llHZM4tLSPh2zuBw_1hcKfnURBwx0LnPzmjLZKmSnnFd2pfViK4TH-zDEvicOraHqHsuv_0hupn06EkQaywMROMwVLPHn_dS1VEkmkf5e_qOJWYOYU48&amp;__tn__=*NK-R\">#MAGA<\/a><a href=\"https:\/\/www.facebook.com\/hashtag\/frentefrio?__eep__=6&amp;__cft__[0]=AZZOBo6vqU40eiPDbp-ZlBx7SpmU96ro6FdN02EKfxSzPkGfLhdQdA7pBS7RFwPfCwsNYAF5MhdeK90llHZM4tLSPh2zuBw_1hcKfnURBwx0LnPzmjLZKmSnnFd2pfViK4TH-zDEvicOraHqHsuv_0hupn06EkQaywMROMwVLPHn_dS1VEkmkf5e_qOJWYOYU48&amp;__tn__=*NK-R\">#FrenteFrio<\/a><a href=\"https:\/\/www.facebook.com\/hashtag\/insivumeh?__eep__=6&amp;__cft__[0]=AZZOBo6vqU40eiPDbp-ZlBx7SpmU96ro6FdN02EKfxSzPkGfLhdQdA7pBS7RFwPfCwsNYAF5MhdeK90llHZM4tLSPh2zuBw_1hcKfnURBwx0LnPzmjLZKmSnnFd2pfViK4TH-zDEvicOraHqHsuv_0hupn06EkQaywMROMwVLPHn_dS1VEkmkf5e_qOJWYOYU48&amp;__tn__=*NK-R\">#INSIVUMEH<\/a><\/p>\n\n\n\n<figure class=\"wp-block-gallery has-nested-images columns-default is-cropped wp-block-gallery-1 is-layout-flex wp-block-gallery-is-layout-flex\">\n<figure class=\"wp-block-image size-large\"><img loading=\"lazy\" decoding=\"async\" width=\"1024\" height=\"620\" data-id=\"118750\" src=\"https:\/\/elmetropolitano.com.gt\/es\/wp-content\/uploads\/2025\/12\/598920189_1411422827650463_7025329161023640986_n-1024x620.jpg\" alt=\"\" class=\"wp-image-118750\" srcset=\"https:\/\/elmetropolitano.com.gt\/es\/wp-content\/uploads\/2025\/12\/598920189_1411422827650463_7025329161023640986_n-1024x620.jpg 1024w, https:\/\/elmetropolitano.com.gt\/es\/wp-content\/uploads\/2025\/12\/598920189_1411422827650463_7025329161023640986_n-300x182.jpg 300w, https:\/\/elmetropolitano.com.gt\/es\/wp-content\/uploads\/2025\/12\/598920189_1411422827650463_7025329161023640986_n-768x465.jpg 768w, https:\/\/elmetropolitano.com.gt\/es\/wp-content\/uploads\/2025\/12\/598920189_1411422827650463_7025329161023640986_n.jpg 1152w\" sizes=\"auto, (max-width: 1024px) 100vw, 1024px\" \/><\/figure>\n\n\n\n<figure class=\"wp-block-image size-large\"><img loading=\"lazy\" decoding=\"async\" width=\"1024\" height=\"575\" data-id=\"118752\" src=\"https:\/\/elmetropolitano.com.gt\/es\/wp-content\/uploads\/2025\/12\/599814477_1411422857650460_4816516149398997488_n-1024x575.jpg\" alt=\"\" class=\"wp-image-118752\" srcset=\"https:\/\/elmetropolitano.com.gt\/es\/wp-content\/uploads\/2025\/12\/599814477_1411422857650460_4816516149398997488_n-1024x575.jpg 1024w, https:\/\/elmetropolitano.com.gt\/es\/wp-content\/uploads\/2025\/12\/599814477_1411422857650460_4816516149398997488_n-300x168.jpg 300w, https:\/\/elmetropolitano.com.gt\/es\/wp-content\/uploads\/2025\/12\/599814477_1411422857650460_4816516149398997488_n-768x431.jpg 768w, https:\/\/elmetropolitano.com.gt\/es\/wp-content\/uploads\/2025\/12\/599814477_1411422857650460_4816516149398997488_n.jpg 1152w\" sizes=\"auto, (max-width: 1024px) 100vw, 1024px\" \/><\/figure>\n\n\n\n<figure class=\"wp-block-image size-large\"><img loading=\"lazy\" decoding=\"async\" width=\"1024\" height=\"683\" data-id=\"118751\" src=\"https:\/\/elmetropolitano.com.gt\/es\/wp-content\/uploads\/2025\/12\/599942544_1411422824317130_4395805864136173755_n-1-1024x683.jpg\" alt=\"\" class=\"wp-image-118751\" srcset=\"https:\/\/elmetropolitano.com.gt\/es\/wp-content\/uploads\/2025\/12\/599942544_1411422824317130_4395805864136173755_n-1-1024x683.jpg 1024w, https:\/\/elmetropolitano.com.gt\/es\/wp-content\/uploads\/2025\/12\/599942544_1411422824317130_4395805864136173755_n-1-300x200.jpg 300w, https:\/\/elmetropolitano.com.gt\/es\/wp-content\/uploads\/2025\/12\/599942544_1411422824317130_4395805864136173755_n-1-768x512.jpg 768w, https:\/\/elmetropolitano.com.gt\/es\/wp-content\/uploads\/2025\/12\/599942544_1411422824317130_4395805864136173755_n-1.jpg 1200w\" sizes=\"auto, (max-width: 1024px) 100vw, 1024px\" \/><\/figure>\n<\/figure>\n","protected":false},"excerpt":{"rendered":"<p>Lluvias en el norte del pa\u00eds, descenso de temperaturas, vientos acelerados y riesgo de heladas en zonas altas, son las consecuencias de la aproximaci\u00f3n de un nuevo frente fr\u00edo, por lo cual el Ministerio de Agricultura, Ganader\u00eda y Alimentaci\u00f3n (MAGA), monitorea 12 departamentos y 125 municipios ante posibles afectaciones en la producci\u00f3n agr\u00edcola y pecuaria. <a class=\"read-more\" href=\"https:\/\/elmetropolitano.com.gt\/es\/se-acerca-nuevo-frente-frio-y-estas-son-las-recomendaciones-agropecuarias\/\">Leer m\u00e1s<\/a><\/p>\n","protected":false},"author":1,"featured_media":118749,"comment_status":"open","ping_status":"closed","sticky":false,"template":"","format":"standard","meta":{"footnotes":""},"categories":[2],"tags":[12],"class_list":["post-118748","post","type-post","status-publish","format-standard","has-post-thumbnail","hentry","category-nacionales","tag-nacionales"],"_links":{"self":[{"href":"https:\/\/elmetropolitano.com.gt\/es\/wp-json\/wp\/v2\/posts\/118748","targetHints":{"allow":["GET"]}}],"collection":[{"href":"https:\/\/elmetropolitano.com.gt\/es\/wp-json\/wp\/v2\/posts"}],"about":[{"href":"https:\/\/elmetropolitano.com.gt\/es\/wp-json\/wp\/v2\/types\/post"}],"author":[{"embeddable":true,"href":"https:\/\/elmetropolitano.com.gt\/es\/wp-json\/wp\/v2\/users\/1"}],"replies":[{"embeddable":true,"href":"https:\/\/elmetropolitano.com.gt\/es\/wp-json\/wp\/v2\/comments?post=118748"}],"version-history":[{"count":1,"href":"https:\/\/elmetropolitano.com.gt\/es\/wp-json\/wp\/v2\/posts\/118748\/revisions"}],"predecessor-version":[{"id":118753,"href":"https:\/\/elmetropolitano.com.gt\/es\/wp-json\/wp\/v2\/posts\/118748\/revisions\/118753"}],"wp:featuredmedia":[{"embeddable":true,"href":"https:\/\/elmetropolitano.com.gt\/es\/wp-json\/wp\/v2\/media\/118749"}],"wp:attachment":[{"href":"https:\/\/elmetropolitano.com.gt\/es\/wp-json\/wp\/v2\/media?parent=118748"}],"wp:term":[{"taxonomy":"category","embeddable":true,"href":"https:\/\/elmetropolitano.com.gt\/es\/wp-json\/wp\/v2\/categories?post=118748"},{"taxonomy":"post_tag","embeddable":true,"href":"https:\/\/elmetropolitano.com.gt\/es\/wp-json\/wp\/v2\/tags?post=118748"}],"curies":[{"name":"wp","href":"https:\/\/api.w.org\/{rel}","templated":true}]}}