{"id":118754,"date":"2025-12-17T18:13:43","date_gmt":"2025-12-18T00:13:43","guid":{"rendered":"https:\/\/elmetropolitano.com.gt\/es\/?p=118754"},"modified":"2025-12-17T18:13:45","modified_gmt":"2025-12-18T00:13:45","slug":"peligroso-terrorista-salvadoreno-localizado-en-hospital-de-chiquimula","status":"publish","type":"post","link":"https:\/\/elmetropolitano.com.gt\/es\/peligroso-terrorista-salvadoreno-localizado-en-hospital-de-chiquimula\/","title":{"rendered":"Peligroso terrorista salvadore\u00f1o localizado en hospital de Chiquimula"},"content":{"rendered":"\n<p><a><\/a>En el Hospital Modular de Chiquimula, investigadores de la DEIC localizaron y expulsaron al peligroso terrorista salvadore\u00f1o del barrio 18 Carlos Humberto Luna Minero, de 45 a\u00f1os, alias \u00abFidelina, Chino o Snay\u00bb quien es requerido por un juzgado de Santa Ana, El Salvador, acusado de agrupaciones il\u00edcitas, seg\u00fan orden de captura en su contra, fue entregado a la polic\u00eda del vecino pa\u00eds por la frontera Anguiatu, Concepci\u00f3n Las Minas, Chiquimula.<\/p>\n\n\n\n<p>El pandillero se encontraba internado en dicho centro asistencial desde el 31 de octubre de este a\u00f1o, ingreso herido de bala de la colonia 4 de febrero, zona 5 de Chiquimula, derivado de lo cual qued\u00f3 parapl\u00e9jico.<\/p><div class=\"elmet-contenido\" id=\"elmet-4199152452\"><div class=\"elmet-adlabel\">Anuncios<\/div><div style=\"margin-top: 20px;margin-right: 20px;margin-bottom: 20px;margin-left: 20px;\" id=\"elmet-2268489396\"><a href=\"https:\/\/www.facebook.com\/arrincuanantigua\/\" aria-label=\"cintillo-arrin-cual\"><img loading=\"lazy\" decoding=\"async\" src=\"https:\/\/elmetropolitano.com.gt\/es\/wp-content\/uploads\/2021\/11\/cintillo-arrin-cual-1.jpg\" alt=\"\"  srcset=\"https:\/\/elmetropolitano.com.gt\/es\/wp-content\/uploads\/2021\/11\/cintillo-arrin-cual-1.jpg 750w, https:\/\/elmetropolitano.com.gt\/es\/wp-content\/uploads\/2021\/11\/cintillo-arrin-cual-1-300x36.jpg 300w, https:\/\/elmetropolitano.com.gt\/es\/wp-content\/uploads\/2021\/11\/cintillo-arrin-cual-1-600x72.jpg 600w\" sizes=\"(max-width: 750px) 100vw, 750px\" width=\"750\" height=\"90\"   \/><\/a><\/div><\/div>\n\n\n\n<p>Van 90 salvadore\u00f1os localizados, 45 fueron expulsados y 45 capturados cumplen condena en el pa\u00eds.<\/p>\n\n\n\n<p><a href=\"https:\/\/www.facebook.com\/hashtag\/pncdeguatemala?__eep__=6&amp;__cft__[0]=AZb43xTN7Ws1yldmnL0gSdbi0OCppqSczH0jG1aXSQ72hAAQeDhDN1ofb7ksp4psCH3n9kt3ynolxW1HHILj0sfed00twoE1r_DKWbWzGa102AK2OIS09B7C5vczej6HadqDhzwy3gvda4y9Gd19Ym-UR7T_TDrYQyi3UuFzCrtmVokcDxHxI-8YqRnmjuuq0cI&amp;__tn__=*NK-R\">#PNCdeGuatemala<\/a><a href=\"https:\/\/www.facebook.com\/hashtag\/metroredes?__eep__=6&amp;__cft__[0]=AZb43xTN7Ws1yldmnL0gSdbi0OCppqSczH0jG1aXSQ72hAAQeDhDN1ofb7ksp4psCH3n9kt3ynolxW1HHILj0sfed00twoE1r_DKWbWzGa102AK2OIS09B7C5vczej6HadqDhzwy3gvda4y9Gd19Ym-UR7T_TDrYQyi3UuFzCrtmVokcDxHxI-8YqRnmjuuq0cI&amp;__tn__=*NK-R\">#metroredes<\/a> <a href=\"https:\/\/www.facebook.com\/hashtag\/seguridadcontransparencia?__eep__=6&amp;__cft__[0]=AZb43xTN7Ws1yldmnL0gSdbi0OCppqSczH0jG1aXSQ72hAAQeDhDN1ofb7ksp4psCH3n9kt3ynolxW1HHILj0sfed00twoE1r_DKWbWzGa102AK2OIS09B7C5vczej6HadqDhzwy3gvda4y9Gd19Ym-UR7T_TDrYQyi3UuFzCrtmVokcDxHxI-8YqRnmjuuq0cI&amp;__tn__=*NK-R\">#SeguridadConTransparencia<\/a> <a href=\"https:\/\/www.facebook.com\/hashtag\/protegeryservir?__eep__=6&amp;__cft__[0]=AZb43xTN7Ws1yldmnL0gSdbi0OCppqSczH0jG1aXSQ72hAAQeDhDN1ofb7ksp4psCH3n9kt3ynolxW1HHILj0sfed00twoE1r_DKWbWzGa102AK2OIS09B7C5vczej6HadqDhzwy3gvda4y9Gd19Ym-UR7T_TDrYQyi3UuFzCrtmVokcDxHxI-8YqRnmjuuq0cI&amp;__tn__=*NK-R\">#ProtegerYServir<\/a><\/p>\n\n\n\n<figure class=\"wp-block-gallery has-nested-images columns-default is-cropped wp-block-gallery-1 is-layout-flex wp-block-gallery-is-layout-flex\">\n<figure class=\"wp-block-image size-full\"><img loading=\"lazy\" decoding=\"async\" width=\"911\" height=\"576\" data-id=\"118756\" src=\"https:\/\/elmetropolitano.com.gt\/es\/wp-content\/uploads\/2025\/12\/598989251_1411439134315499_6169238853998866031_n.jpg\" alt=\"\" class=\"wp-image-118756\" srcset=\"https:\/\/elmetropolitano.com.gt\/es\/wp-content\/uploads\/2025\/12\/598989251_1411439134315499_6169238853998866031_n.jpg 911w, https:\/\/elmetropolitano.com.gt\/es\/wp-content\/uploads\/2025\/12\/598989251_1411439134315499_6169238853998866031_n-300x190.jpg 300w, https:\/\/elmetropolitano.com.gt\/es\/wp-content\/uploads\/2025\/12\/598989251_1411439134315499_6169238853998866031_n-768x486.jpg 768w\" sizes=\"auto, (max-width: 911px) 100vw, 911px\" \/><\/figure>\n\n\n\n<figure class=\"wp-block-image size-full\"><img loading=\"lazy\" decoding=\"async\" width=\"971\" height=\"576\" data-id=\"118759\" src=\"https:\/\/elmetropolitano.com.gt\/es\/wp-content\/uploads\/2025\/12\/599930292_1411439514315461_5604145247395443760_n-1.jpg\" alt=\"\" class=\"wp-image-118759\" srcset=\"https:\/\/elmetropolitano.com.gt\/es\/wp-content\/uploads\/2025\/12\/599930292_1411439514315461_5604145247395443760_n-1.jpg 971w, https:\/\/elmetropolitano.com.gt\/es\/wp-content\/uploads\/2025\/12\/599930292_1411439514315461_5604145247395443760_n-1-300x178.jpg 300w, https:\/\/elmetropolitano.com.gt\/es\/wp-content\/uploads\/2025\/12\/599930292_1411439514315461_5604145247395443760_n-1-768x456.jpg 768w\" sizes=\"auto, (max-width: 971px) 100vw, 971px\" \/><\/figure>\n\n\n\n<figure class=\"wp-block-image size-full\"><img loading=\"lazy\" decoding=\"async\" width=\"847\" height=\"656\" data-id=\"118757\" src=\"https:\/\/elmetropolitano.com.gt\/es\/wp-content\/uploads\/2025\/12\/600266106_1411439070982172_6646804306793655258_n.jpg\" alt=\"\" class=\"wp-image-118757\" srcset=\"https:\/\/elmetropolitano.com.gt\/es\/wp-content\/uploads\/2025\/12\/600266106_1411439070982172_6646804306793655258_n.jpg 847w, https:\/\/elmetropolitano.com.gt\/es\/wp-content\/uploads\/2025\/12\/600266106_1411439070982172_6646804306793655258_n-300x232.jpg 300w, https:\/\/elmetropolitano.com.gt\/es\/wp-content\/uploads\/2025\/12\/600266106_1411439070982172_6646804306793655258_n-768x595.jpg 768w\" sizes=\"auto, (max-width: 847px) 100vw, 847px\" \/><\/figure>\n\n\n\n<figure class=\"wp-block-image size-full\"><img loading=\"lazy\" decoding=\"async\" width=\"875\" height=\"563\" data-id=\"118758\" src=\"https:\/\/elmetropolitano.com.gt\/es\/wp-content\/uploads\/2025\/12\/600291521_1411439114315501_6079198024115319784_n.jpg\" alt=\"\" class=\"wp-image-118758\" srcset=\"https:\/\/elmetropolitano.com.gt\/es\/wp-content\/uploads\/2025\/12\/600291521_1411439114315501_6079198024115319784_n.jpg 875w, https:\/\/elmetropolitano.com.gt\/es\/wp-content\/uploads\/2025\/12\/600291521_1411439114315501_6079198024115319784_n-300x193.jpg 300w, https:\/\/elmetropolitano.com.gt\/es\/wp-content\/uploads\/2025\/12\/600291521_1411439114315501_6079198024115319784_n-768x494.jpg 768w\" sizes=\"auto, (max-width: 875px) 100vw, 875px\" \/><\/figure>\n<\/figure>\n","protected":false},"excerpt":{"rendered":"<p>En el Hospital Modular de Chiquimula, investigadores de la DEIC localizaron y expulsaron al peligroso terrorista salvadore\u00f1o del barrio 18 Carlos Humberto Luna Minero, de 45 a\u00f1os, alias \u00abFidelina, Chino o Snay\u00bb quien es requerido por un juzgado de Santa Ana, El Salvador, acusado de agrupaciones il\u00edcitas, seg\u00fan orden de captura en su contra, fue <a class=\"read-more\" href=\"https:\/\/elmetropolitano.com.gt\/es\/peligroso-terrorista-salvadoreno-localizado-en-hospital-de-chiquimula\/\">Leer m\u00e1s<\/a><\/p>\n","protected":false},"author":1,"featured_media":118755,"comment_status":"open","ping_status":"closed","sticky":false,"template":"","format":"standard","meta":{"footnotes":""},"categories":[2],"tags":[12],"class_list":["post-118754","post","type-post","status-publish","format-standard","has-post-thumbnail","hentry","category-nacionales","tag-nacionales"],"_links":{"self":[{"href":"https:\/\/elmetropolitano.com.gt\/es\/wp-json\/wp\/v2\/posts\/118754","targetHints":{"allow":["GET"]}}],"collection":[{"href":"https:\/\/elmetropolitano.com.gt\/es\/wp-json\/wp\/v2\/posts"}],"about":[{"href":"https:\/\/elmetropolitano.com.gt\/es\/wp-json\/wp\/v2\/types\/post"}],"author":[{"embeddable":true,"href":"https:\/\/elmetropolitano.com.gt\/es\/wp-json\/wp\/v2\/users\/1"}],"replies":[{"embeddable":true,"href":"https:\/\/elmetropolitano.com.gt\/es\/wp-json\/wp\/v2\/comments?post=118754"}],"version-history":[{"count":1,"href":"https:\/\/elmetropolitano.com.gt\/es\/wp-json\/wp\/v2\/posts\/118754\/revisions"}],"predecessor-version":[{"id":118760,"href":"https:\/\/elmetropolitano.com.gt\/es\/wp-json\/wp\/v2\/posts\/118754\/revisions\/118760"}],"wp:featuredmedia":[{"embeddable":true,"href":"https:\/\/elmetropolitano.com.gt\/es\/wp-json\/wp\/v2\/media\/118755"}],"wp:attachment":[{"href":"https:\/\/elmetropolitano.com.gt\/es\/wp-json\/wp\/v2\/media?parent=118754"}],"wp:term":[{"taxonomy":"category","embeddable":true,"href":"https:\/\/elmetropolitano.com.gt\/es\/wp-json\/wp\/v2\/categories?post=118754"},{"taxonomy":"post_tag","embeddable":true,"href":"https:\/\/elmetropolitano.com.gt\/es\/wp-json\/wp\/v2\/tags?post=118754"}],"curies":[{"name":"wp","href":"https:\/\/api.w.org\/{rel}","templated":true}]}}