{"id":118783,"date":"2025-12-17T18:28:12","date_gmt":"2025-12-18T00:28:12","guid":{"rendered":"https:\/\/elmetropolitano.com.gt\/es\/?p=118783"},"modified":"2025-12-17T18:28:14","modified_gmt":"2025-12-18T00:28:14","slug":"ministro-villeda-estamos-garantizando-la-paz-de-las-comunidades-en-solola","status":"publish","type":"post","link":"https:\/\/elmetropolitano.com.gt\/es\/ministro-villeda-estamos-garantizando-la-paz-de-las-comunidades-en-solola\/","title":{"rendered":"Ministro Villeda: \u00abEstamos garantizando la paz de las comunidades en Solol\u00e1\u00bb"},"content":{"rendered":"\n<p><a><\/a>Durante la ronda de este martes, el ministro de Gobernaci\u00f3n, Marco Antonio Villeda, detall\u00f3 las medidas implementadas por la cartera ante los recientes acontecimientos ocurridos en los municipios de Nahual\u00e1 y Santa Catarina Ixtahuac\u00e1n, en el departamento de Solol\u00e1.<\/p>\n\n\n\n<p>Seg\u00fan explic\u00f3 Villeda, el objetivo principal es restablecer el orden y garantizar la paz de las comunidades afectadas.<\/p><div class=\"elmet-contenido\" id=\"elmet-4162257174\"><div class=\"elmet-adlabel\">Anuncios<\/div><div style=\"margin-top: 20px;margin-right: 20px;margin-bottom: 20px;margin-left: 20px;\" id=\"elmet-2874224639\"><a href=\"https:\/\/www.facebook.com\/arrincuanantigua\/\" aria-label=\"cintillo-arrin-cual\"><img loading=\"lazy\" decoding=\"async\" src=\"https:\/\/elmetropolitano.com.gt\/es\/wp-content\/uploads\/2021\/11\/cintillo-arrin-cual-1.jpg\" alt=\"\"  srcset=\"https:\/\/elmetropolitano.com.gt\/es\/wp-content\/uploads\/2021\/11\/cintillo-arrin-cual-1.jpg 750w, https:\/\/elmetropolitano.com.gt\/es\/wp-content\/uploads\/2021\/11\/cintillo-arrin-cual-1-300x36.jpg 300w, https:\/\/elmetropolitano.com.gt\/es\/wp-content\/uploads\/2021\/11\/cintillo-arrin-cual-1-600x72.jpg 600w\" sizes=\"(max-width: 750px) 100vw, 750px\" width=\"750\" height=\"90\"   \/><\/a><\/div><\/div>\n\n\n\n<p>Villeda indic\u00f3 que como parte de la respuesta inmediata se envi\u00f3 un contingente aproximado de 360 agentes de la Polic\u00eda Nacional Civil (PNC) para reforzar la seguridad y mantener el control en ambos territorios.<\/p>\n\n\n\n<p>Al se\u00f1alar que la presencia policial busca prevenir nuevos hechos de violencia y proteger a la poblaci\u00f3n, el funcionario enfatiz\u00f3: Estamos garantizando la paz de las comunidades.<\/p>\n\n\n\n<p>Asimismo, explic\u00f3 que las fuerzas de seguridad trabajan en la ubicaci\u00f3n, b\u00fasqueda y captura de personas vinculadas a grupos de delincuencia organizada, varios de ellos con \u00f3rdenes de aprehensi\u00f3n vigentes emitidas por jueces competentes. Estas acciones se desarrollan de manera coordinada con otras instituciones del Estado.<\/p>\n\n\n\n<p>Antecedentes del conflicto y hechos recientes<\/p>\n\n\n\n<p>El ministro record\u00f3 que desde hace tiempo exist\u00eda un contingente policial apoyando las labores del Ej\u00e9rcito, lo cual hab\u00eda permitido mantener la calma en una zona marcada por un conflicto hist\u00f3rico entre comunidades. De hecho, se contabilizaban al menos 662 d\u00edas sin incidentes entre pobladores de ambos municipios.<\/p>\n\n\n\n<p>No obstante, el s\u00e1bado reciente se registr\u00f3 la toma de la subestaci\u00f3n policial de Nahual\u00e1, en la que agentes fueron retenidos temporalmente por pobladores que denunciaban la desaparici\u00f3n de cinco personas.<\/p>\n\n\n\n<p>Durante los recorridos que efectuaron la polic\u00eda y vecinos se localizaron inicialmente tres cuerpos sin vida y, posteriormente, otros tres m\u00e1s, sumando seis v\u00edctimas.<\/p>\n\n\n\n<p>Investigaci\u00f3n en curso y coordinaci\u00f3n interinstitucional<\/p>\n\n\n\n<p>Villeda lament\u00f3 que los pobladores no permitieran el traslado de los cuerpos al Instituto Nacional de Ciencias Forenses (Inacif), lo cual impidi\u00f3 establecer cient\u00edficamente la causa de las muertes.<\/p>\n\n\n\n<p>A pesar de ello, asegur\u00f3 que el Ministerio P\u00fablico contin\u00faa con las investigaciones y que se trabaja para obtener \u00f3rdenes de allanamiento y capturas.<\/p>\n\n\n\n<p>El titular de Gobernaci\u00f3n subray\u00f3 que el enfrentamiento no fue entre pobladores de Nahual\u00e1 y Santa Catarina Ixtahuac\u00e1n, sino un ataque directo contra el destacamento militar, con el objetivo de forzar su retiro del \u00e1rea y facilitar el traslado de il\u00edcitos.<\/p>\n\n\n\n<p>Y enfatiz\u00f3:<\/p>\n\n\n\n<p>Actualmente tenemos el control del lugar y seguimos garantizando la seguridad y la paz de las comunidades.<\/p>\n\n\n\n<p><a href=\"https:\/\/www.facebook.com\/hashtag\/solola?__eep__=6&amp;__cft__[0]=AZaVNjZzi1_nQ02JQTp8NOL8RCkO_fuRTkr0HtEidNzZuEN6YcQjgOpSGf208vitKlBUngSjsNauGcqcHyHu6bhOFf-r2uZ9o_6SS7u0ojpzXIalmxdw03I5aSG6QmwKakFAo630l-_43DC1r7bzx3p5&amp;__tn__=*NK-R\">#solola<\/a><a href=\"https:\/\/www.facebook.com\/hashtag\/nahuala?__eep__=6&amp;__cft__[0]=AZaVNjZzi1_nQ02JQTp8NOL8RCkO_fuRTkr0HtEidNzZuEN6YcQjgOpSGf208vitKlBUngSjsNauGcqcHyHu6bhOFf-r2uZ9o_6SS7u0ojpzXIalmxdw03I5aSG6QmwKakFAo630l-_43DC1r7bzx3p5&amp;__tn__=*NK-R\">#Nahuala<\/a><a href=\"https:\/\/www.facebook.com\/hashtag\/santacatarinaixtahuacan?__eep__=6&amp;__cft__[0]=AZaVNjZzi1_nQ02JQTp8NOL8RCkO_fuRTkr0HtEidNzZuEN6YcQjgOpSGf208vitKlBUngSjsNauGcqcHyHu6bhOFf-r2uZ9o_6SS7u0ojpzXIalmxdw03I5aSG6QmwKakFAo630l-_43DC1r7bzx3p5&amp;__tn__=*NK-R\">#SantaCatarinaIxtahuacan<\/a><\/p>\n","protected":false},"excerpt":{"rendered":"<p>Durante la ronda de este martes, el ministro de Gobernaci\u00f3n, Marco Antonio Villeda, detall\u00f3 las medidas implementadas por la cartera ante los recientes acontecimientos ocurridos en los municipios de Nahual\u00e1 y Santa Catarina Ixtahuac\u00e1n, en el departamento de Solol\u00e1. Seg\u00fan explic\u00f3 Villeda, el objetivo principal es restablecer el orden y garantizar la paz de las <a class=\"read-more\" href=\"https:\/\/elmetropolitano.com.gt\/es\/ministro-villeda-estamos-garantizando-la-paz-de-las-comunidades-en-solola\/\">Leer m\u00e1s<\/a><\/p>\n","protected":false},"author":1,"featured_media":118784,"comment_status":"open","ping_status":"closed","sticky":false,"template":"","format":"standard","meta":{"footnotes":""},"categories":[4],"tags":[13],"class_list":["post-118783","post","type-post","status-publish","format-standard","has-post-thumbnail","hentry","category-departamentales","tag-departamentales"],"_links":{"self":[{"href":"https:\/\/elmetropolitano.com.gt\/es\/wp-json\/wp\/v2\/posts\/118783","targetHints":{"allow":["GET"]}}],"collection":[{"href":"https:\/\/elmetropolitano.com.gt\/es\/wp-json\/wp\/v2\/posts"}],"about":[{"href":"https:\/\/elmetropolitano.com.gt\/es\/wp-json\/wp\/v2\/types\/post"}],"author":[{"embeddable":true,"href":"https:\/\/elmetropolitano.com.gt\/es\/wp-json\/wp\/v2\/users\/1"}],"replies":[{"embeddable":true,"href":"https:\/\/elmetropolitano.com.gt\/es\/wp-json\/wp\/v2\/comments?post=118783"}],"version-history":[{"count":1,"href":"https:\/\/elmetropolitano.com.gt\/es\/wp-json\/wp\/v2\/posts\/118783\/revisions"}],"predecessor-version":[{"id":118785,"href":"https:\/\/elmetropolitano.com.gt\/es\/wp-json\/wp\/v2\/posts\/118783\/revisions\/118785"}],"wp:featuredmedia":[{"embeddable":true,"href":"https:\/\/elmetropolitano.com.gt\/es\/wp-json\/wp\/v2\/media\/118784"}],"wp:attachment":[{"href":"https:\/\/elmetropolitano.com.gt\/es\/wp-json\/wp\/v2\/media?parent=118783"}],"wp:term":[{"taxonomy":"category","embeddable":true,"href":"https:\/\/elmetropolitano.com.gt\/es\/wp-json\/wp\/v2\/categories?post=118783"},{"taxonomy":"post_tag","embeddable":true,"href":"https:\/\/elmetropolitano.com.gt\/es\/wp-json\/wp\/v2\/tags?post=118783"}],"curies":[{"name":"wp","href":"https:\/\/api.w.org\/{rel}","templated":true}]}}