{"id":118848,"date":"2025-12-19T12:45:34","date_gmt":"2025-12-19T18:45:34","guid":{"rendered":"https:\/\/elmetropolitano.com.gt\/es\/?p=118848"},"modified":"2025-12-19T12:45:35","modified_gmt":"2025-12-19T18:45:35","slug":"salario-minimo-2026-presidente-arevalo-decreta-aumento-para-las-tres-actividades-economicas-en-todo-el-pais","status":"publish","type":"post","link":"https:\/\/elmetropolitano.com.gt\/es\/salario-minimo-2026-presidente-arevalo-decreta-aumento-para-las-tres-actividades-economicas-en-todo-el-pais\/","title":{"rendered":"Salario m\u00ednimo 2026: Presidente Ar\u00e9valo decreta aumento para las tres actividades econ\u00f3micas en todo el pa\u00eds"},"content":{"rendered":"\n<p><a><\/a>En un video en las redes sociales oficiales, el presidente Bernardo Ar\u00e9valo anunci\u00f3, junto a la ministra de Trabajo, Miriam Roquel, un aumento al salario m\u00ednimo para 2026 en las dos circunscripciones econ\u00f3micas, por lo que tendr\u00e1 validez para todo el pa\u00eds.<\/p>\n\n\n\n<p>Esta es la primera vez que se toma en cuenta un estudio del impacto que se tuvo con el aumento decretado el a\u00f1o anterior, que en este caso rigi\u00f3 para 2025, as\u00ed como las condiciones macroecon\u00f3micas del pa\u00eds.<\/p><div class=\"elmet-contenido\" id=\"elmet-3032941264\"><div class=\"elmet-adlabel\">Anuncios<\/div><div style=\"margin-top: 20px;margin-right: 20px;margin-bottom: 20px;margin-left: 20px;\" id=\"elmet-1368676454\"><a href=\"https:\/\/www.facebook.com\/arrincuanantigua\/\" aria-label=\"cintillo-arrin-cual\"><img loading=\"lazy\" decoding=\"async\" src=\"https:\/\/elmetropolitano.com.gt\/es\/wp-content\/uploads\/2021\/11\/cintillo-arrin-cual-1.jpg\" alt=\"\"  srcset=\"https:\/\/elmetropolitano.com.gt\/es\/wp-content\/uploads\/2021\/11\/cintillo-arrin-cual-1.jpg 750w, https:\/\/elmetropolitano.com.gt\/es\/wp-content\/uploads\/2021\/11\/cintillo-arrin-cual-1-300x36.jpg 300w, https:\/\/elmetropolitano.com.gt\/es\/wp-content\/uploads\/2021\/11\/cintillo-arrin-cual-1-600x72.jpg 600w\" sizes=\"(max-width: 750px) 100vw, 750px\" width=\"750\" height=\"90\"   \/><\/a><\/div><\/div>\n\n\n\n<p>De esa manera explic\u00f3 el Gobierno, a trav\u00e9s de un comunicado, la decisi\u00f3n responde a detalles t\u00e9cnicos que garanticen una mejor calidad de vida para los trabajadores, sin afectar la econom\u00eda del pa\u00eds.<\/p>\n\n\n\n<p>Cu\u00e1nto aumenta el salario<\/p>\n\n\n\n<p>m\u00ednimo para 2026<\/p>\n\n\n\n<p>Para ambas circunscripciones econ\u00f3micas, es decir para el departamento de Guatemala y todos los dem\u00e1s departamentos, el aumento queda de la siguiente manera:<\/p>\n\n\n\n<p>Actividad econ\u00f3mica agr\u00edcola: 5.5 %<\/p>\n\n\n\n<p>Actividad econ\u00f3mica no agr\u00edcola: 7.5 %<\/p>\n\n\n\n<p>Actividad econ\u00f3mica exportadora y de maquila: 4 %<\/p>\n\n\n\n<p>Cu\u00e1l es el salario m\u00ednimo para 2026<\/p>\n\n\n\n<p>Con estos aumentos, m\u00e1s la bonificaci\u00f3n incentivo, la nueva tabla del salario m\u00ednimo 2026 queda de la siguiente manera:<\/p>\n\n\n\n<p>Circunscripci\u00f3n econ\u00f3mica 1: departamento de Guatemala<\/p>\n\n\n\n<p>Actividad econ\u00f3mica agr\u00edcola: Q4,041.20<\/p>\n\n\n\n<p>Actividad econ\u00f3mica no agr\u00edcola: Q4,252.28<\/p>\n\n\n\n<p>Actividad econ\u00f3mica exportadora y de maquila: Q3,659.73<\/p>\n\n\n\n<p>Circunscripci\u00f3n econ\u00f3mica 2: todos los departamentos, excepto Guatemala<\/p>\n\n\n\n<p>Actividad econ\u00f3mica agr\u00edcola: Q3,875.89<\/p>\n\n\n\n<p>Actividad econ\u00f3mica no agr\u00edcola: Q4,066.90<\/p>\n\n\n\n<p>Actividad econ\u00f3mica exportadora y de maquila: Q3,471.10<\/p>\n\n\n\n<p>C\u00f3mo se decidi\u00f3 el nuevo salario m\u00ednimo para 2026<\/p>\n\n\n\n<p>En las declaraciones previas y en el comunicado oficial publicado este jueves 18 de diciembre, el Gobierno de Guatemala reconoci\u00f3 que el salario m\u00ednimo debe fijarse con base en par\u00e1metros t\u00e9cnicos.<\/p>\n\n\n\n<p>Es por ello que el presidente Ar\u00e9valo explic\u00f3 que, por primera vez, la decisi\u00f3n se hab\u00eda basado en la situaci\u00f3n econ\u00f3mica del pa\u00eds, usando indicadores macroecon\u00f3micos, as\u00ed como en el an\u00e1lisis de c\u00f3mo hab\u00eda afectado a la econom\u00eda nacional el aumento del 10 % decretado para 2025.<\/p>\n\n\n\n<p>Entre los indicadores econ\u00f3micos analizados se encuentra el aumento en el n\u00famero de cotizados al instituto Guatemalteco de Seguridad Social (IGSS), que refleja un aumento en el empleo formal, pues responde a las personas que fueron inscritas para ser atendidas por el seguro social.<\/p>\n\n\n\n<p>Esta cifra tuvo un crecimiento interanual de 4.7 % para 2025, lo que evidencia que el aumento decretado hace un a\u00f1o no provoc\u00f3 p\u00e9rdidas de empleo formal.<\/p>\n\n\n\n<p>Adem\u00e1s, se analiz\u00f3 el crecimiento econ\u00f3mico sostenido del pa\u00eds, que seg\u00fan el Banco de Guatemala ser\u00e1 de 4.1 % para 2025, incluso superior al 3.7 % del a\u00f1o anterior. Este crecimiento fue generalizado para todas las actividades econ\u00f3micas. Este crecimiento se situ\u00f3 por encima del de la regi\u00f3n, que seg\u00fan la Cepal fue de 2.4 % para Am\u00e9rica Latina y el Caribe.<\/p>\n\n\n\n<p>Tambi\u00e9n se hizo un an\u00e1lisis sobre la inflaci\u00f3n en Guatemala. Seg\u00fan los datos del Banco de Guatemala, la inflaci\u00f3n para 2025 cerrar\u00e1, seg\u00fan la proyecci\u00f3n, en 1.7 %, por lo que se sit\u00faa en el l\u00edmite inferior del rango meta. Es decir, el aumento al salario m\u00ednimo decretado el a\u00f1o pasado no provoc\u00f3 un aumento en la inflaci\u00f3n.<\/p>\n\n\n\n<p>De esa manera, los datos evidencian que el incremento realizado en 2025 tuvo efectos positivos, y se espera que tenga los mismos para 2026.<\/p>\n\n\n\n<p>Texto: Juan Manuel Vega<\/p>\n\n\n\n<p><a href=\"https:\/\/www.facebook.com\/hashtag\/salariominimo?__eep__=6&amp;__cft__[0]=AZbROEEMPp9GoTvCeW7l_smYYNTr8RxcppluWOAbyNVYojhySxrlhJSyMhhk0LUJvnB4rKJM7EBGYCjcZoiG9xl6M_WE7y_DlwhPbtZY6jhkWyHkFcSUclrMruCQJlBuTdPZL17BCe6AEtl5uNeHJXdwy-Qqor9xfsTdLGjExgAK2iCsHfEB2WSAUPPONQqkXT0&amp;__tn__=*NK-R\">#SalarioMinimo<\/a><a href=\"https:\/\/www.facebook.com\/hashtag\/metroredes?__eep__=6&amp;__cft__[0]=AZbROEEMPp9GoTvCeW7l_smYYNTr8RxcppluWOAbyNVYojhySxrlhJSyMhhk0LUJvnB4rKJM7EBGYCjcZoiG9xl6M_WE7y_DlwhPbtZY6jhkWyHkFcSUclrMruCQJlBuTdPZL17BCe6AEtl5uNeHJXdwy-Qqor9xfsTdLGjExgAK2iCsHfEB2WSAUPPONQqkXT0&amp;__tn__=*NK-R\">#metroredes<\/a><a href=\"https:\/\/www.facebook.com\/hashtag\/elfinancierogt?__eep__=6&amp;__cft__[0]=AZbROEEMPp9GoTvCeW7l_smYYNTr8RxcppluWOAbyNVYojhySxrlhJSyMhhk0LUJvnB4rKJM7EBGYCjcZoiG9xl6M_WE7y_DlwhPbtZY6jhkWyHkFcSUclrMruCQJlBuTdPZL17BCe6AEtl5uNeHJXdwy-Qqor9xfsTdLGjExgAK2iCsHfEB2WSAUPPONQqkXT0&amp;__tn__=*NK-R\">#elfinancierogt<\/a><\/p>\n\n\n\n<figure class=\"wp-block-gallery has-nested-images columns-default is-cropped wp-block-gallery-1 is-layout-flex wp-block-gallery-is-layout-flex\">\n<figure class=\"wp-block-image size-large\"><img loading=\"lazy\" decoding=\"async\" width=\"792\" height=\"1024\" data-id=\"118851\" src=\"https:\/\/elmetropolitano.com.gt\/es\/wp-content\/uploads\/2025\/12\/599930049_1412997977492948_5046924131662835912_n-792x1024.jpg\" alt=\"\" class=\"wp-image-118851\" srcset=\"https:\/\/elmetropolitano.com.gt\/es\/wp-content\/uploads\/2025\/12\/599930049_1412997977492948_5046924131662835912_n-792x1024.jpg 792w, https:\/\/elmetropolitano.com.gt\/es\/wp-content\/uploads\/2025\/12\/599930049_1412997977492948_5046924131662835912_n-232x300.jpg 232w, https:\/\/elmetropolitano.com.gt\/es\/wp-content\/uploads\/2025\/12\/599930049_1412997977492948_5046924131662835912_n-768x993.jpg 768w, https:\/\/elmetropolitano.com.gt\/es\/wp-content\/uploads\/2025\/12\/599930049_1412997977492948_5046924131662835912_n.jpg 1114w\" sizes=\"auto, (max-width: 792px) 100vw, 792px\" \/><\/figure>\n\n\n\n<figure class=\"wp-block-image size-large\"><img loading=\"lazy\" decoding=\"async\" width=\"1024\" height=\"512\" data-id=\"118850\" src=\"https:\/\/elmetropolitano.com.gt\/es\/wp-content\/uploads\/2025\/12\/599949037_1412997970826282_8959601531486085661_n-1-1024x512.jpg\" alt=\"\" class=\"wp-image-118850\" srcset=\"https:\/\/elmetropolitano.com.gt\/es\/wp-content\/uploads\/2025\/12\/599949037_1412997970826282_8959601531486085661_n-1-1024x512.jpg 1024w, https:\/\/elmetropolitano.com.gt\/es\/wp-content\/uploads\/2025\/12\/599949037_1412997970826282_8959601531486085661_n-1-300x150.jpg 300w, https:\/\/elmetropolitano.com.gt\/es\/wp-content\/uploads\/2025\/12\/599949037_1412997970826282_8959601531486085661_n-1-768x384.jpg 768w, https:\/\/elmetropolitano.com.gt\/es\/wp-content\/uploads\/2025\/12\/599949037_1412997970826282_8959601531486085661_n-1.jpg 1140w\" sizes=\"auto, (max-width: 1024px) 100vw, 1024px\" \/><\/figure>\n<\/figure>\n","protected":false},"excerpt":{"rendered":"<p>En un video en las redes sociales oficiales, el presidente Bernardo Ar\u00e9valo anunci\u00f3, junto a la ministra de Trabajo, Miriam Roquel, un aumento al salario m\u00ednimo para 2026 en las dos circunscripciones econ\u00f3micas, por lo que tendr\u00e1 validez para todo el pa\u00eds. Esta es la primera vez que se toma en cuenta un estudio del <a class=\"read-more\" href=\"https:\/\/elmetropolitano.com.gt\/es\/salario-minimo-2026-presidente-arevalo-decreta-aumento-para-las-tres-actividades-economicas-en-todo-el-pais\/\">Leer m\u00e1s<\/a><\/p>\n","protected":false},"author":1,"featured_media":118849,"comment_status":"open","ping_status":"closed","sticky":false,"template":"","format":"standard","meta":{"footnotes":""},"categories":[21],"tags":[20],"class_list":["post-118848","post","type-post","status-publish","format-standard","has-post-thumbnail","hentry","category-economia","tag-economia"],"_links":{"self":[{"href":"https:\/\/elmetropolitano.com.gt\/es\/wp-json\/wp\/v2\/posts\/118848","targetHints":{"allow":["GET"]}}],"collection":[{"href":"https:\/\/elmetropolitano.com.gt\/es\/wp-json\/wp\/v2\/posts"}],"about":[{"href":"https:\/\/elmetropolitano.com.gt\/es\/wp-json\/wp\/v2\/types\/post"}],"author":[{"embeddable":true,"href":"https:\/\/elmetropolitano.com.gt\/es\/wp-json\/wp\/v2\/users\/1"}],"replies":[{"embeddable":true,"href":"https:\/\/elmetropolitano.com.gt\/es\/wp-json\/wp\/v2\/comments?post=118848"}],"version-history":[{"count":1,"href":"https:\/\/elmetropolitano.com.gt\/es\/wp-json\/wp\/v2\/posts\/118848\/revisions"}],"predecessor-version":[{"id":118852,"href":"https:\/\/elmetropolitano.com.gt\/es\/wp-json\/wp\/v2\/posts\/118848\/revisions\/118852"}],"wp:featuredmedia":[{"embeddable":true,"href":"https:\/\/elmetropolitano.com.gt\/es\/wp-json\/wp\/v2\/media\/118849"}],"wp:attachment":[{"href":"https:\/\/elmetropolitano.com.gt\/es\/wp-json\/wp\/v2\/media?parent=118848"}],"wp:term":[{"taxonomy":"category","embeddable":true,"href":"https:\/\/elmetropolitano.com.gt\/es\/wp-json\/wp\/v2\/categories?post=118848"},{"taxonomy":"post_tag","embeddable":true,"href":"https:\/\/elmetropolitano.com.gt\/es\/wp-json\/wp\/v2\/tags?post=118848"}],"curies":[{"name":"wp","href":"https:\/\/api.w.org\/{rel}","templated":true}]}}