{"id":118874,"date":"2025-12-19T14:23:04","date_gmt":"2025-12-19T20:23:04","guid":{"rendered":"https:\/\/elmetropolitano.com.gt\/es\/?p=118874"},"modified":"2025-12-19T14:23:05","modified_gmt":"2025-12-19T20:23:05","slug":"pnc-incauta-116-celulares-durante-requisa-en-centro-de-rehabilitacion-de-izabal","status":"publish","type":"post","link":"https:\/\/elmetropolitano.com.gt\/es\/pnc-incauta-116-celulares-durante-requisa-en-centro-de-rehabilitacion-de-izabal\/","title":{"rendered":"PNC incauta 116 celulares durante requisa en centro de rehabilitaci\u00f3n de Izabal"},"content":{"rendered":"\n<p>Con el objetivo de retomar el control en los centros carcelarios y prevenir la continuidad de actividades delictivas desde el interior de las prisiones, la Polic\u00eda Nacional Civil (PNC), en coordinaci\u00f3n con personal del Sistema Penitenciario, efectu\u00f3 este jueves una diligencia de requisa en el Centro de Rehabilitaci\u00f3n para hombres y mujeres del departamento de Izabal.<\/p>\n\n\n\n<p>La acci\u00f3n forma parte de una estrategia de seguridad impulsada por las autoridades para debilitar a las estructuras criminales que operan desde los centros de detenci\u00f3n, utilizando dispositivos de comunicaci\u00f3n y otros objetos prohibidos para coordinar delitos como extorsiones, amenazas y \u00f3rdenes de ejecuci\u00f3n criminal.<\/p><div class=\"elmet-contenido\" id=\"elmet-367832566\"><div class=\"elmet-adlabel\">Anuncios<\/div><div style=\"margin-top: 20px;margin-right: 20px;margin-bottom: 20px;margin-left: 20px;\" id=\"elmet-1025998511\"><a href=\"https:\/\/www.facebook.com\/arrincuanantigua\/\" aria-label=\"cintillo-arrin-cual\"><img loading=\"lazy\" decoding=\"async\" src=\"https:\/\/elmetropolitano.com.gt\/es\/wp-content\/uploads\/2021\/11\/cintillo-arrin-cual-1.jpg\" alt=\"\"  srcset=\"https:\/\/elmetropolitano.com.gt\/es\/wp-content\/uploads\/2021\/11\/cintillo-arrin-cual-1.jpg 750w, https:\/\/elmetropolitano.com.gt\/es\/wp-content\/uploads\/2021\/11\/cintillo-arrin-cual-1-300x36.jpg 300w, https:\/\/elmetropolitano.com.gt\/es\/wp-content\/uploads\/2021\/11\/cintillo-arrin-cual-1-600x72.jpg 600w\" sizes=\"(max-width: 750px) 100vw, 750px\" width=\"750\" height=\"90\"   \/><\/a><\/div><\/div>\n\n\n\n<p>Incautaci\u00f3n de objetos il\u00edcitos<\/p>\n\n\n\n<p>Durante el operativo las fuerzas de seguridad localizaron e incautaron un total de 116 tel\u00e9fonos celulares, los cuales presuntamente eran utilizados por personas privadas de libertad para mantener comunicaci\u00f3n con integrantes de estructuras criminales en el exterior.<\/p>\n\n\n\n<p>Adem\u00e1s, se decomisaron 20 aparatos de radio transmisi\u00f3n port\u00e1tiles, varios cargadores para tel\u00e9fonos m\u00f3viles, cableado artesanal, botellas con licor y objetos punzocortantes.<\/p>\n\n\n\n<p>Seg\u00fan informaci\u00f3n oficial, estos art\u00edculos representan un alto riesgo para la seguridad interna del centro carcelario y para la poblaci\u00f3n en general, ya que facilitan la planificaci\u00f3n y ejecuci\u00f3n de hechos delictivos desde el interior de las prisiones.<\/p>\n\n\n\n<p>Las autoridades indicaron que los tel\u00e9fonos celulares son uno de los principales medios que utilizan los reclusos para continuar delinquiendo, especialmente en casos de extorsi\u00f3n, en las que las llamadas y mensajes se dirigen a comerciantes, transportistas y ciudadanos en general.<\/p>\n\n\n\n<p>Asimismo, los radios transmisores permiten una comunicaci\u00f3n m\u00e1s amplia y coordinada, lo que incrementa el peligro de acciones criminales organizadas.<\/p>\n\n\n\n<p>La PNC explic\u00f3 que este tipo de requisas buscan debilitar el control que algunas estructuras criminales intentan mantener dentro de los centros penitenciarios, adem\u00e1s de fortalecer la gobernabilidad y disciplina en estos recintos.<\/p>\n\n\n\n<p>Operativos continuar\u00e1n<\/p>\n\n\n\n<p>De acuerdo con las autoridades, las diligencias de requisa continuar\u00e1n desarroll\u00e1ndose de manera permanente en diferentes c\u00e1rceles del pa\u00eds, como parte de un plan integral de seguridad.<\/p>\n\n\n\n<p>Estas acciones tienen como finalidad garantizar que los centros de detenci\u00f3n cumplan su funci\u00f3n de rehabilitaci\u00f3n y no se conviertan en centros de operaci\u00f3n criminal.<\/p>\n\n\n\n<p>Finalmente, la Polic\u00eda Nacional Civil reiter\u00f3 su compromiso de trabajar de manera coordinada con el Sistema Penitenciario para fortalecer la seguridad ciudadana y evitar que las estructuras criminales sigan operando desde el interior de las c\u00e1rceles del pa\u00eds.<\/p>\n\n\n\n<p>Texto Lincy Rodr\u00edguez<\/p>\n\n\n\n<p>#requisa #celulares #metroredes <a href=\"http:\/\/www.elmetropolitano.com.gt\">www.elmetropolitano.com.gt<\/a> <a href=\"http:\/\/www.metroredes.com\">www.metroredes.com<\/a><\/p>\n","protected":false},"excerpt":{"rendered":"<p>Con el objetivo de retomar el control en los centros carcelarios y prevenir la continuidad de actividades delictivas desde el interior de las prisiones, la Polic\u00eda Nacional Civil (PNC), en coordinaci\u00f3n con personal del Sistema Penitenciario, efectu\u00f3 este jueves una diligencia de requisa en el Centro de Rehabilitaci\u00f3n para hombres y mujeres del departamento de <a class=\"read-more\" href=\"https:\/\/elmetropolitano.com.gt\/es\/pnc-incauta-116-celulares-durante-requisa-en-centro-de-rehabilitacion-de-izabal\/\">Leer m\u00e1s<\/a><\/p>\n","protected":false},"author":1,"featured_media":118875,"comment_status":"open","ping_status":"closed","sticky":false,"template":"","format":"standard","meta":{"footnotes":""},"categories":[4],"tags":[13],"class_list":["post-118874","post","type-post","status-publish","format-standard","has-post-thumbnail","hentry","category-departamentales","tag-departamentales"],"_links":{"self":[{"href":"https:\/\/elmetropolitano.com.gt\/es\/wp-json\/wp\/v2\/posts\/118874","targetHints":{"allow":["GET"]}}],"collection":[{"href":"https:\/\/elmetropolitano.com.gt\/es\/wp-json\/wp\/v2\/posts"}],"about":[{"href":"https:\/\/elmetropolitano.com.gt\/es\/wp-json\/wp\/v2\/types\/post"}],"author":[{"embeddable":true,"href":"https:\/\/elmetropolitano.com.gt\/es\/wp-json\/wp\/v2\/users\/1"}],"replies":[{"embeddable":true,"href":"https:\/\/elmetropolitano.com.gt\/es\/wp-json\/wp\/v2\/comments?post=118874"}],"version-history":[{"count":1,"href":"https:\/\/elmetropolitano.com.gt\/es\/wp-json\/wp\/v2\/posts\/118874\/revisions"}],"predecessor-version":[{"id":118876,"href":"https:\/\/elmetropolitano.com.gt\/es\/wp-json\/wp\/v2\/posts\/118874\/revisions\/118876"}],"wp:featuredmedia":[{"embeddable":true,"href":"https:\/\/elmetropolitano.com.gt\/es\/wp-json\/wp\/v2\/media\/118875"}],"wp:attachment":[{"href":"https:\/\/elmetropolitano.com.gt\/es\/wp-json\/wp\/v2\/media?parent=118874"}],"wp:term":[{"taxonomy":"category","embeddable":true,"href":"https:\/\/elmetropolitano.com.gt\/es\/wp-json\/wp\/v2\/categories?post=118874"},{"taxonomy":"post_tag","embeddable":true,"href":"https:\/\/elmetropolitano.com.gt\/es\/wp-json\/wp\/v2\/tags?post=118874"}],"curies":[{"name":"wp","href":"https:\/\/api.w.org\/{rel}","templated":true}]}}