{"id":118976,"date":"2025-12-21T18:23:36","date_gmt":"2025-12-22T00:23:36","guid":{"rendered":"https:\/\/elmetropolitano.com.gt\/es\/?p=118976"},"modified":"2025-12-21T18:23:37","modified_gmt":"2025-12-22T00:23:37","slug":"el-rechazo-del-cacif-no-tiene-sentido-dice-diputado-luis-aguirre","status":"publish","type":"post","link":"https:\/\/elmetropolitano.com.gt\/es\/el-rechazo-del-cacif-no-tiene-sentido-dice-diputado-luis-aguirre\/","title":{"rendered":"El rechazo del CACIF no tiene sentido dice  diputado Luis Aguirre"},"content":{"rendered":"\n<p><a href=\"https:\/\/www.facebook.com\/hashtag\/asilodijo?__eep__=6&amp;__cft__[0]=AZbqzEZzIJsv612v0WuZBm94Tu-dOk92rMnvfmbq9nMDzZA6kfWeNsS-uCpBWjvrKRV_dhxv8I9zvE-bTBzNGGoBM9RxscAIzStPiil_SUpDt6K6kA26tr2X5ICrAejHmia91-bkbTbfzGDr8eJr-bP4dRgXRJMmQT2OBKn9A21X_pA64VeDWqalmrIQx6tXSjw&amp;__tn__=*NK-R\">#AsiLoDijo<\/a><\/p>\n\n\n\n<p>\u201cVi el comunicado de CACIF rechazando el incremento salarial\u2026 fue muy poco lo que se subi\u00f3\u2026 eso que se subi\u00f3 <a><\/a>se gasta en un desayuno para una persona en un d\u00eda y a los que se les subi\u00f3 les sirve para comer todo el mes\u2026\u201d<\/p><div class=\"elmet-contenido\" id=\"elmet-1167568142\"><div class=\"elmet-adlabel\">Anuncios<\/div><div style=\"margin-top: 20px;margin-right: 20px;margin-bottom: 20px;margin-left: 20px;\" id=\"elmet-3289490748\"><a href=\"https:\/\/www.facebook.com\/arrincuanantigua\/\" aria-label=\"cintillo-arrin-cual\"><img loading=\"lazy\" decoding=\"async\" src=\"https:\/\/elmetropolitano.com.gt\/es\/wp-content\/uploads\/2021\/11\/cintillo-arrin-cual-1.jpg\" alt=\"\"  srcset=\"https:\/\/elmetropolitano.com.gt\/es\/wp-content\/uploads\/2021\/11\/cintillo-arrin-cual-1.jpg 750w, https:\/\/elmetropolitano.com.gt\/es\/wp-content\/uploads\/2021\/11\/cintillo-arrin-cual-1-300x36.jpg 300w, https:\/\/elmetropolitano.com.gt\/es\/wp-content\/uploads\/2021\/11\/cintillo-arrin-cual-1-600x72.jpg 600w\" sizes=\"(max-width: 750px) 100vw, 750px\" width=\"750\" height=\"90\"   \/><\/a><\/div><\/div>\n\n\n\n<p>Luis Aguirre. Jefe bancada CABAL<\/p>\n","protected":false},"excerpt":{"rendered":"<p>#AsiLoDijo \u201cVi el comunicado de CACIF rechazando el incremento salarial\u2026 fue muy poco lo que se subi\u00f3\u2026 eso que se subi\u00f3 se gasta en un desayuno para una persona en un d\u00eda y a los que se les subi\u00f3 les sirve para comer todo el mes\u2026\u201d Luis Aguirre. Jefe bancada CABAL<\/p>\n","protected":false},"author":1,"featured_media":118977,"comment_status":"open","ping_status":"closed","sticky":false,"template":"","format":"standard","meta":{"footnotes":""},"categories":[117],"tags":[118],"class_list":["post-118976","post","type-post","status-publish","format-standard","has-post-thumbnail","hentry","category-asi-lo-dijo","tag-asi-lo-dijo"],"_links":{"self":[{"href":"https:\/\/elmetropolitano.com.gt\/es\/wp-json\/wp\/v2\/posts\/118976","targetHints":{"allow":["GET"]}}],"collection":[{"href":"https:\/\/elmetropolitano.com.gt\/es\/wp-json\/wp\/v2\/posts"}],"about":[{"href":"https:\/\/elmetropolitano.com.gt\/es\/wp-json\/wp\/v2\/types\/post"}],"author":[{"embeddable":true,"href":"https:\/\/elmetropolitano.com.gt\/es\/wp-json\/wp\/v2\/users\/1"}],"replies":[{"embeddable":true,"href":"https:\/\/elmetropolitano.com.gt\/es\/wp-json\/wp\/v2\/comments?post=118976"}],"version-history":[{"count":1,"href":"https:\/\/elmetropolitano.com.gt\/es\/wp-json\/wp\/v2\/posts\/118976\/revisions"}],"predecessor-version":[{"id":118978,"href":"https:\/\/elmetropolitano.com.gt\/es\/wp-json\/wp\/v2\/posts\/118976\/revisions\/118978"}],"wp:featuredmedia":[{"embeddable":true,"href":"https:\/\/elmetropolitano.com.gt\/es\/wp-json\/wp\/v2\/media\/118977"}],"wp:attachment":[{"href":"https:\/\/elmetropolitano.com.gt\/es\/wp-json\/wp\/v2\/media?parent=118976"}],"wp:term":[{"taxonomy":"category","embeddable":true,"href":"https:\/\/elmetropolitano.com.gt\/es\/wp-json\/wp\/v2\/categories?post=118976"},{"taxonomy":"post_tag","embeddable":true,"href":"https:\/\/elmetropolitano.com.gt\/es\/wp-json\/wp\/v2\/tags?post=118976"}],"curies":[{"name":"wp","href":"https:\/\/api.w.org\/{rel}","templated":true}]}}